{"id":311203,"date":"2021-01-03T14:47:46","date_gmt":"2021-01-03T13:47:46","guid":{"rendered":"https:\/\/www.pcnen.com\/portal\/?p=311203"},"modified":"2021-01-03T14:47:46","modified_gmt":"2021-01-03T13:47:46","slug":"patrijarhat-vs-politicarki","status":"publish","type":"post","link":"https:\/\/www.pcnen.com\/portal\/2021\/01\/03\/patrijarhat-vs-politicarki\/","title":{"rendered":"Patrijarhat vs politi\u010darki"},"content":{"rendered":"<p>Politika je sfera u kojoj dominiraju mu\u0161karci. Za takav zaklju\u010dak dovoljan je samo jedan pogled na skup\u0161tinske klupe. Iako \u017eene \u010dine polovinu stanovni\u0161tva Crne Gore, poslanica ima malo vi\u0161e od 20 odsto, a samo \u010detiri ministarke su dio nove Vlade od 15 \u010dlanova.<\/p>\n<p>Crna Gora nikada u istoriji nije imala premijerku, predsjednicu dr\u017eave, a\u00a0 predsjednicu Skup\u0161tine imala je samo jednu \u2013 Vesnu Perovi\u0107.<\/p>\n<div id=\"attachment_311205\" style=\"width: 353px\" class=\"wp-caption alignleft\"><img loading=\"lazy\" decoding=\"async\" aria-describedby=\"caption-attachment-311205\" class=\" wp-image-311205\" src=\"https:\/\/www.pcnen.com\/portal\/wp-content\/uploads\/2021\/01\/Branka-Bosnjak.jpg\" alt=\"\" width=\"343\" height=\"515\" \/><p id=\"caption-attachment-311205\" class=\"wp-caption-text\">Branka Bo\u0161njak, potpredsjednica Skup\u0161tine Crne Gore<\/p><\/div>\n<p>Ni na jednoj od najzna\u010dajnjih dr\u017eavnih funkcija nikada nije bila \u017eena.<\/p>\n<blockquote><p>\u201cPolitika se, u principu, vodi kao jedno prljavo zanimanje. Postoji stav da \u017eene ne \u017eele da se upuste u to\u201d, ka\u017ee potpredsjednica Skup\u0161tine Branka Bo\u0161njak. \u201cA politika je, u stvari, plemenito zanimanje ako ga radite na pravi na\u010din, jer zanemarujete li\u010dni interes u korist javnoga dobra. Ona je u su\u0161tini sve, od one \u0161irine trotoara, jer se i to rje\u0161ava politi\u010dki u lokalnim parlamentima, pa do dono\u0161enja porodi\u010dnog zakona, zakona o radu ili ne\u010deg tre\u0107eg. Va\u017eni su iskoraci koji su krenuli od tradicionalnoga crnogorskog dru\u0161tva gdje se politika uvijek smatrala mu\u0161kim zanimanjem\u201d, ka\u017ee Bo\u0161njak.<\/p><\/blockquote>\n<p>Sociolo\u0161kinja Milena Jeli\u0107-\u0160unti\u0107 obja\u0161njava da tek sa procesom modernizacije ovaj problem dolazi do izra\u017eaja jer je do tada polo\u017eaj \u017eena zavisio od patrijarhata.<\/p>\n<blockquote><p>\u201cNakon Drugog svjetskog rata, \u017eene masovno ulaze u sferu obrazovanja, \u0161to je od klju\u010dnog zna\u010daja\u00a0 za njihovo osvje\u0161\u0107ivanje i promjene kulturnih obrazaca, odnosno promjene patrijarhalno definisanih dru\u0161tvenih uloga. Tada dolazi do pove\u0107anog politi\u010dkog participiranja \u017eena, feministi\u010dkih pokreta, itd\u201d, ka\u017ee Jeli\u0107-\u0160unti\u0107.<\/p><\/blockquote>\n<p>\u010clanica Socijaldemokrata Marija Blagojevi\u0107 ka\u017ee da u Crnoj Gori jo\u0161 uvijek postoje o\u010dekivanja da se \u017eene i mu\u0161karci pona\u0161aju u skladu sa nametnutim rodnim ulogama. Ku\u0107ne poslove dominantno rade \u017eene, postoji o\u010dekivanje da se \u017eene odreknu nasljedstva u korist mu\u0161kih srodnika, a samo 7\u20139% ukupne crnogorske imovine upisano je na ime \u017eena.<\/p>\n<blockquote><p>\u201cJasno je da takav cjelokupni ambijent uti\u010de i na pojavu i broj \u017eena u politici, jer se i na nju gleda kao na mu\u0161ki posao\u201d, ka\u017ee Blagojevi\u0107.<\/p>\n<p>\u201dGlavna prepreka za pove\u0107anje broja \u017eena u politici je op\u0161teprihva\u0107eno pravilo da se politikom najbolje mo\u017ee baviti mu\u0161karac jer je on taj koji racionalno donosi odluke\u055a\u055a, obja\u0161njava sociolo\u0161kinja Jeli\u0107-\u0160unti\u0107.<\/p><\/blockquote>\n<p>Ona smatra da smo mi zemlja koja jo\u0161 uvijek ima u\u010dvr\u0161\u0107eni patrijarhalni sistem vrijednosti iz kojeg poti\u010du ta pravila i shvatanja. Podsje\u0107a na to da se za \u017eenu stereotipno vezuje\u00a0 emocionalnost, labilnost, lukavost, slabost, a za mu\u0161karce racionalanost, ambicioznost i mudrost.<\/p>\n<div id=\"attachment_311206\" style=\"width: 371px\" class=\"wp-caption alignright\"><img loading=\"lazy\" decoding=\"async\" aria-describedby=\"caption-attachment-311206\" class=\" wp-image-311206\" src=\"https:\/\/www.pcnen.com\/portal\/wp-content\/uploads\/2021\/01\/Slike-5-Milena-Jelic-Suntic.jpg\" alt=\"\" width=\"361\" height=\"545\" srcset=\"https:\/\/www.pcnen.com\/portal\/wp-content\/uploads\/2021\/01\/Slike-5-Milena-Jelic-Suntic.jpg 458w, https:\/\/www.pcnen.com\/portal\/wp-content\/uploads\/2021\/01\/Slike-5-Milena-Jelic-Suntic-199x300.jpg 199w\" sizes=\"(max-width: 361px) 100vw, 361px\" \/><p id=\"caption-attachment-311206\" class=\"wp-caption-text\">Milena Jeli\u0107-\u0160unti\u0107, profesorica sociologije<\/p><\/div>\n<blockquote><p>\u201cIma napretka, ali jo\u0161 uvijek zadr\u017eavamo brojne predrasude prema \u017eenama na pozicijama odlu\u010divanja. Politika je javna djelatnost u kojoj se mu\u0161karci i \u017eene procjenjuju prema stereotipima i upravo u toj oblasti najvi\u0161e se ogleda diskriminacija prema \u017eenama. Njima je mnogo te\u017ee u politici jer ako mu\u0161karac napravi krupnu gre\u0161ku, ona ostaje skoro neprimije\u0107ena, ali ako \u017eena u\u010dini \u010dak i najmanji propust, onda je to spekatakl, prozivaju je da je bolje da sjedi kod ku\u0107e, bude majka i sli\u010dno\u201c, ka\u017ee Jeli\u0107-\u0160unti\u0107.<\/p><\/blockquote>\n<p>Ona dodaje da je obi\u010dno vi\u0161e uvredljivih konotacija upu\u0107eno \u017eenama na polju reprodukcije, dok se njihov politi\u010dki anga\u017eman vezuje za izgled, na\u010din odijevanja, seksualnost, privatni \u017eivot.<\/p>\n<blockquote><p>\u201cKriterijumi za uspjeh \u017eena mnogo su ve\u0107i i zahtjevniji; stalno se upore\u0111uju sa mu\u0161karcima i te\u017ee dobijaju priznanje. Ako \u017eena uspije, onda joj se zamijera da nije dobra kao majka ili ne\u0161to sli\u010dno\u201c, ka\u017ee Jeli\u0107-\u0160unti\u0107<\/p><\/blockquote>\n<p>Odbornica URA-e u Skup\u0161tini Podgorice Milena Vukovi\u0107 Sekulovi\u0107 tako\u0111e smatra da je crnogorsko dru\u0161tvo i dalje duboko patrijarhalno, ali da je obrazovanje u\u010dinilo da se \u017eene sve vi\u0161e osna\u017euju i ulaze u dru\u0161tveni, javni i politi\u010dki \u017eivot.<\/p>\n<blockquote><p>\u201cNe samo da su prisutne, ve\u0107 i ostavljaju veoma jak utisak na politi\u010dkoj sceni. Dru\u0161tvene norme u Crnoj Gori jesu ograni\u010davaju\u0107e, ali ipak se stvari mijenjaju zbog odre\u0111enih zakonskih rje\u0161enja koja motivi\u0161u \u017eene u politici i zbog podizanja stepena svijesti. Prisustvo \u017eena oplemenjuje politiku kao djelatnost, ali i daje odre\u0111eni senzibilitet politi\u010dkoj sceni s obzirom na to da su one mnogo sklonije kompromisu i imaju izra\u017eenu komponentu saosje\u0107ajnosti i pomirljivosti, \u0161to je na\u0161em dru\u0161tvu prijeko potrebno\u201d, ka\u017ee Vukovi\u0107 Sekulovi\u0107.<\/p><\/blockquote>\n<div id=\"attachment_311208\" style=\"width: 410px\" class=\"wp-caption alignleft\"><img loading=\"lazy\" decoding=\"async\" aria-describedby=\"caption-attachment-311208\" class=\"size-full wp-image-311208\" src=\"https:\/\/www.pcnen.com\/portal\/wp-content\/uploads\/2021\/01\/Milena-Vukovic-Sekulovic.jpg\" alt=\"\" width=\"400\" height=\"544\" srcset=\"https:\/\/www.pcnen.com\/portal\/wp-content\/uploads\/2021\/01\/Milena-Vukovic-Sekulovic.jpg 400w, https:\/\/www.pcnen.com\/portal\/wp-content\/uploads\/2021\/01\/Milena-Vukovic-Sekulovic-221x300.jpg 221w\" sizes=\"(max-width: 400px) 100vw, 400px\" \/><p id=\"caption-attachment-311208\" class=\"wp-caption-text\">Milena Vukovi\u0107 Sekulovi\u0107, odbornica<\/p><\/div>\n<p>Ona \u010dvrsto vjeruje u to da \u0107e svake godine politi\u010dka scena biti bogatija za zna\u010dajan broj \u017eena, I to ne samo radi ispunjavanja zakonima predvi\u0111ene kvote, ve\u0107 zato \u0161to partije sve vi\u0161e prepoznaju vrijednost \u017eena u politici, a i one same shvataju koliko je va\u017eno da budu prisutne i da svojim primjerom \u201cdaju krila\u055a\u055a i drugima.<\/p>\n<blockquote><p>\u201cVa\u017eno je da se me\u0111usobno podr\u017eavaju jer se \u010desto zajedno moraju boriti protiv raznih predrasuda u na\u0161em dru\u0161tvu\u201d, ka\u017ee Vukovi\u0107 Sekulovi\u0107.<\/p><\/blockquote>\n<p>Jeli\u0107-\u0160unti\u0107 ka\u017ee da je jedna od predrasuda \u201cda \u017eena nema kapacitet da se nosi sa politi\u010dkim temama, jer sama politika u na\u0161im shvatanjima podrazumijeva mo\u0107, a ona je za nju nedosti\u017ena\u201d. \u201cTradicija i obi\u010daji pozicionirali su je na mjesto one koja slu\u0161a i dali joj ulogu majke, supruge i doma\u0107ice\u201d.<\/p>\n<p>Marija Blagojevi\u0107 poru\u010duje da je neophodno kreiranje politike koja \u0107e omogu\u0107iti da \u017eene i mu\u0161karci budu su\u0161tinski ravnopravni, razbijanje stereotipa kroz obrazovanje od najni\u017eeg nivoa, kako bi nove generacije bile oslobo\u0111ene diksriminatorskih pogleda i lo\u0161ih praksi iz obi\u010dajnog prava i tradicije.<\/p>\n<blockquote><p>\u201cZa sve to je potreban sinhronizovan, posve\u0107en rad svih dru\u0161tvenih aktera, politi\u010dkih subjekata, civilnog dru\u0161tva, akademske zajednice, medija i solidarnosti kao vrijednost bez koje se ne mo\u017ee graditi nijedno dru\u0161tvo\u201d, ka\u017ee Blagojevi\u0107.<\/p><\/blockquote>\n<p>Ona dodaje da \u017denska politi\u010dka mre\u017ea, koju \u010dine \u017eene iz 18 partija vlasti i opozicije, skupa djeluju radi pove\u0107anja broja \u017eena na mjestima odlu\u010divanja, unapre\u0111enju prava, polo\u017eaja i ravnopravnosti.<\/p>\n<p>Potpredsjenica Skup\u0161tine Bo\u0161njak misli da treba animirati \u0161to vi\u0161e \u017eena da budu uklju\u010dene i\u00a0 da se dr\u017ee zajedno, kao \u0161to \u010desto mu\u0161karci rade, jer \u0107e se tako izboriti za bolju budu\u0107nost. Ona ka\u017ee da se prave \u00a0iskoraci, pa \u0107e radna grupa za izradu novih zakona vezanih za izborno zakonodavstvo propisati ve\u0107i procenat \u017eena \u2013\u00a0 bi\u0107e propisano da na svakom tre\u0107em mjestu bude \u017eena, umjesto dosada\u0161njih \u010detiri. Prava struktura stanovni\u0161tva treba da se odra\u017eava na strukturu Skup\u0161tine, to bi bio ideal \u2013 zaklju\u010duje.<\/p>\n<p><strong>Petra MARKOVI\u0106<\/strong><\/p>\n","protected":false},"excerpt":{"rendered":"<p>Predrasude prema \u017eenama u Crnoj Gori i dalje su glavne prepreke za njihov ulazak u politiku. (Foto: \u017denska politi\u010dka mre\u017ea)<\/p>\n","protected":false},"author":1,"featured_media":0,"comment_status":"open","ping_status":"closed","sticky":false,"template":"","format":"standard","meta":{"_seopress_robots_primary_cat":"","_seopress_titles_title":"","_seopress_titles_desc":"","_seopress_robots_index":"","_et_pb_use_builder":"","_et_pb_old_content":"","_et_gb_content_width":"","inline_featured_image":false,"footnotes":""},"categories":[546,14],"tags":[],"class_list":["post-311203","post","type-post","status-publish","format-standard","hentry","category-feature","category-vijesti"],"_links":{"self":[{"href":"https:\/\/www.pcnen.com\/portal\/wp-json\/wp\/v2\/posts\/311203","targetHints":{"allow":["GET"]}}],"collection":[{"href":"https:\/\/www.pcnen.com\/portal\/wp-json\/wp\/v2\/posts"}],"about":[{"href":"https:\/\/www.pcnen.com\/portal\/wp-json\/wp\/v2\/types\/post"}],"author":[{"embeddable":true,"href":"https:\/\/www.pcnen.com\/portal\/wp-json\/wp\/v2\/users\/1"}],"replies":[{"embeddable":true,"href":"https:\/\/www.pcnen.com\/portal\/wp-json\/wp\/v2\/comments?post=311203"}],"version-history":[{"count":2,"href":"https:\/\/www.pcnen.com\/portal\/wp-json\/wp\/v2\/posts\/311203\/revisions"}],"predecessor-version":[{"id":311210,"href":"https:\/\/www.pcnen.com\/portal\/wp-json\/wp\/v2\/posts\/311203\/revisions\/311210"}],"wp:attachment":[{"href":"https:\/\/www.pcnen.com\/portal\/wp-json\/wp\/v2\/media?parent=311203"}],"wp:term":[{"taxonomy":"category","embeddable":true,"href":"https:\/\/www.pcnen.com\/portal\/wp-json\/wp\/v2\/categories?post=311203"},{"taxonomy":"post_tag","embeddable":true,"href":"https:\/\/www.pcnen.com\/portal\/wp-json\/wp\/v2\/tags?post=311203"}],"curies":[{"name":"wp","href":"https:\/\/api.w.org\/{rel}","templated":true}]}}