{"id":310067,"date":"2020-12-16T14:08:50","date_gmt":"2020-12-16T13:08:50","guid":{"rendered":"https:\/\/www.pcnen.com\/portal\/?p=310067"},"modified":"2020-12-16T14:08:50","modified_gmt":"2020-12-16T13:08:50","slug":"bratic-cetinjska-bogoslovija-ce-biti-dio-obrazovnog-sistema","status":"publish","type":"post","link":"https:\/\/www.pcnen.com\/portal\/2020\/12\/16\/bratic-cetinjska-bogoslovija-ce-biti-dio-obrazovnog-sistema\/","title":{"rendered":"Brati\u0107: Cetinjska Bogoslovija \u0107e biti dio obrazovnog sistema"},"content":{"rendered":"<p>Resor ministarke Vesne Brati\u0107, Ministarstvo prosvjete, nauke, kulture i sporta, aktivno \u0107e u\u010destvovati u integrisanju najstarije \u0161kole u Crnoj Gori, cetinjske Bogoslovije u obrazovni sistem Crne Gore, saop\u0161teno je nakon njenog sastanka sa sa rektorom Gojkom Perovi\u0107em, sve\u0161tenikom Mir\u010detom \u0160ljivan\u010daninom i predstavnicima ove \u0161kole.<\/p>\n<p>\u201dTime bi jedna od najstarijih obrazovnih ustanova u Crnoj Gori osnovana davne 1863. godine postala dio zvani\u010dnog obrazovnog sistema Crne Gore i bila uva\u017eena i pomognuta od strane dr\u017eavnih institucija\u201d, kazala je Brati\u0107.<\/p>\n<p>\u201cAko imamo u vidu da u Crnoj Gori vi\u0161e od osamdeset odsto gra\u0111ana jesu vjernici Srpske pravoslavne crkve u Crnoj Gori, vi\u0161e je nego logi\u010dno da se cetinjska Bogoslovija akredituje i ostvari sva zakonska prava i status koji joj pripada, a koji do sada nije imala\u201d, poru\u010dila je ona, prenosi RTCG.<\/p>\n<p>Rektor\u00a0 cetinjske Bogoslovije Gojko Perovi\u0107 izrazio je zadovoljstvo zbog spremnosti ministarke da u\u010destvuje u aktivnom dijalogu i radu na tome da ta \u0161kola postane dio zvani\u010dnog \u0161kolskog sistema Crne Gore.<\/p>\n<p>On je kazao da iz Bogoslovije ne tra\u017ee ni\u0161ta vi\u0161e od statusa koji ima islamska \u0161kola \u201cMedresa\u201d u Crnoj Gori kao i da Bogoslovija do sada nije imala nikakvu pomo\u0107 od strane dr\u017eavnih organa Crne Gore.<\/p>\n<p>\u201cMi \u0107emo u budu\u0107em periodu raditi na uskla\u0111ivanju na\u0161eg programa sa va\u017ee\u0107im \u0161kolskim programom kako bismo \u0161to lak\u0161e integrisali na\u0161u \u0161kolu u crnogorski obrazovni sistem\u201d, kazao je on.<\/p>\n<p>Predstavnici Ministarstva i Bogoslovije su iskazali spremnost da u budu\u0107nosti jo\u0161 \u010dvr\u0161\u0107e sara\u0111uju kako na prevazila\u017eenju ovog, kako su rekli, inicijalnog problema tako i na unapre\u0111enju svih mogu\u0107ih oblika saradnje.<\/p>\n","protected":false},"excerpt":{"rendered":"<p>Bogoslovija ne tra\u017ee ni\u0161ta vi\u0161e od statusa koji ima islamska \u0161kola \u201cMedresa\u201d u Crnoj Gori kao i da Bogoslovija do sada nije imala nikakvu pomo\u0107 od strane dr\u017eavnih organa Crne Gore<\/p>\n","protected":false},"author":1,"featured_media":304695,"comment_status":"open","ping_status":"closed","sticky":false,"template":"","format":"standard","meta":{"_seopress_robots_primary_cat":"","_seopress_titles_title":"","_seopress_titles_desc":"","_seopress_robots_index":"","_et_pb_use_builder":"","_et_pb_old_content":"","_et_gb_content_width":"","inline_featured_image":false,"footnotes":""},"categories":[14],"tags":[],"class_list":["post-310067","post","type-post","status-publish","format-standard","has-post-thumbnail","hentry","category-vijesti"],"_links":{"self":[{"href":"https:\/\/www.pcnen.com\/portal\/wp-json\/wp\/v2\/posts\/310067","targetHints":{"allow":["GET"]}}],"collection":[{"href":"https:\/\/www.pcnen.com\/portal\/wp-json\/wp\/v2\/posts"}],"about":[{"href":"https:\/\/www.pcnen.com\/portal\/wp-json\/wp\/v2\/types\/post"}],"author":[{"embeddable":true,"href":"https:\/\/www.pcnen.com\/portal\/wp-json\/wp\/v2\/users\/1"}],"replies":[{"embeddable":true,"href":"https:\/\/www.pcnen.com\/portal\/wp-json\/wp\/v2\/comments?post=310067"}],"version-history":[{"count":1,"href":"https:\/\/www.pcnen.com\/portal\/wp-json\/wp\/v2\/posts\/310067\/revisions"}],"predecessor-version":[{"id":310068,"href":"https:\/\/www.pcnen.com\/portal\/wp-json\/wp\/v2\/posts\/310067\/revisions\/310068"}],"wp:featuredmedia":[{"embeddable":true,"href":"https:\/\/www.pcnen.com\/portal\/wp-json\/wp\/v2\/media\/304695"}],"wp:attachment":[{"href":"https:\/\/www.pcnen.com\/portal\/wp-json\/wp\/v2\/media?parent=310067"}],"wp:term":[{"taxonomy":"category","embeddable":true,"href":"https:\/\/www.pcnen.com\/portal\/wp-json\/wp\/v2\/categories?post=310067"},{"taxonomy":"post_tag","embeddable":true,"href":"https:\/\/www.pcnen.com\/portal\/wp-json\/wp\/v2\/tags?post=310067"}],"curies":[{"name":"wp","href":"https:\/\/api.w.org\/{rel}","templated":true}]}}