{"id":308985,"date":"2020-11-30T08:07:09","date_gmt":"2020-11-30T07:07:09","guid":{"rendered":"https:\/\/www.pcnen.com\/portal\/?p=308985"},"modified":"2020-11-30T08:07:09","modified_gmt":"2020-11-30T07:07:09","slug":"balkaravana-2020-video","status":"publish","type":"post","link":"https:\/\/www.pcnen.com\/portal\/2020\/11\/30\/balkaravana-2020-video\/","title":{"rendered":"Balkaravana 2020 (video)"},"content":{"rendered":"<p>Projekat smo realizovali u saradnji sa kolegama iz Albanije, Bosne i Hercegovine i Crne Gore. Western Balkans Fund, Regional Youth Cooperation Office &#8211; RYCO GO2 Centar za \u017eivotnu sredinu \/ Center for Environment Bajkultura Biciklo.me<\/p>\n<p><iframe loading=\"lazy\" title=\"Balkaravana 2020\" width=\"1080\" height=\"608\" src=\"https:\/\/www.youtube.com\/embed\/88k7t2iwOe4?feature=oembed\" frameborder=\"0\" allow=\"accelerometer; autoplay; clipboard-write; encrypted-media; gyroscope; picture-in-picture; web-share\" allowfullscreen><\/iframe><\/p>\n","protected":false},"excerpt":{"rendered":"<p>U sklopu projekta &#8220;Od odr\u017eive mobilnosti ka odr\u017eivom miru&#8221; u \u010dijem sastavu je i #Balkaravana2020 napravili smo kompilaciju lokacija, kulture, hrane i utisaka sa ove vo\u017enje koja se odvila u 4 zemlje na Balkanu. Albanija, Bosna i Hercegovina, Crna Gora i Srbija. <\/p>\n","protected":false},"author":1,"featured_media":214756,"comment_status":"open","ping_status":"closed","sticky":false,"template":"","format":"standard","meta":{"_seopress_robots_primary_cat":"","_seopress_titles_title":"","_seopress_titles_desc":"","_seopress_robots_index":"","_et_pb_use_builder":"","_et_pb_old_content":"","_et_gb_content_width":"","inline_featured_image":false,"footnotes":""},"categories":[13],"tags":[],"class_list":["post-308985","post","type-post","status-publish","format-standard","has-post-thumbnail","hentry","category-video"],"_links":{"self":[{"href":"https:\/\/www.pcnen.com\/portal\/wp-json\/wp\/v2\/posts\/308985","targetHints":{"allow":["GET"]}}],"collection":[{"href":"https:\/\/www.pcnen.com\/portal\/wp-json\/wp\/v2\/posts"}],"about":[{"href":"https:\/\/www.pcnen.com\/portal\/wp-json\/wp\/v2\/types\/post"}],"author":[{"embeddable":true,"href":"https:\/\/www.pcnen.com\/portal\/wp-json\/wp\/v2\/users\/1"}],"replies":[{"embeddable":true,"href":"https:\/\/www.pcnen.com\/portal\/wp-json\/wp\/v2\/comments?post=308985"}],"version-history":[{"count":1,"href":"https:\/\/www.pcnen.com\/portal\/wp-json\/wp\/v2\/posts\/308985\/revisions"}],"predecessor-version":[{"id":308986,"href":"https:\/\/www.pcnen.com\/portal\/wp-json\/wp\/v2\/posts\/308985\/revisions\/308986"}],"wp:featuredmedia":[{"embeddable":true,"href":"https:\/\/www.pcnen.com\/portal\/wp-json\/wp\/v2\/media\/214756"}],"wp:attachment":[{"href":"https:\/\/www.pcnen.com\/portal\/wp-json\/wp\/v2\/media?parent=308985"}],"wp:term":[{"taxonomy":"category","embeddable":true,"href":"https:\/\/www.pcnen.com\/portal\/wp-json\/wp\/v2\/categories?post=308985"},{"taxonomy":"post_tag","embeddable":true,"href":"https:\/\/www.pcnen.com\/portal\/wp-json\/wp\/v2\/tags?post=308985"}],"curies":[{"name":"wp","href":"https:\/\/api.w.org\/{rel}","templated":true}]}}