{"id":308692,"date":"2020-11-26T18:46:34","date_gmt":"2020-11-26T17:46:34","guid":{"rendered":"https:\/\/www.pcnen.com\/portal\/?p=308692"},"modified":"2020-11-26T18:51:36","modified_gmt":"2020-11-26T17:51:36","slug":"kulturni-i-javni-radnici-potpisali-peticiju-protiv-buduce-vlade","status":"publish","type":"post","link":"https:\/\/www.pcnen.com\/portal\/2020\/11\/26\/kulturni-i-javni-radnici-potpisali-peticiju-protiv-buduce-vlade\/","title":{"rendered":"Kulturni i javni radnici potpisali peticiju protiv budu\u0107e vlade"},"content":{"rendered":"<p>Vi\u0161e od 150 crnogorskih kulturnih i javnih radnika potpisalo je peticiju u kojoj pozivaju poslanike da uskrate povjerenje predlo\u017eenoj vladi i time \u201cza\u0161tite temeljne vrijednosti savremene Crne Gore\u201d, <a href=\"https:\/\/www.slobodnaevropa.org\/a\/30970475.html\">prenosi RSE.<\/a><\/p>\n<p>Mandatar Zdravko Krivokapi\u0107 bi trebalo da 27. novembra dostavi Skup\u0161tini program i predlog sastava nove vlade, a sjednica na kojoj \u0107e se poslanici o tome izjasniti zakazana je za 2. decembar.<\/p>\n<p>&#8220;Vlada mandatara Zdravka Krivokapi\u0107a je najavljena kao ekspertska, reformska i pomiriteljska, a i prije nego \u0161to je konstituisana pokazuje besprimjerni \u0161ovinizam, jezik mr\u017enje, negiranje kulturne i nacionalne posebnosti Crnogoraca, najbrojnije nacionalne zajednice u Crnoj Gori&#8221;, pi\u0161e u peticiji.<\/p>\n<p>\u201cOdabir Vesne Brati\u0107 za novo ministarstvo prosvjete, nauke, kulture i sporta o\u010digledno je bio motivisan njenim kleronacionalisti\u010dkim stavovima, a ne stru\u010dnim i menad\u017eerskim kvalifikacijama. Besprizorno je to \u0161to gospo\u0111a Brati\u0107 Crnogorce naziva \u201eNovocrnogorcima, Montenegrinima, Milogorcima, Dukljanima koji su pristali da budu dio etni\u010dkog in\u017eenjeringa\u201c. Takvi rigidni \u0161ovinisti\u010dki stavovi u saglasju su s njenim javnim deklarisanjem kao \u201esrpskoga nacionaliste\u201c i \u201e\u010detnika\u201c, ali takva shvatanja danas morala bi nai\u0107i na jasnu dru\u0161tvenu osudu, umjesto \u0161to se s njima identifikuju profesori Univerziteta Crne Gore, potpisnici peticije u odbranu gospo\u0111e Brati\u0107\u201d, pi\u0161e u peticiji.<\/p>\n<p>Krivokapic\u0301 je 5. novembra predstavio kadrovska rje\u0161enja za sastav nove Vlade, u kojoj je 12 relativno nepoznatih kandidata za ministre. U me\u0111uvremenu, kandidat za ministra unutra\u0161njih poslova Nikola Terzi\u0107 je povukao kandidaturu. Sude\u0107i na osnovu kra\u0107ih biografija ostalih kandidata, rije\u010d je uglavnom o visokoobrazovanim osobama, pravoslavne vjeroispovesti.<\/p>\n<p>&#8220;\u010cinjenica da je i mandatara predlo\u017eila Srpska pravoslavna crkva i da je njen uticaj na formiranje vlade osvjedo\u010den i personalnim rje\u0161enjima u vladi, kao i otvoreni fundamentalisti\u010dki stavovi mandatara, direktno su suprotstavljeni ustavno definisanom sekularnom karakteru Crne Gore&#8221;, navodi se u peticiji.<\/p>\n<p>Peticiju su potpisali:<\/p>\n<p>Mr Novak Ad\u017ei\u0107, pravnik i istori\u010dar<br \/>\nProf. dr Vanda Babi\u0107, filolo\u0161kinja<br \/>\nMiodrag Bajkovi\u0107, arhitekta i publicista<br \/>\nNata\u0161a Baranin, novinarka<br \/>\nDoc. dr Boban Batri\u0107evi\u0107, istori\u010dar<br \/>\nDejan Batri\u0107evi\u0107, grafi\u010dki dizajner<br \/>\nMr Nemanja Batri\u0107evi\u0107, politikolog<br \/>\nNikola Belada, advokat i publicista<br \/>\nBo\u017eana Biskupovi\u0107, dipl. ekonomistkinja, Pomorski muzej \u2013 Kotor<br \/>\nIvica Biskupovi\u0107, dipl. pravnik, Gradska muzika Kotor<br \/>\nTihomir Biskupovi\u0107, muzi\u010dar<br \/>\nProf. dr Dragan Bogojevi\u0107, filolog<br \/>\nProf. dr Maja Bogojevi\u0107, filmska teoreti\u010darka i kriti\u010darka<br \/>\nMinja Bojani\u0107, novinar<br \/>\nGordana Borovi\u0107, novinarka<br \/>\nAna Bo\u017eovi\u0107, filolo\u0161kinja<br \/>\nIvan Bo\u017eovi\u0107, likovni umjetnik<br \/>\nRadmila Bo\u017eovi\u0107, glumica<br \/>\nRanka Bo\u017eovi\u0107, psiholo\u0161kinja<br \/>\nJevrem Brkovi\u0107, pisac, akademik DANU i CANU<br \/>\nRenata Bulaji\u0107, direktorica Narodne biblioteke \u201eNjego\u0161\u201c u Nik\u0161i\u0107u<br \/>\nDr Zlatko Buli\u0107, biolog, akademik DANU<br \/>\nSaladin Dino Burd\u017eovi\u0107, pisac<br \/>\nProf. dr Mihailo Buri\u0107, doktor hidrologije, akademik DANU<br \/>\nDanilo Burzan, novinar i publicista<br \/>\nMilo\u0161 Burzan, antropolog<br \/>\nRajko Cerovi\u0107, knji\u017eevni kriti\u010dar i esejista<br \/>\nBorislav Cime\u0161a, publicista<br \/>\nAdnan \u010cirgi\u0107, filolog, dekan FCJK, \u010dlan DANU<br \/>\nIvona \u010covi\u0107-Ja\u0107imovi\u0107, glumica<br \/>\nSlobodan \u010cuki\u0107, novinar i publicista<br \/>\nRadovan Damjanovi\u0107, profesor pedagogije i istori\u010dar prosvjete<br \/>\nProf. mr Zdravko Deliba\u0161i\u0107, grafi\u010dki dizajner<br \/>\nProf. mr Dra\u0161ko Draga\u0161, slikar<br \/>\nMaja Dragi\u0107evi\u0107-Roganovi\u0107, etnolo\u0161kinja<br \/>\n\u010cedomir Dra\u0161kovi\u0107, kulturolog, \u010dlan DANU<br \/>\nNada Dra\u0161kovi\u0107, bibliografkinja<br \/>\nMr Goran Drin\u010di\u0107, filolog i prevodilac<br \/>\nMilovan \u0110ukanovi\u0107, filolog i prevodilac<br \/>\nRoman \u0110uranovi\u0107, slikar<br \/>\nProf. mr Vladimir \u0110uranovi\u0107, slikar<br \/>\nJelena \u0110urovi\u0107, novinarka<br \/>\nRadomir \u0110urovi\u0107, istori\u010dar<br \/>\nProf. mr Sandra \u0110urovi\u0107, grafi\u010dka dizajnerka<br \/>\n\u017dana Garda\u0161evi\u0107, glumica<br \/>\nDejan Ivani\u0107, glumac<br \/>\nTamara Ivanovi\u0107, novinarka<br \/>\nProf. dr Veselin N. Ivanovi\u0107, redovni profesor tehni\u010dkih nauka<br \/>\nAnto Jankovi\u0107, dipl. ekonomista i publicista<br \/>\nHristina Jankovi\u0107, novinarka<br \/>\nBorislav Jovanovi\u0107, pisac i knji\u017eevni kriti\u010dar<br \/>\nProf. mr Sanja Jovanovi\u0107, producentkinja<br \/>\n\u017deljko V. Jovanovi\u0107, pravnik i publicista<br \/>\nBiljana Jovi\u0107evi\u0107, novinarka<br \/>\nAn\u0111a Kapi\u010di\u0107, istori\u010darka umjetnosti<br \/>\nProf. mr Marija Kapisoda, akademska grafi\u010darka<br \/>\nZoran V. Kapisoda, filolog<br \/>\nProf. dr Novak Kilibarda, filolog<br \/>\nBranka Kne\u017eevi\u0107, dramatur\u0161kinja<br \/>\nProf. dr Olivera Komar, politikolo\u0161kinja<br \/>\nVeselin Konjevi\u0107, novinar i publicista<br \/>\nProf. Stevan Koprivica, dramski pisac, profesor dramaturgije<br \/>\nMr Sava Kova\u010devi\u0107, obrazovni ekspert<br \/>\nNata\u0161a Latkovi\u0107, prof. muzi\u010dke umjetnosti<br \/>\nDanilo Lompar, pjesnik<br \/>\nJadranka Mami\u0107, glumica<br \/>\nSlavko Mandi\u0107, novinar<br \/>\nMr Milan Markovi\u0107, filolog, generalni sekretar Crnogorskoga PEN centra<br \/>\nDr Branislav Marovi\u0107, istori\u010dar<br \/>\nSlobodan Marunovi\u0107, glumac<br \/>\nSilvana Ma\u0161anovi\u0107, kustoskinja<br \/>\nSlobodan Medojevi\u0107, publicista<br \/>\nMarjan-Ma\u0161o Milji\u0107, publicista, \u010dlan DANU<br \/>\nJelena Mini\u0107, glumica<br \/>\nIvana Mrvaljevi\u0107, glumica<br \/>\nDr Jakov Mrvaljevi\u0107, doktor geografskih nauka i publicista<br \/>\nMr Zorica Mrvaljevi\u0107, etnolo\u0161kinja<br \/>\nLjubomir Mudre\u0161a, pisac<br \/>\nJelena Nenezi\u0107-Rako\u010devi\u0107, glumica<br \/>\nProf. dr Jasmina Nik\u010devi\u0107, filolo\u0161kinja<br \/>\nProf. dr Milorad Nik\u010devi\u0107, filolog, \u010dlan DANU<br \/>\nAndrej Nikolaidis, pisac<br \/>\nProf. mr Ratko Odalovi\u0107, slikar<br \/>\nMr Sanja Orlandi\u0107, filolog<br \/>\n\u017daklina O\u0161tir, glumica<br \/>\nProf. mr Suzana Pajovi\u0107, grafi\u010dka dizajnerka<br \/>\nMilija Pavi\u0107evi\u0107, slikar<br \/>\nSenad Pe\u0107anin, novinar i advokat<br \/>\nMr Ana Pejovi\u0107, filolo\u0161kinja<br \/>\nMilena Pejovi\u0107-Erakovi\u0107, istori\u010darka umjetnosti<br \/>\nProf. mr Pavle Pejovi\u0107, vajar, akademik DANU i CANU<br \/>\nDragan B. Perovi\u0107, publicista<br \/>\nIgor Perovi\u0107, vizuelni umjetnik<br \/>\nProf. dr Milenko A.Perovi\u0107, profesor filozofije, pred\u015bednik Crnogorskoga PEN centra, \u010dlan DANU<br \/>\nSreten Perovi\u0107, pisac, teatrolog i prevodilac, pred\u015bednik DANU<br \/>\nMarko Petrovi\u0107-Njego\u0161, likovni umjetnik<br \/>\nKsenija Popovi\u0107, knji\u017eevnica<br \/>\nMilorad Popovi\u0107, pisac, pred\u015bednik Crnogorskog dru\u0161tva nezavisnih knji\u017eevnika<br \/>\nMr Nikola Popovi\u0107, filolog<br \/>\n\u0110uro Beli Priji\u0107, slikar<br \/>\nBo\u017eidar Proro\u010di\u0107, pjesnik i knji\u017eevni kriti\u010dar<br \/>\nProf. dr Vuki\u0107 Pulevi\u0107, botani\u010dar, akademik DANU i CANU<br \/>\nMr Kosana Radojevi\u0107, pijanistkinja i muzikolo\u0161kinja<br \/>\nMilovan Radojevi\u0107, pisac i teatrolog<br \/>\nMihailo Radoji\u010di\u0107, pisac i novinar<br \/>\nAndro Radulovi\u0107, dipl. pravnik, direktor Pomorskoga muzeja Crne Gore<br \/>\nAleksandar Radoman, filolog<br \/>\nAleksandra Radoman-Kova\u010devi\u0107, obrazovna ekspertkinja<br \/>\n\u0160eki Radon\u010di\u0107, novinar<br \/>\n\u0110or\u0111ije Radonji\u0107, publicista<br \/>\nStevan Radunovi\u0107, dipl. ekonomista, publicista<br \/>\nVasko Rai\u010devi\u0107, pisac i dramaturg<br \/>\nAmina Rastoder, liderka me\u0111unarodnih kulturnih projekata<br \/>\nZoran Ra\u0161ovi\u0107, in\u017eenjer i publicista<br \/>\nIgor Rak\u010devi\u0107, akademski grafi\u010dar, pred\u015bednik Udru\u017eenja likovnih umjetnika Crne Gore<br \/>\nSne\u017eana Rakonjac, novinarka<br \/>\nNovica Samard\u017ei\u0107, urednik i publicista<br \/>\nMr Nela Savkovi\u0107-Vuk\u010devi\u0107, kulturolo\u0161kinja<br \/>\nDr Goran Sekulovi\u0107, doktor filozofskih nauka, akademik DANU<br \/>\n\u017deljko Sekulovi\u0107, pjesnik i advokat<br \/>\nMr Jadranka Selhanovi\u0107, istori\u010darka<br \/>\nVlatko Simunovi\u0107, knji\u017eevni kriti\u010dar, novinar i publicista<br \/>\nGoran Skrobanovi\u0107, konzervator<br \/>\nDragan Spasi\u0107, arhitekta<br \/>\nTomislav Stani\u0107, pijanista<br \/>\nMr Nemanja Stankov, politikolog<br \/>\nZoran Stanojevi\u0107, pisac<br \/>\nNenad Stevovi\u0107, publicista<br \/>\nIvan Stipani\u0107, arhitekta<br \/>\n\u0110or\u0111e \u0160\u0107epovi\u0107, pisac<br \/>\nDarko \u0160ukovi\u0107, novinar<br \/>\nTanja \u0160ukovi\u0107, novinarka<br \/>\nJelena \u0160u\u0161anj, filolo\u0161kinja<br \/>\nOlivera Todorovi\u0107, bibliotekarka<br \/>\nProf. Rajko Todorovi\u0107 Todor, slikar, akademik DANU<br \/>\nTijana Todorovi\u0107, vizuelna umjetnica<br \/>\nStefan Todorovi\u0107, filolog<br \/>\nDragana Tripkovi\u0107, pjesnikinja i dramatur\u0161kinja<br \/>\nMr Sanja Vojinovi\u0107, filolo\u0161kinja<br \/>\nProf. dr Vladimir Vojinovi\u0107, filolog i pisac<br \/>\nAna Vu\u010dkovi\u0107, glumica<br \/>\nAna Vujo\u0161evi\u0107, glumica<br \/>\n\u010cedomila Vujo\u0161evi\u0107-\u0110ur\u0111i\u0107, pjesnikinja i novinarka<br \/>\nDr Sara Vujo\u0161evi\u0107, muzikolo\u0161kinja, operska diva<br \/>\nMr Novica Vujovi\u0107, filolog<br \/>\nSreten Vujovi\u0107, pisac, akademik DANU<br \/>\nZoran Vujovi\u0107, glumac<br \/>\nNada Vuk\u010devi\u0107, glumica<br \/>\nRanko Vukovi\u0107, akademski grafi\u010dar<br \/>\nMladen Vu\u0161urovi\u0107, filmski stvaralac i producent<\/p>\n","protected":false},"excerpt":{"rendered":"<p>Vlada mandatara Zdravka Krivokapi\u0107a je najavljena kao ekspertska, reformska i pomiriteljska, a i prije nego \u0161to je konstituisana pokazuje besprimjerni \u0161ovinizam, jezik mr\u017enje, negiranje kulturne i nacionalne posebnosti Crnogoraca, najbrojnije nacionalne zajednice u Crnoj Gori&#8221;<\/p>\n","protected":false},"author":1,"featured_media":281783,"comment_status":"open","ping_status":"closed","sticky":false,"template":"","format":"standard","meta":{"_seopress_robots_primary_cat":"","_seopress_titles_title":"","_seopress_titles_desc":"","_seopress_robots_index":"","_et_pb_use_builder":"","_et_pb_old_content":"","_et_gb_content_width":"","inline_featured_image":false,"footnotes":""},"categories":[14],"tags":[],"class_list":["post-308692","post","type-post","status-publish","format-standard","has-post-thumbnail","hentry","category-vijesti"],"_links":{"self":[{"href":"https:\/\/www.pcnen.com\/portal\/wp-json\/wp\/v2\/posts\/308692","targetHints":{"allow":["GET"]}}],"collection":[{"href":"https:\/\/www.pcnen.com\/portal\/wp-json\/wp\/v2\/posts"}],"about":[{"href":"https:\/\/www.pcnen.com\/portal\/wp-json\/wp\/v2\/types\/post"}],"author":[{"embeddable":true,"href":"https:\/\/www.pcnen.com\/portal\/wp-json\/wp\/v2\/users\/1"}],"replies":[{"embeddable":true,"href":"https:\/\/www.pcnen.com\/portal\/wp-json\/wp\/v2\/comments?post=308692"}],"version-history":[{"count":5,"href":"https:\/\/www.pcnen.com\/portal\/wp-json\/wp\/v2\/posts\/308692\/revisions"}],"predecessor-version":[{"id":308697,"href":"https:\/\/www.pcnen.com\/portal\/wp-json\/wp\/v2\/posts\/308692\/revisions\/308697"}],"wp:featuredmedia":[{"embeddable":true,"href":"https:\/\/www.pcnen.com\/portal\/wp-json\/wp\/v2\/media\/281783"}],"wp:attachment":[{"href":"https:\/\/www.pcnen.com\/portal\/wp-json\/wp\/v2\/media?parent=308692"}],"wp:term":[{"taxonomy":"category","embeddable":true,"href":"https:\/\/www.pcnen.com\/portal\/wp-json\/wp\/v2\/categories?post=308692"},{"taxonomy":"post_tag","embeddable":true,"href":"https:\/\/www.pcnen.com\/portal\/wp-json\/wp\/v2\/tags?post=308692"}],"curies":[{"name":"wp","href":"https:\/\/api.w.org\/{rel}","templated":true}]}}