{"id":308653,"date":"2020-11-26T08:18:00","date_gmt":"2020-11-26T07:18:00","guid":{"rendered":"https:\/\/www.pcnen.com\/portal\/?p=308653"},"modified":"2020-11-26T08:18:00","modified_gmt":"2020-11-26T07:18:00","slug":"balkaravana-2020-biciklom-kroz-crnu-goru","status":"publish","type":"post","link":"https:\/\/www.pcnen.com\/portal\/2020\/11\/26\/balkaravana-2020-biciklom-kroz-crnu-goru\/","title":{"rendered":"Balkaravana 2020: Biciklom kroz Crnu Goru"},"content":{"rendered":"<div id=\"content\" class=\"style-scope ytd-expander\">\n<div id=\"description\" class=\"style-scope ytd-video-secondary-info-renderer\"><span class=\"style-scope yt-formatted-string\" dir=\"auto\">Oraganizator ture u Crnoj Gori je nevladino udru\u017eenje Biciklo.me, a realizaciju projekta pomogli su RYCO i Western Balkans Fund. Turu su vozili: Dejan Tof\u010devi\u0107, David Dabeti\u0107, Ivana An\u0111eli\u0107, Dragoljub Du\u0161ko Vukovi\u0107 i Branko Bo\u017eovi\u0107.<\/p>\n<p><\/span><\/div>\n<\/div>\n<p><iframe loading=\"lazy\" title=\"Balkaravana 2020: biciklom kroz Crnu Goru\" width=\"1080\" height=\"608\" src=\"https:\/\/www.youtube.com\/embed\/TNzk3BIGJUo?feature=oembed\" frameborder=\"0\" allow=\"accelerometer; autoplay; clipboard-write; encrypted-media; gyroscope; picture-in-picture; web-share\" allowfullscreen><\/iframe><\/p>\n","protected":false},"excerpt":{"rendered":"<p>Ovaj film snimljen je u sklopu projekta #Balkaravana2020, koji je izme\u0111u ostalog podrazumijevao i petodnevnu biciklisti\u010dku turu po Crnoj Gori.<\/p>\n","protected":false},"author":1,"featured_media":252656,"comment_status":"open","ping_status":"closed","sticky":false,"template":"","format":"standard","meta":{"_seopress_robots_primary_cat":"","_seopress_titles_title":"","_seopress_titles_desc":"","_seopress_robots_index":"","_et_pb_use_builder":"","_et_pb_old_content":"","_et_gb_content_width":"","inline_featured_image":false,"footnotes":""},"categories":[13],"tags":[],"class_list":["post-308653","post","type-post","status-publish","format-standard","has-post-thumbnail","hentry","category-video"],"_links":{"self":[{"href":"https:\/\/www.pcnen.com\/portal\/wp-json\/wp\/v2\/posts\/308653","targetHints":{"allow":["GET"]}}],"collection":[{"href":"https:\/\/www.pcnen.com\/portal\/wp-json\/wp\/v2\/posts"}],"about":[{"href":"https:\/\/www.pcnen.com\/portal\/wp-json\/wp\/v2\/types\/post"}],"author":[{"embeddable":true,"href":"https:\/\/www.pcnen.com\/portal\/wp-json\/wp\/v2\/users\/1"}],"replies":[{"embeddable":true,"href":"https:\/\/www.pcnen.com\/portal\/wp-json\/wp\/v2\/comments?post=308653"}],"version-history":[{"count":1,"href":"https:\/\/www.pcnen.com\/portal\/wp-json\/wp\/v2\/posts\/308653\/revisions"}],"predecessor-version":[{"id":308654,"href":"https:\/\/www.pcnen.com\/portal\/wp-json\/wp\/v2\/posts\/308653\/revisions\/308654"}],"wp:featuredmedia":[{"embeddable":true,"href":"https:\/\/www.pcnen.com\/portal\/wp-json\/wp\/v2\/media\/252656"}],"wp:attachment":[{"href":"https:\/\/www.pcnen.com\/portal\/wp-json\/wp\/v2\/media?parent=308653"}],"wp:term":[{"taxonomy":"category","embeddable":true,"href":"https:\/\/www.pcnen.com\/portal\/wp-json\/wp\/v2\/categories?post=308653"},{"taxonomy":"post_tag","embeddable":true,"href":"https:\/\/www.pcnen.com\/portal\/wp-json\/wp\/v2\/tags?post=308653"}],"curies":[{"name":"wp","href":"https:\/\/api.w.org\/{rel}","templated":true}]}}