{"id":308608,"date":"2020-11-25T16:58:36","date_gmt":"2020-11-25T15:58:36","guid":{"rendered":"https:\/\/www.pcnen.com\/portal\/?p=308608"},"modified":"2020-11-25T16:59:39","modified_gmt":"2020-11-25T15:59:39","slug":"uciteljica-rada-visnjic-dobila-otkaz","status":"publish","type":"post","link":"https:\/\/www.pcnen.com\/portal\/2020\/11\/25\/uciteljica-rada-visnjic-dobila-otkaz\/","title":{"rendered":"U\u010diteljica Rada Vi\u0161nji\u0107 dobila otkaz"},"content":{"rendered":"<p>U\u010diteljica barske Osnovne \u0161kole (O\u0160) &#8220;Jugoslavija&#8221; Rada Vi\u0161nji\u0107, koja je preko<a href=\"https:\/\/www.pcnen.com\/portal\/2020\/10\/06\/bar-uciteljica-visnjic-izasla-iz-profesionalne-uloge-i-postala-vjerouciteljica\/\"> vajber grupe pozivala u\u010denike na moleban<\/a> u Hram Svetog Jovana Vladimira, dobila je otkaz, saop\u0161tila je direktorica te \u0161kole Biljana Vukmanovi\u0107.<\/p>\n<p>\u201cPostupak je sproveden u skladu sa Zakonom, o \u010demu svjedo\u010di zapisnik Inspekcije rada o izvr\u0161enom inspekcijskom pregledu od 11. novembra, \u010diji je subjekat nadzora bila O\u0160 \u201eJugoslavija\u201c, odgovorno lice direktor ustanove, a na osnovu inicijative za vanredni nadzor upu\u0107ene od strane Vi\u0161nji\u0107\u201d, kazala je Vukmanovi\u0107, prenosi Mina.<\/p>\n<p>Vukmanovi\u0107 je rekla da je na izricanje mjere prestanka radnog odnosa uticalo i prethodno pona\u0161anje Vi\u0161nji\u0107 i ranije izre\u010dena mjera.<\/p>\n<p>&#8220;U obavezi sam da po\u0161tujem zakonske odredbe kada su u pitanju rad \u0161kole i prava u\u010denika, jer je shodno Op\u0161tem zakonu o obrazovanju i vaspitanju propisano da u javnoj ustanovi i ustanovi kojoj je dodijeljena koncesija za izvo\u0111enje javnova\u017ee\u0107eg obrazovnog programa, obrazovanje i vaspitanje svjetovnog karaktera\u201d, dodala je Vukmanovi\u0107.<\/p>\n<p>Kako je navela, nije dozvoljeno religijsko djelovanje, osim u ustanovama koje su licencirane kao srednje vjerske \u0161kole.<\/p>\n<p>Vukmanovi\u0107 je podsjetila da Zakon propisuje da \u201eobrazovanje i vaspitanje ima za cilj da zadovolji potrebe, interesovanja, \u017eelje i ambicije pojedinca za cjelo\u017eivotnim u\u010denjem\u201c, a nikako da se djeci protivzakonskim djelovanjem name\u0107u bilo kakva li\u010dna uvjerenja, pa ni religijska.<\/p>\n","protected":false},"excerpt":{"rendered":"<p>Na izricanje mjere prestanka radnog odnosa uticalo i prethodno pona\u0161anje Vi\u0161nji\u0107 i ranije izre\u010dena mjera<\/p>\n","protected":false},"author":1,"featured_media":283280,"comment_status":"open","ping_status":"closed","sticky":false,"template":"","format":"standard","meta":{"_seopress_robots_primary_cat":"","_seopress_titles_title":"","_seopress_titles_desc":"","_seopress_robots_index":"","_et_pb_use_builder":"","_et_pb_old_content":"","_et_gb_content_width":"","inline_featured_image":false,"footnotes":""},"categories":[14],"tags":[],"class_list":["post-308608","post","type-post","status-publish","format-standard","has-post-thumbnail","hentry","category-vijesti"],"_links":{"self":[{"href":"https:\/\/www.pcnen.com\/portal\/wp-json\/wp\/v2\/posts\/308608","targetHints":{"allow":["GET"]}}],"collection":[{"href":"https:\/\/www.pcnen.com\/portal\/wp-json\/wp\/v2\/posts"}],"about":[{"href":"https:\/\/www.pcnen.com\/portal\/wp-json\/wp\/v2\/types\/post"}],"author":[{"embeddable":true,"href":"https:\/\/www.pcnen.com\/portal\/wp-json\/wp\/v2\/users\/1"}],"replies":[{"embeddable":true,"href":"https:\/\/www.pcnen.com\/portal\/wp-json\/wp\/v2\/comments?post=308608"}],"version-history":[{"count":2,"href":"https:\/\/www.pcnen.com\/portal\/wp-json\/wp\/v2\/posts\/308608\/revisions"}],"predecessor-version":[{"id":308610,"href":"https:\/\/www.pcnen.com\/portal\/wp-json\/wp\/v2\/posts\/308608\/revisions\/308610"}],"wp:featuredmedia":[{"embeddable":true,"href":"https:\/\/www.pcnen.com\/portal\/wp-json\/wp\/v2\/media\/283280"}],"wp:attachment":[{"href":"https:\/\/www.pcnen.com\/portal\/wp-json\/wp\/v2\/media?parent=308608"}],"wp:term":[{"taxonomy":"category","embeddable":true,"href":"https:\/\/www.pcnen.com\/portal\/wp-json\/wp\/v2\/categories?post=308608"},{"taxonomy":"post_tag","embeddable":true,"href":"https:\/\/www.pcnen.com\/portal\/wp-json\/wp\/v2\/tags?post=308608"}],"curies":[{"name":"wp","href":"https:\/\/api.w.org\/{rel}","templated":true}]}}