{"id":308205,"date":"2020-11-20T10:43:39","date_gmt":"2020-11-20T09:43:39","guid":{"rendered":"https:\/\/www.pcnen.com\/portal\/?p=308205"},"modified":"2020-11-20T10:45:11","modified_gmt":"2020-11-20T09:45:11","slug":"milutin-simovic-novi-gradonacelnik-niksica","status":"publish","type":"post","link":"https:\/\/www.pcnen.com\/portal\/2020\/11\/20\/milutin-simovic-novi-gradonacelnik-niksica\/","title":{"rendered":"Milutin Simovi\u0107 novi gradona\u010delnik Nik\u0161i\u0107a"},"content":{"rendered":"<p>Predlog Simovi\u0107a za \u010delnog \u010dovjeka Op\u0161tine, potpisalo je 24 odbornika DPS-a i 15 SD-a, ocjenjuju\u0107i da je dugogodi\u0161njim radom pokazao stru\u010dnost i kompentencije, kao i menad\u017eerske sposobnosti koje ga preporu\u010duju za te odgovorne du\u017enosti.<\/p>\n<p>Simovi\u0107u \u0107e naslijediti Veselina Grbovi\u0107a, nakon \u0161to mu je mandat prestao po sili zakona zbog sticanja prava za odlazak u penziju.<\/p>\n<p>Funkciju vr\u0161ioca du\u017enosti predsjednika Op\u0161tine Nik\u0161i\u0107 obavljao je Dragan Perovi\u0107.<\/p>\n<p>On je potpredsjednik Vlade Crne Gore i ministar poljoprivrede, \u0161umarstva i vodoprivrede u aktuelnoj Vladi, a <a href=\"https:\/\/www.pcnen.com\/portal\/2020\/11\/13\/simovic-podnio-ostavku-na-mjesto-predsjednika-nkt\/\">do nedavno je bio na \u010delu Nacionalnog<\/a> koordinacionog tijela.<\/p>\n<p>Bio je poslanik u Skup\u0161tini Crne Gore, potpredsjednik Skup\u0161tine, a ranije tako\u0111e ministar poljoprivrede.<\/p>\n","protected":false},"excerpt":{"rendered":"<p>Milutin Simovi\u0107 je novi predsjednik Op\u0161tine Nik\u0161i\u0107, odlu\u010deno je jednoglasno na dana\u0161njoj sjednici lokalnog parlamenta.<\/p>\n","protected":false},"author":1,"featured_media":287418,"comment_status":"open","ping_status":"closed","sticky":false,"template":"","format":"standard","meta":{"_seopress_robots_primary_cat":"","_seopress_titles_title":"","_seopress_titles_desc":"","_seopress_robots_index":"","_et_pb_use_builder":"","_et_pb_old_content":"","_et_gb_content_width":"","inline_featured_image":false,"footnotes":""},"categories":[14],"tags":[],"class_list":["post-308205","post","type-post","status-publish","format-standard","has-post-thumbnail","hentry","category-vijesti"],"_links":{"self":[{"href":"https:\/\/www.pcnen.com\/portal\/wp-json\/wp\/v2\/posts\/308205","targetHints":{"allow":["GET"]}}],"collection":[{"href":"https:\/\/www.pcnen.com\/portal\/wp-json\/wp\/v2\/posts"}],"about":[{"href":"https:\/\/www.pcnen.com\/portal\/wp-json\/wp\/v2\/types\/post"}],"author":[{"embeddable":true,"href":"https:\/\/www.pcnen.com\/portal\/wp-json\/wp\/v2\/users\/1"}],"replies":[{"embeddable":true,"href":"https:\/\/www.pcnen.com\/portal\/wp-json\/wp\/v2\/comments?post=308205"}],"version-history":[{"count":2,"href":"https:\/\/www.pcnen.com\/portal\/wp-json\/wp\/v2\/posts\/308205\/revisions"}],"predecessor-version":[{"id":308207,"href":"https:\/\/www.pcnen.com\/portal\/wp-json\/wp\/v2\/posts\/308205\/revisions\/308207"}],"wp:featuredmedia":[{"embeddable":true,"href":"https:\/\/www.pcnen.com\/portal\/wp-json\/wp\/v2\/media\/287418"}],"wp:attachment":[{"href":"https:\/\/www.pcnen.com\/portal\/wp-json\/wp\/v2\/media?parent=308205"}],"wp:term":[{"taxonomy":"category","embeddable":true,"href":"https:\/\/www.pcnen.com\/portal\/wp-json\/wp\/v2\/categories?post=308205"},{"taxonomy":"post_tag","embeddable":true,"href":"https:\/\/www.pcnen.com\/portal\/wp-json\/wp\/v2\/tags?post=308205"}],"curies":[{"name":"wp","href":"https:\/\/api.w.org\/{rel}","templated":true}]}}