{"id":308089,"date":"2020-11-18T18:07:57","date_gmt":"2020-11-18T17:07:57","guid":{"rendered":"https:\/\/www.pcnen.com\/portal\/?p=308089"},"modified":"2020-11-18T18:08:49","modified_gmt":"2020-11-18T17:08:49","slug":"tuzilastvo-nema-krivicnog-djela-u-okupljanju-gradana-na-sahrani-mitropolita-mfilohija","status":"publish","type":"post","link":"https:\/\/www.pcnen.com\/portal\/2020\/11\/18\/tuzilastvo-nema-krivicnog-djela-u-okupljanju-gradana-na-sahrani-mitropolita-mfilohija\/","title":{"rendered":"Tu\u017eila\u0161tvo: Nema krivi\u010dnog djela u okupljanju gra\u0111ana na sahrani mitropolita Amfilohija"},"content":{"rendered":"<p>Crnogorsko tu\u017eila\u0161tvo je ocijenilo da \u201enema elemenata krivi\u010dnog djela\u201c u okupljanju vi\u0161e hiljada gra\u0111ana ispred hrama Hristovog Vaskrsenja 1. novembra <a href=\"https:\/\/www.pcnen.com\/portal\/2020\/11\/01\/sahranjen-mitropolit-amfilohija-video\/\">na sahrani mitropolita Srpske pravoslavne crkve (SPC) Amfilohija Radovi\u0107a,<\/a> saop\u0161teno je<a href=\"https:\/\/www.slobodnaevropa.org\/a\/30957009.html\"> danas Radiju Slobodna Evropa<\/a>, iz Uprave policije.<\/p>\n<p>Iz policije navode i da je Osnovno dr\u017eavno tu\u017eila\u0161tvo u Podgorici konstatovalo da \u201epostoji pojedina\u010dna odgovornost gra\u0111ana koji su kr\u0161ili mjere Nacionalnog koordinacionog tijela (NKT), \u0161to je nadle\u017enost inspekcijskih organa\u201c.<\/p>\n<p>Tokom sahrane mitropolita Amfilohija, uprkos mjerama NKT o zabrani javnih okupljanja, okupilo se vi\u0161e hiljada gra\u0111ana u Podgorici i na Cetinju 31.oktobra i 1. novembra.<\/p>\n<p>Policija tvrdi da \u201etu\u017eila\u0161tvo do danas nije zauzelo stav\u201c da li su na sahrani mitropolita Amfilohija mandatar Zdravko Krivokapi\u0107, episkop SPC Joanikije i rektor Cetinjske bogoslovije Gojko Perovi\u0107 kr\u0161ili mjere NKT.<\/p>\n<p>\u201eAnalizom javno dostupnih izvora \u2013 elektronskih medija i objava na dru\u0161tvenim mre\u017eama, a koje ukazuju na kr\u0161enje mjera NKT-a, policija je do\u0161la do informacija koje je dostavila nadle\u017enom tu\u017eila\u0161tvu, ali do danas nije zauzet stav niti je policija od dr\u017eavnog tu\u017eioca dobila naknadne instrukcije\u201c, saop\u0161teno je RSE u policiji.<\/p>\n<p>U podgor\u010dkom tu\u017eila\u0161tvu za RSE je dan ranije potvr\u0111eno da je u toku izvi\u0111aj radi utvr\u0111ivanja da li je od strane slu\u017ebenih i drugih lica u\u010dinjeno krivi\u010dno djelo \u201enepostupanje po zdravstvenim propisima za suzbijanje opasne zarazne bolesti\u201c prilikom organizovanja sahrane mitropolita Amfilohija i trajanja tog doga\u0111aja.<br \/>\nNa sahrani u Hramu Hristovog vaskrsenja gdje je bio izlo\u017een otvoreni kov\u010deg sa tijelom mitropolita, sve\u0161tenstvo, ve\u0107i dio vjernika ali i pojedini politi\u010dari iz nove vladaju\u0107e ve\u0107ine, me\u0111u kojima i mandatar Zdravko Krivokapi\u0107, nijesu nosili maske ni po\u0161tovali fizi\u010dku distancu. Sve\u0161tenici su pri\u010de\u0161\u0107ivali vjernike istom ka\u0161ikom a dio prisutnih je u mimohodu ljubio pokojnika.<\/p>\n<p>Do ponovnog kr\u0161enja mjera NKT do\u0161lo je 8. novembra kada se u hramu Hristovog Vaskrsenja okupio ve\u0107i broj gra\u0111ana dok su sve\u0161tenici SPC vr\u0161ili liturgiju za sedmodnevni pomen mitropolitu Amfilohiju.<\/p>\n<p>\u201ePovodom doga\u0111aja od 8. novembra kada se u hramu Hristovog Vaskrsenja okupio ve\u0107i broj gra\u0111ana suprotno mjerama NKT gdje je odr\u017eana liturgija, UP je obavijestila nadle\u017enog dr\u017eavnog tu\u017eioca koji je nalo\u017eio da se prikupe obavje\u0161tenja od \u010detiri sve\u0161tena lica, \u0161to je i ura\u0111eno. Tako\u0111e, tu\u017eilac je nalo\u017eio da se preduzmu i druge mjere i radnje u odnosu na taj doga\u0111aj, koje se shodno uputstvima nadle\u017enog tu\u017eioca sprovode\u201c, pi\u0161e u odgovoru iz policije.<\/p>\n<p>U Crnoj Gori su u vrijeme sahrane mitropolita Amfilohija 1. novembra mjerama NKT-a bila zabranjena primanja sau\u0161e\u0161\u0107a dok se sahrane obavljaju isklju\u010divo u u\u017eem krugu porodice. Naredbom NKT okupljanje na javnim mjestima bilo je ograni\u010deno na najvi\u0161e 40 osoba, uz obavezu po\u0161tovanja fizi\u010dke distance od najmanje dva metra i no\u0161enje maski. Vjerskim zajednicama preporu\u010deno je da obrede vr\u0161e bez prisustva gra\u0111ana u vjerskim objektima.<\/p>\n","protected":false},"excerpt":{"rendered":"<p>Tokom sahrane mitropolita Amfilohija, uprkos mjerama NKT o zabrani javnih okupljanja, okupilo se vi\u0161e hiljada gra\u0111ana u Podgorici i na Cetinju 31.oktobra i 1. novembra.<\/p>\n","protected":false},"author":1,"featured_media":0,"comment_status":"open","ping_status":"closed","sticky":false,"template":"","format":"standard","meta":{"_seopress_robots_primary_cat":"","_seopress_titles_title":"","_seopress_titles_desc":"","_seopress_robots_index":"","_et_pb_use_builder":"","_et_pb_old_content":"","_et_gb_content_width":"","inline_featured_image":false,"footnotes":""},"categories":[14],"tags":[],"class_list":["post-308089","post","type-post","status-publish","format-standard","hentry","category-vijesti"],"_links":{"self":[{"href":"https:\/\/www.pcnen.com\/portal\/wp-json\/wp\/v2\/posts\/308089","targetHints":{"allow":["GET"]}}],"collection":[{"href":"https:\/\/www.pcnen.com\/portal\/wp-json\/wp\/v2\/posts"}],"about":[{"href":"https:\/\/www.pcnen.com\/portal\/wp-json\/wp\/v2\/types\/post"}],"author":[{"embeddable":true,"href":"https:\/\/www.pcnen.com\/portal\/wp-json\/wp\/v2\/users\/1"}],"replies":[{"embeddable":true,"href":"https:\/\/www.pcnen.com\/portal\/wp-json\/wp\/v2\/comments?post=308089"}],"version-history":[{"count":2,"href":"https:\/\/www.pcnen.com\/portal\/wp-json\/wp\/v2\/posts\/308089\/revisions"}],"predecessor-version":[{"id":308092,"href":"https:\/\/www.pcnen.com\/portal\/wp-json\/wp\/v2\/posts\/308089\/revisions\/308092"}],"wp:attachment":[{"href":"https:\/\/www.pcnen.com\/portal\/wp-json\/wp\/v2\/media?parent=308089"}],"wp:term":[{"taxonomy":"category","embeddable":true,"href":"https:\/\/www.pcnen.com\/portal\/wp-json\/wp\/v2\/categories?post=308089"},{"taxonomy":"post_tag","embeddable":true,"href":"https:\/\/www.pcnen.com\/portal\/wp-json\/wp\/v2\/tags?post=308089"}],"curies":[{"name":"wp","href":"https:\/\/api.w.org\/{rel}","templated":true}]}}