{"id":307851,"date":"2020-11-16T13:20:59","date_gmt":"2020-11-16T12:20:59","guid":{"rendered":"https:\/\/www.pcnen.com\/portal\/?p=307851"},"modified":"2020-11-16T13:20:59","modified_gmt":"2020-11-16T12:20:59","slug":"grudi-crnogorski-kandidat-za-oskara","status":"publish","type":"post","link":"https:\/\/www.pcnen.com\/portal\/2020\/11\/16\/grudi-crnogorski-kandidat-za-oskara\/","title":{"rendered":"\u2018Grudi\u2019 crnogorski kandidat za Oskara"},"content":{"rendered":"<p>Dugometra\u017eni igrani film \u201eGrudi\u201c, prema scenariju Vladislave Vojnovi\u0107 i Marije Perovi\u0107, u re\u017eiji Marije Perovi\u0107, producentske ku\u0107e &#8220;Kino&#8221; d.o.o. iz Podgorice, crnogorski je kandidat za 93. nagradu Ameri\u010dke akademije filmske umjetnosti i nauke &#8211; Oskar u kategoriji za najbolji strani film u 2020. godini.<\/p>\n<p>Odluku je jednoglasno donijela Selekciona komisija Ministarstva kulture u sastavu: Zoran \u017divkovi\u0107, producent \u2013 predsjednik i \u010dlanovi: Andro Martinovi\u0107 i Ivan Marinovi\u0107, reditelji, \u017dana Garda\u0161evi\u0107-Bulatovi\u0107 i Ana Vujo\u0161evi\u0107, glumice, Nina Red\u017eepagi\u0107, producentkinja i Stefan Bo\u0161kovi\u0107, dramaturg.<\/p>\n<p>Javni poziv Ministarstva kulture je bio otvoren od 5. oktobra do 1. novembra 2020. godine, a film \u201eGrudi\u201d bio je jedini prijavljeni kandidat, n<a href=\"https:\/\/www.gov.me\/naslovna\/vijesti-iz-ministarstava\/235387\/Film-Grudi-u-reziji-Marije-Perovic-crnogorski-kandidat-za-nagradu-Oskar.html\">avodi se u saop\u0161tenju crnogorskog ministarstva kulture.<\/a><\/p>\n<p><iframe loading=\"lazy\" title=\"GRUDI trailer\" width=\"1080\" height=\"608\" src=\"https:\/\/www.youtube.com\/embed\/5kNCDg0pIkM?feature=oembed\" frameborder=\"0\" allow=\"accelerometer; autoplay; clipboard-write; encrypted-media; gyroscope; picture-in-picture; web-share\" allowfullscreen><\/iframe><\/p>\n","protected":false},"excerpt":{"rendered":"<p>Javni poziv Ministarstva kulture je bio otvoren od 5. oktobra do 1. novembra 2020. godine, a film \u201eGrudi\u201d bio je jedini prijavljeni kandidat<\/p>\n","protected":false},"author":1,"featured_media":0,"comment_status":"open","ping_status":"closed","sticky":false,"template":"","format":"standard","meta":{"_seopress_robots_primary_cat":"","_seopress_titles_title":"","_seopress_titles_desc":"","_seopress_robots_index":"","_et_pb_use_builder":"","_et_pb_old_content":"","_et_gb_content_width":"","inline_featured_image":false,"footnotes":""},"categories":[14],"tags":[],"class_list":["post-307851","post","type-post","status-publish","format-standard","hentry","category-vijesti"],"_links":{"self":[{"href":"https:\/\/www.pcnen.com\/portal\/wp-json\/wp\/v2\/posts\/307851","targetHints":{"allow":["GET"]}}],"collection":[{"href":"https:\/\/www.pcnen.com\/portal\/wp-json\/wp\/v2\/posts"}],"about":[{"href":"https:\/\/www.pcnen.com\/portal\/wp-json\/wp\/v2\/types\/post"}],"author":[{"embeddable":true,"href":"https:\/\/www.pcnen.com\/portal\/wp-json\/wp\/v2\/users\/1"}],"replies":[{"embeddable":true,"href":"https:\/\/www.pcnen.com\/portal\/wp-json\/wp\/v2\/comments?post=307851"}],"version-history":[{"count":1,"href":"https:\/\/www.pcnen.com\/portal\/wp-json\/wp\/v2\/posts\/307851\/revisions"}],"predecessor-version":[{"id":307853,"href":"https:\/\/www.pcnen.com\/portal\/wp-json\/wp\/v2\/posts\/307851\/revisions\/307853"}],"wp:attachment":[{"href":"https:\/\/www.pcnen.com\/portal\/wp-json\/wp\/v2\/media?parent=307851"}],"wp:term":[{"taxonomy":"category","embeddable":true,"href":"https:\/\/www.pcnen.com\/portal\/wp-json\/wp\/v2\/categories?post=307851"},{"taxonomy":"post_tag","embeddable":true,"href":"https:\/\/www.pcnen.com\/portal\/wp-json\/wp\/v2\/tags?post=307851"}],"curies":[{"name":"wp","href":"https:\/\/api.w.org\/{rel}","templated":true}]}}