{"id":307345,"date":"2020-11-09T21:25:22","date_gmt":"2020-11-09T20:25:22","guid":{"rendered":"https:\/\/www.pcnen.com\/portal\/?p=307345"},"modified":"2020-11-09T21:33:41","modified_gmt":"2020-11-09T20:33:41","slug":"inspekcija-naredila-da-se-grobno-mjesto-u-brcelima-vrati-u-prvobitno-stanje","status":"publish","type":"post","link":"https:\/\/www.pcnen.com\/portal\/2020\/11\/09\/inspekcija-naredila-da-se-grobno-mjesto-u-brcelima-vrati-u-prvobitno-stanje\/","title":{"rendered":"Inspekcija naredila da se grobno mjesto u Br\u010delima vrati u prvobitno stanje"},"content":{"rendered":"<p>Nakon ju\u010dera\u0161njeg privo\u0111enja sve\u0161tenika Mitropolije crnogorsko-primorske Jovana Plamenca i njegovog sina Krsta zbog navodnog skrnavljenja groba crnogorskog mitropolita iz 18. vijeka Arsenija Plamenca, inspektor Uprave za inspekcijske poslove i predstavinici Uprave za za\u0161titu kulturnih dobara iza\u0161li su na lice mjesta u selu Gornji Br\u010deli u Crmnici.<\/p>\n<p>Kako je za TV Vijesti kazao pravni zastupnik manastira Gornji Br\u010deli Dalibor Kavari\u0107, inspekcijskim nadzorom utvr\u0111eno je da je do\u0161lo do pomjeranja grobne plo\u010de, ali da nije rije\u010d o kulturnom dobru, ve\u0107 o grobnici koja se nalazi u sklopu manastira koji je kulturno dobro.<\/p>\n<p>Ka\u017ee i da je neposrednim uvidom stru\u010dnih lica uprave za za\u0161titu kulturnih dobara utvr\u0111eno da se u grobnici nalaze ostaci tri osobe.<\/p>\n<p>Arheolog Mladen Zagar\u010danin je kazao da nema nijednog relevantnog podatka da je ba\u0161 u tom grobu sahranjen Arsenije Plamenac dodaju\u0107i da je svako ko misli da vladika mo\u017ee biti sahranjen sa troje ljudi elementarno nepismen,<a href=\"https:\/\/www.vijesti.me\/tv\/emisije\/484861\/utvrdili-da-grobnica-u-crmnici-nije-kulturno-dobro\"> prenosi portal Vijesti.<\/a><\/p>\n<p>\u201cSvako ko misli da jedan vladika nema natpis na svom grobu, a ima ga npr. neki &#8220;Pero Perovi\u0107&#8221; koji je bio kroja\u010d tu blizu, je ili nepismen ili glup&#8221;, napisao je Zagar\u010danin na Fejsbuku uz zaklju\u010dak da ne postoji nijedan relevantan izvor da je tu sahranjen iko od znamenitih li\u010dnosti.<\/p>\n<p>Iz Uprave za za\u0161titu kulturnih dobara potvrdili su za TV Vijesti da ovaj manastir ima status kulturnog dobra od 1961. godine, ali ne i da li konkretna grobnica ima taj status. Pored toga, iz Uprave ka\u017eu da ih Plamenac i njegov sin nisu obavijestili o tome da planiraju bilo kakve aktivnosti na ovoj grobnici.<\/p>\n<p>I dok Plamenac i njegov sin tvrde da su samo htjeli da urede grob, iz Osnovnog tu\u017eila\u0161tva u Baru su za TV Vijesti kazali da \u0107e narednih dana procijeniti da li, pored povrede groba, u njihovim radnjama ima elemenata jo\u0161 nekog krivi\u010dnog djela.<\/p>\n<p>Inspekcija je donijela rje\u0161enje da se grobno mjesto vrati u prvobitno stanje.<\/p>\n<p>\u201cManastir Br\u010deli, odnosno ja kao punomo\u0107nik, \u0107emo podnijeti Upravi za za\u0161titu k dobara, gdje \u0107emo tra\u017eiti da nam izdaju odre\u0111ene uslove ili daju odre\u0111ene smjernice po kojem \u0107emo navedeno mjesto vratiti u postoje\u0107i polo\u017eaj i stanje uz njihov stru\u010dni nadzor\u201d, rekao je Kavari\u0107.<\/p>\n<p><a href=\"https:\/\/www.pcnen.com\/portal\/2020\/11\/08\/svestenik-plamenac-pusten-da-se-brani-sa-slobode\/\">Sve\u0161tenik Plamenac i njegov sin pu\u0161teni da se brani sa slobode<\/a><\/p>\n<p><a href=\"https:\/\/www.pcnen.com\/portal\/2020\/11\/08\/mitropolija-svestenik-plamenac-imao-nalog-od-pokojnog-mitropolita-amfilohija\/\">Mitropolija: Sve\u0161tenik Plamenac imao nalog od pokojnog mitropolita Amfilohija<\/a><\/p>\n<p><a href=\"https:\/\/www.pcnen.com\/portal\/2020\/11\/08\/up-svestenik-plamenac-i-njegov-sin-uhapseni-zbog-skrnavljenja-groba\/\">UP: Sve\u0161tenik Plamenac i njegov sin uhap\u0161eni zbog skrnavljenja groba<\/a><\/p>\n<p><a href=\"https:\/\/www.pcnen.com\/portal\/2020\/11\/08\/vladika-metodije-nepotrebno-dizanje-tenzija-zbog-groba-mitrpolita-arsenija\/\">Vladika Metodije: Nepotrebno dizanje tenzija zbog groba mitrpolita Arsenija<\/a><\/p>\n<p><a href=\"https:\/\/www.pcnen.com\/portal\/2020\/11\/08\/barani-protestuju-zbog-hapsenja-svestenika-plamenca\/\">Barani protestuju zbog hap\u0161enja sve\u0161tenika Plamenca<\/a><\/p>\n<p><a href=\"https:\/\/www.pcnen.com\/portal\/2020\/11\/08\/mjestani-brcela-protestovali-svestenik-saslusan-u-policiji\/\">Mje\u0161tani Br\u010dela protestovali, sve\u0161tenik saslu\u0161an u policiji<\/a><\/p>\n<p><a href=\"https:\/\/www.pcnen.com\/portal\/2020\/11\/08\/krivokapic-procesuirati-onoga-ko-je-oskrnavio-grobnicu-mitropolita-arsenija-plamenca\/\">Krivokapi\u0107: Procesuirati onoga ko je oskrnavio grobnicu mitropolita Arsenija Plamenca<\/a><\/p>\n","protected":false},"excerpt":{"rendered":"<p> Iz Osnovnog tu\u017eila\u0161tva u Baru su kazali da \u0107e narednih dana procijeniti da li, pored povrede groba, u radnjama sve\u0161tenika ima elemenata jo\u0161 nekog krivi\u010dnog djela<\/p>\n","protected":false},"author":1,"featured_media":307201,"comment_status":"open","ping_status":"closed","sticky":false,"template":"","format":"standard","meta":{"_seopress_robots_primary_cat":"","_seopress_titles_title":"","_seopress_titles_desc":"","_seopress_robots_index":"","_et_pb_use_builder":"","_et_pb_old_content":"","_et_gb_content_width":"","inline_featured_image":false,"footnotes":""},"categories":[14],"tags":[],"class_list":["post-307345","post","type-post","status-publish","format-standard","has-post-thumbnail","hentry","category-vijesti"],"_links":{"self":[{"href":"https:\/\/www.pcnen.com\/portal\/wp-json\/wp\/v2\/posts\/307345","targetHints":{"allow":["GET"]}}],"collection":[{"href":"https:\/\/www.pcnen.com\/portal\/wp-json\/wp\/v2\/posts"}],"about":[{"href":"https:\/\/www.pcnen.com\/portal\/wp-json\/wp\/v2\/types\/post"}],"author":[{"embeddable":true,"href":"https:\/\/www.pcnen.com\/portal\/wp-json\/wp\/v2\/users\/1"}],"replies":[{"embeddable":true,"href":"https:\/\/www.pcnen.com\/portal\/wp-json\/wp\/v2\/comments?post=307345"}],"version-history":[{"count":3,"href":"https:\/\/www.pcnen.com\/portal\/wp-json\/wp\/v2\/posts\/307345\/revisions"}],"predecessor-version":[{"id":307348,"href":"https:\/\/www.pcnen.com\/portal\/wp-json\/wp\/v2\/posts\/307345\/revisions\/307348"}],"wp:featuredmedia":[{"embeddable":true,"href":"https:\/\/www.pcnen.com\/portal\/wp-json\/wp\/v2\/media\/307201"}],"wp:attachment":[{"href":"https:\/\/www.pcnen.com\/portal\/wp-json\/wp\/v2\/media?parent=307345"}],"wp:term":[{"taxonomy":"category","embeddable":true,"href":"https:\/\/www.pcnen.com\/portal\/wp-json\/wp\/v2\/categories?post=307345"},{"taxonomy":"post_tag","embeddable":true,"href":"https:\/\/www.pcnen.com\/portal\/wp-json\/wp\/v2\/tags?post=307345"}],"curies":[{"name":"wp","href":"https:\/\/api.w.org\/{rel}","templated":true}]}}