{"id":307267,"date":"2020-11-08T20:41:07","date_gmt":"2020-11-08T19:41:07","guid":{"rendered":"https:\/\/www.pcnen.com\/portal\/?p=307267"},"modified":"2020-11-08T21:36:36","modified_gmt":"2020-11-08T20:36:36","slug":"svestenik-plamenac-pusten-da-se-brani-sa-slobode","status":"publish","type":"post","link":"https:\/\/www.pcnen.com\/portal\/2020\/11\/08\/svestenik-plamenac-pusten-da-se-brani-sa-slobode\/","title":{"rendered":"Sve\u0161tenik Plamenac i njegov sin pu\u0161teni da se brani sa slobode"},"content":{"rendered":"<p>Sve\u0161tenik Jovan Plamenac (65) i njegov sin Krsto (34) su, nakon saslu\u0161anja u policiji,\u00a0 pu\u0161teni\u00a0 da se brane sa slobode, saop\u0161tio je rukovodilac Osnovnog dr\u017eavnog tu\u017eila\u0161tva u Baru.<\/p>\n<p>Nakon \u0161to je iza\u0161ao iz policijskih prostorija, Plamenac je prisutnima zahvalio za podr\u0161ku.<\/p>\n<p>&#8220;Umoran sam od svega \u0161to se od sino\u0107 de\u0161avalo. \u017delim da po\u0111em ku\u0107i i da se naspavam. Tako\u0111e, \u017eelim da se i vi mirno razi\u0111ete svojim ku\u0107ama&#8221;, rekao je sve\u0161tenik Plamenac obra\u0107aju\u0107i se prijateljima i vjernicima koji su ga do\u010dekali ispred UP.<\/p>\n<p>Plamenci se sumnji\u010de da su izvr\u0161ili krivi\u010dno djelo povreda groba mitropolita Arsenija Plamenca u Br\u010delima.<\/p>\n<p>Jovan Plamenac i njegocv sin Krsto su privedeni ve\u010deras u barsku policiju.<\/p>\n<p>&nbsp;<\/p>\n<p><a href=\"https:\/\/www.pcnen.com\/portal\/2020\/11\/08\/mitropolija-svestenik-plamenac-imao-nalog-od-pokojnog-mitropolita-amfilohija\/\">Mitropolija: Sve\u0161tenik Plamenac imao nalog od pokojnog mitropolita Amfilohija<\/a><\/p>\n<p><a href=\"https:\/\/www.pcnen.com\/portal\/2020\/11\/08\/vladika-metodije-nepotrebno-dizanje-tenzija-zbog-groba-mitrpolita-arsenija\/\">Mitropolija: Sve\u0161tenik Plamenac imao nalog od pokojnog mitropolita Amfilohija<\/a><\/p>\n<p><a href=\"https:\/\/www.pcnen.com\/portal\/2020\/11\/08\/barani-protestuju-zbog-hapsenja-svestenika-plamenca\/\">Barani protestuju zbog hap\u0161enja sve\u0161tenika Plamenca<\/a><\/p>\n<p><a href=\"https:\/\/www.pcnen.com\/portal\/2020\/11\/08\/up-svestenik-plamenac-i-njegov-sin-uhapseni-zbog-skrnavljenja-groba\/\">UP: Sve\u0161tenik Plamenac i njegov sin uhap\u0161eni zbog skrnavljenja grob<\/a><\/p>\n<p><a href=\"https:\/\/www.pcnen.com\/portal\/2020\/11\/08\/mjestani-brcela-protestovali-svestenik-saslusan-u-policiji\/\">Mje\u0161tani Br\u010dela protestovali, sve\u0161tenik saslu\u0161an u policiji<\/a><\/p>\n<p><a href=\"https:\/\/www.pcnen.com\/portal\/2020\/11\/08\/krivokapic-procesuirati-onoga-ko-je-oskrnavio-grobnicu-mitropolita-arsenija-plamenca\/\">Krivokapi\u0107: Procesuirati onoga ko je oskrnavio grobnicu mitropolita Arsenija Plamenca<\/a><\/p>\n","protected":false},"excerpt":{"rendered":"<p>Jovan Plamenac i njegocv sin Krsto su privedeni ve\u010deras u barsku policiju.<\/p>\n","protected":false},"author":1,"featured_media":307239,"comment_status":"open","ping_status":"closed","sticky":false,"template":"","format":"standard","meta":{"_seopress_robots_primary_cat":"","_seopress_titles_title":"","_seopress_titles_desc":"","_seopress_robots_index":"","_et_pb_use_builder":"","_et_pb_old_content":"","_et_gb_content_width":"","inline_featured_image":false,"footnotes":""},"categories":[14],"tags":[],"class_list":["post-307267","post","type-post","status-publish","format-standard","has-post-thumbnail","hentry","category-vijesti"],"_links":{"self":[{"href":"https:\/\/www.pcnen.com\/portal\/wp-json\/wp\/v2\/posts\/307267","targetHints":{"allow":["GET"]}}],"collection":[{"href":"https:\/\/www.pcnen.com\/portal\/wp-json\/wp\/v2\/posts"}],"about":[{"href":"https:\/\/www.pcnen.com\/portal\/wp-json\/wp\/v2\/types\/post"}],"author":[{"embeddable":true,"href":"https:\/\/www.pcnen.com\/portal\/wp-json\/wp\/v2\/users\/1"}],"replies":[{"embeddable":true,"href":"https:\/\/www.pcnen.com\/portal\/wp-json\/wp\/v2\/comments?post=307267"}],"version-history":[{"count":4,"href":"https:\/\/www.pcnen.com\/portal\/wp-json\/wp\/v2\/posts\/307267\/revisions"}],"predecessor-version":[{"id":307271,"href":"https:\/\/www.pcnen.com\/portal\/wp-json\/wp\/v2\/posts\/307267\/revisions\/307271"}],"wp:featuredmedia":[{"embeddable":true,"href":"https:\/\/www.pcnen.com\/portal\/wp-json\/wp\/v2\/media\/307239"}],"wp:attachment":[{"href":"https:\/\/www.pcnen.com\/portal\/wp-json\/wp\/v2\/media?parent=307267"}],"wp:term":[{"taxonomy":"category","embeddable":true,"href":"https:\/\/www.pcnen.com\/portal\/wp-json\/wp\/v2\/categories?post=307267"},{"taxonomy":"post_tag","embeddable":true,"href":"https:\/\/www.pcnen.com\/portal\/wp-json\/wp\/v2\/tags?post=307267"}],"curies":[{"name":"wp","href":"https:\/\/api.w.org\/{rel}","templated":true}]}}