{"id":307013,"date":"2020-11-06T18:41:37","date_gmt":"2020-11-06T17:41:37","guid":{"rendered":"https:\/\/www.pcnen.com\/portal\/?p=307013"},"modified":"2020-11-06T18:41:37","modified_gmt":"2020-11-06T17:41:37","slug":"predsjednistvo-ure-podrzalo-ekspertsku-vladu","status":"publish","type":"post","link":"https:\/\/www.pcnen.com\/portal\/2020\/11\/06\/predsjednistvo-ure-podrzalo-ekspertsku-vladu\/","title":{"rendered":"Predsjedni\u0161tvo URE podr\u017ealo ekspertsku Vladu"},"content":{"rendered":"<p>Na danas odr\u017eanoj elektronskoj sjednici, Predsjedni\u0161tvo Gra\u0111anskog pokreta URA je uz jedan uzdr\u017eani glas, usvojilo predlog nove Vlade Crne Gore mandatara prof. dr Zdravka Krivokapi\u0107a, saop\u0161teno je iz ove stranke.<\/p>\n<p>U saop\u0161tenju stoji da je Predsjedni\u0161tvo saglasno da je ekspertskom vladom zadovoljen jedan od glavnih principa za koje se zalagala koalicija \u201eCrno na bijelo\u201c.<\/p>\n<p>\u201ePrijedlog mandatara Krivokapi\u0107a da eksperti budu ministri u razli\u010ditim resorima Vlade odgovara predizbornom programu koalicije \u201eCrno na bijelo\u201c a zadovoljstvo je i \u0161to je taj koncept preovladao u javnom mnjenju kao ve\u0107inski (na \u0161ta ukazuje najnovije istra\u017eivanje javnog mnjenja).<\/p>\n<p>Zamjerka ostaje \u0161to ponu\u0111enim sastavom Vlade nije ispo\u0161tovana identiteska raznolikost Crne Gore, ta\u010dnije \u0161to nema pripadnika manjinskih naroda i \u0161to u sastavu Vlade nema ve\u0107eg broja \u017eena. Ipak, vjerujemo da \u0107e se u dubinskoj strukturi Vlade ova dva principa vi\u0161e po\u0161tovati\u201c, konstatovalo je Predsjedni\u0161tvo URE.<\/p>\n<p>Predsjedni\u0161tvo podr\u017eava i predlog da lider URE Dritan Abazovi\u0107 bude potpredsjednik Vlade i ministar odbrane.<\/p>\n<p>\u201eIz razloga uva\u017eavanja koalicije \u201eCrno na bijelo\u201c u formiranju same Vlade i iz razloga \u0161to su nosioci lista ostale dvije koalicije na\u0161li svoje mjesto u izvr\u0161noj i zakonodavnoj vlasti (prof. dr Zdravko Krivokapi\u0107 kao premijer i mr Aleksa Be\u010di\u0107 kao predsjednik Skup\u0161tine). Imenovanje lidera koalicije \u201eCrno na bijelo\u201c dr Dritana Abazovi\u0107a u izvr\u0161noj vlasti\u00a0 iz tih razloga potpuno je opravdano i pravedno\u201c, zaklju\u010duje se u saop\u0161tenju, dostavljeno medijima.<\/p>\n","protected":false},"excerpt":{"rendered":"<p>Predsjedni\u0161tvo podr\u017eava i predlog da lider URE Dritan Abazovi\u0107 bude potpredsjednik Vlade i ministar odbrane<\/p>\n","protected":false},"author":1,"featured_media":0,"comment_status":"open","ping_status":"closed","sticky":false,"template":"","format":"standard","meta":{"_seopress_robots_primary_cat":"","_seopress_titles_title":"","_seopress_titles_desc":"","_seopress_robots_index":"","_et_pb_use_builder":"","_et_pb_old_content":"","_et_gb_content_width":"","inline_featured_image":false,"footnotes":""},"categories":[14],"tags":[],"class_list":["post-307013","post","type-post","status-publish","format-standard","hentry","category-vijesti"],"_links":{"self":[{"href":"https:\/\/www.pcnen.com\/portal\/wp-json\/wp\/v2\/posts\/307013","targetHints":{"allow":["GET"]}}],"collection":[{"href":"https:\/\/www.pcnen.com\/portal\/wp-json\/wp\/v2\/posts"}],"about":[{"href":"https:\/\/www.pcnen.com\/portal\/wp-json\/wp\/v2\/types\/post"}],"author":[{"embeddable":true,"href":"https:\/\/www.pcnen.com\/portal\/wp-json\/wp\/v2\/users\/1"}],"replies":[{"embeddable":true,"href":"https:\/\/www.pcnen.com\/portal\/wp-json\/wp\/v2\/comments?post=307013"}],"version-history":[{"count":1,"href":"https:\/\/www.pcnen.com\/portal\/wp-json\/wp\/v2\/posts\/307013\/revisions"}],"predecessor-version":[{"id":307014,"href":"https:\/\/www.pcnen.com\/portal\/wp-json\/wp\/v2\/posts\/307013\/revisions\/307014"}],"wp:attachment":[{"href":"https:\/\/www.pcnen.com\/portal\/wp-json\/wp\/v2\/media?parent=307013"}],"wp:term":[{"taxonomy":"category","embeddable":true,"href":"https:\/\/www.pcnen.com\/portal\/wp-json\/wp\/v2\/categories?post=307013"},{"taxonomy":"post_tag","embeddable":true,"href":"https:\/\/www.pcnen.com\/portal\/wp-json\/wp\/v2\/tags?post=307013"}],"curies":[{"name":"wp","href":"https:\/\/api.w.org\/{rel}","templated":true}]}}