{"id":306942,"date":"2020-11-06T12:12:22","date_gmt":"2020-11-06T11:12:22","guid":{"rendered":"https:\/\/www.pcnen.com\/portal\/?p=306942"},"modified":"2020-11-06T19:37:35","modified_gmt":"2020-11-06T18:37:35","slug":"ekoloski-aktivisti-revoltirani-predlogom-ratka-mitrovica-za-ministra","status":"publish","type":"post","link":"https:\/\/www.pcnen.com\/portal\/2020\/11\/06\/ekoloski-aktivisti-revoltirani-predlogom-ratka-mitrovica-za-ministra\/","title":{"rendered":"Ekolo\u0161ki aktivisti revoltirani kandidovanjem Ratka Mitrovi\u0107a za ministra"},"content":{"rendered":"<p>Samo par sati nakon objave predloga<a href=\"https:\/\/www.pcnen.com\/portal\/2020\/11\/05\/mandatar-predlozio-sastav-vlade\/\"> ministara za novu Vladu Crne G<\/a>ore na \u010delu sa mandatarom Zdravkom Krivokapi\u0107em, na dru\u0161tvenim mre\u017eama su se oglasili ekolo\u0161ki aktivisti i gra\u0111ani koji se bore protiv izgradnje minihidrocentrala (mHE) na planinskim rijekama. Oni su revoltirani zbog predloga da u budu\u0107oj vladi prof. dr Ratko Mitrovi\u0107 bude na \u010delu Ministarstva ekologije, prostornog planiranja i urbanizma, zbog njegovog u\u010de\u0161\u0107a u projektima mHe i\u00a0 veze sa vlasnicima Dekar energy firme koja je po\u010dela izgradnju mHE u Barama Kraljskim.<\/p>\n<p>Ratko Mitrovi\u0107 se navodi kao vode\u0107i projektant mHE Crnja, Ljuba\u0161tica i Crni potok, protiv kojih su ustali mje\u0161tani Bara Kraljskih.<\/p>\n<p>To nije jedina veza sa Miranovi\u0107ima. Prof. dr Ratko Mitrovi\u0107 je jedan od osniva\u010da kompanije D.O.O \u201eRENEWABLE ENERGY MONTENEGRO\u201c, gdje je jedan od osniva\u010da i Mom\u010dilo Miranovi\u0107 koji je koncesionar na rijekama u Barama Kraljskim.<\/p>\n<p><img loading=\"lazy\" decoding=\"async\" class=\"aligncenter size-full wp-image-306943\" src=\"https:\/\/www.pcnen.com\/portal\/wp-content\/uploads\/2020\/11\/mitrovic-osnivac.jpg\" alt=\"\" width=\"555\" height=\"908\" srcset=\"https:\/\/www.pcnen.com\/portal\/wp-content\/uploads\/2020\/11\/mitrovic-osnivac.jpg 555w, https:\/\/www.pcnen.com\/portal\/wp-content\/uploads\/2020\/11\/mitrovic-osnivac-183x300.jpg 183w\" sizes=\"(max-width: 555px) 100vw, 555px\" \/><\/p>\n<p><em>Vladimir Novovi\u0107, istaknuti mje\u0161tanin Bara Kraljskih koji u\u010destvuje u organizaciji protesta, upozorava da ekolo\u0161ka Crna Gora nema \u010demu da se nada ako je kandidat za ministra ekologije, planiranje prostora i urbanizma u\u010destvovao u projektima izgradnje mHE.<\/em><\/p>\n<p><em>&#8220;Vijest da je prof. Ratko Mitrovi\u0107 predlo\u017een za ministra ekologije u novoj Vladi Crne Gore nas je zatekla. Ne zbog biografije kandidata za ministra, koliko zbog potpisa ovog profesora na projektima izgradnje malih hidroelektrana u selu Kraljske Bare, op\u0161tina Kola\u0161in.<\/em><\/p>\n<p><em>Naime, na tabli koja je postavljena na mjestu budu\u0107eg ma\u0161inskog postrojenja za \u010dak tri mHE (Crnja, Ljuba\u0161tica i Crni potok) stoji njegovo ime, pa vode\u0107i se na\u0161im iskustvom, Crna Gora po pitanju ekologije nema vi\u0161e \u010demu da se nada.<\/em><\/p>\n<p><img loading=\"lazy\" decoding=\"async\" class=\"aligncenter size-full wp-image-297990\" src=\"https:\/\/www.pcnen.com\/portal\/wp-content\/uploads\/2020\/07\/tabla-mHE-e1595859113206.jpg\" alt=\"\" width=\"640\" height=\"480\" \/><\/p>\n<p><em>Ako je profesor Mitrovi\u0107 radio projekte izgradnje ove tri mHE, a pri tome projektovao mHE &#8216;Crni potok&#8217;, gdje su na istoimeni vodotok izdate UTU i gradjevinska dozvola i sve ostale dozvole, a vodozahvat za ovu mHE projektovao na rje\u010dici \u010cestogaz, u koju se uliva Crni potok (jer je pritoka \u010cestogazu) i dok na ovom prvom nije predvi\u0111ena nikakva gradnja &#8211; dovoljno govori o tome koliko je ovog profesora briga o rijekama i ekologiji.<\/em><\/p>\n<p><em>Ako je kandidovani profesor autor projekata ovih mHE, a kojim je planirao da tri male planinske rijeke od kojih zavisi sva priroda ispod ovod ovog dijela Komova i ako svojim projektima poku\u0161ava da stavi &#8216;sav planinski \u017eivot&#8217; i \u017eivot ovog kraja u ukupno 10 kilometara cijevi, ostavi rije\u010dna korita suva u tolikoj du\u017eini, naru\u0161i biodiverzitet, ugrozi sav biljini i \u017eivotinjski svijet, uti\u010de na to da lokalno stanovni\u0161tvo ostane bez pitke vode i bude prinu\u0111eno na iseljavanja sa vjekovnih ognji\u0161ta &#8211; onda je budu\u0107nost ekologije u Crnoj Gori pod ozbiljnim pitanjem.<\/em><\/p>\n<p><em>Tako\u0111e, kako smo u saznanju, ovaj profesor je bio osniva\u010d firmi koje su uklju\u010dene u izgradnju ili koncesije za mHE, pored ostalih i na ovim rije\u010dnim tokovima &#8211; Crnja, Ljuba\u0161tica i \u010cestogaz, u Kraljskim Barama.<\/em><\/p>\n<p><em>Do sada smo svim devastatorima na\u0161eg prostora i ubicama na\u0161ih rijeka jasno stavili do znanja da u ovom kraju ne\u0107e graditi mHE, niti \u0107e bilo koja povla\u0161\u0107ena grupa ili tajkuni uni\u0161tavati ono \u0161to su generacije na\u0161ih predaka i Crna Gora \u010duvale za nova pokoljena, a to je zdrava sredina za \u017eivot &#8211; tako mo\u017eemo poru\u010diti i budu\u0107em ministru, da iz ovoga kraja ne\u0107e uzeti NI KAP na\u0161ih rijeka, iako je to planirao jo\u0161 prije skoro 10 godina.&#8221;<\/em><\/p>\n<h2><strong>Kandidat za ministra projektovao \u010dak 15 mHE<\/strong><\/h2>\n<p>Ekolo\u0161ka aktivistkinja Semra Mahmutovi\u0107 za PCNEN ka\u017ee da sama biografija prof. dr Ratka Mitrovi\u0107a ne preporu\u010duje istog za predlo\u017eeno mjesto.<\/p>\n<p>\u201eNesvijest ili zanemarivanje kumulativne \u0161tete mini hidroelektrana na \u017eivi svijet, \u017eivotni prostor i odr\u017eivi razvoj, kandidata za ministra dr Mitrovi\u0107a koji u svojoj radnoj biografiji ima \u010dak 15 mHe, bez obzira na stru\u010dne kvalifikacije i ostalo iskustvo, nikako ne preporu\u010duje za ove resore. Za mje\u0161tane sela koji ve\u0107 mjesecima blokiraju izgradnju mHe i zajedno sa ostalim gra\u0111anima Crne Gore gotovo svu nadu pola\u017eu u Vladu koja \u0107e zaustaviti mHe kriminal ovo je nizak udarac koji obeshrabruje\u201c, obja\u0161njava Semra.<\/p>\n<p>Na dru\u0161tvenim mre\u017eama reagovao je i istaknuti\u00a0 gra\u0111anski aktivista Aaleksandar Dragi\u0107evi\u0107, koji se nada da se radi o \u201c\u0161ali\u201d mandatara kada je u pitanju predlog ovog kadrovskog re\u0161enja.<\/p>\n<p>Portal PCNEN je poslao pitanja prof. dr Ratku Mitrovi\u0107u. On je poru\u0107io\u00a0 da \u0107e rado odgovoriti na pitanja, ali da \u0107e to tek mo\u017ee u\u010diniti kad postane ministar, te da trenutno mo\u017ee nezvani\u010dno razgovarati sa nama. U me\u0111uvremenu, poku\u0161ali smo i posredstvom telefona da\u00a0 stupimo u kontakt sa njim, ali se gospodin Mitrovi\u0107 nije javljao.<\/p>\n<h2><strong>Odgovor URA na pitanje novinara PCNEN<\/strong><\/h2>\n<p><span class=\"_5yl5\">&#8220;Prije svega, formiranje Ministarstva ekologije bio je jedan od vidova nastojanja URE da se na kvalitetniji na\u010din institucionalno rije\u0161e mnoga problemati\u010dna ekolo\u0161ka pit<\/span><span class=\"_5yl5\">anja u Crnoj Gori. To smatramo velikom pobjedom na\u0161e partije. <\/span><\/p>\n<p><span class=\"_5yl5\">URA \u0107e se, kao zelena partija, zalagati da se u Skup\u0161tini Crne Gore izglasa zabrana gradnje mini hidroelektrana. To je princip od kog ne\u0107emo odustati. <\/span><span class=\"_5yl5\">Ipak, va\u017eno je napomenuti da ne\u0107emo ni prejudicirati stvari i automatski diskvalifikovati predlo\u017eenog ministra ekologije prof. dr Ratka Mitrovi\u0107a. <\/span><\/p>\n<p><span class=\"_5yl5\">Razumijemo da u javnosti postoji percepcija da je sporno njegovo u\u010de\u0161\u0107e u projektovanju mini hidroelektrana, no, da li bi, po toj logici onda, svaki advokat koji \u0161titi nekog po\u010dinitelja ubistva, i pritom dobije taj slu\u010daj, automatski zbog toga bio sporan advokat? <\/span><\/p>\n<p><span class=\"_5yl5\">Pritom, kako saznajemo, dr Mitrovi\u0107 je iz projektovanja mHE iza\u0161ao prije nekoliko godina. Treba poslu\u0161ati njegovo mi\u0161ljenje i stav o mini hidroelektranama sada. <\/span><\/p>\n<p><span class=\"_5yl5\">Svakako, ukoliko se ispostavi da se radi o nekome ko bi \u010dinio protiv interesa ekolo\u0161ke Crne Gore, mi \u0107emo reagovati proaktivno&#8221;.<\/span><\/p>\n<p><strong>Vuk VUJISI\u0106<\/strong><\/p>\n<p><a href=\"https:\/\/www.pcnen.com\/portal\/2020\/11\/03\/mjestani-kolasinskih-sela-uputili-otvoreno-pismo-delagaciji-eu-u-crnoj-gori\/\">Mje\u0161tani kola\u0161inskih sela uputili otvoreno pismo Delagaciji EU u Crnoj Gori<\/a><\/p>\n<p><a href=\"https:\/\/www.pcnen.com\/portal\/2020\/11\/01\/odrzan-ptotest-u-barama-kraljskim-video\/\">Odr\u017ean ptotest u Barama kraljskim (video)<\/a><\/p>\n<p><a href=\"https:\/\/www.pcnen.com\/portal\/2020\/10\/30\/bare-kraljske\/\">Bare kraljske (video)<\/a><\/p>\n<p><a href=\"https:\/\/www.pcnen.com\/portal\/2020\/09\/13\/bare-kraljske-investitorima-dat-rok-za-povlacenje-uzivo\/\">Bare Kraljske: Investitorima dat rok za povla\u010denje (u\u017eivo)<\/a><\/p>\n<p><a href=\"https:\/\/www.pcnen.com\/portal\/2020\/09\/13\/bare-kraljske-investitorima-dat-rok-za-povlacenje-uzivo\/\">Bare Kraljske: Investitorima dat rok za povla\u010denje (u\u017eivo)<\/a><\/p>\n<p><a href=\"https:\/\/www.pcnen.com\/portal\/2020\/10\/18\/za-obustavu-devastirajucih-mhe-za-nase-rijeke\/\">Za obustavu devastiraju\u0107ih mHE, za na\u0161e rijeke!<\/a><\/p>\n<p><a href=\"https:\/\/www.pcnen.com\/portal\/2020\/10\/15\/investitor-povlaci-dio-mehanizacije-iz-bara-kraljskih-video\/\">Investitor povla\u010di dio mehanizacije iz Bara Kraljskih (video)<\/a><\/p>\n<p><a href=\"https:\/\/www.pcnen.com\/portal\/2020\/09\/13\/bare-kraljske-investitorima-dat-rok-za-povlacenje-uzivo\/\">Bare Kraljske: Investitorima dat rok za povla\u010denje (u\u017eivo)<\/a><\/p>\n<p><a href=\"https:\/\/www.pcnen.com\/portal\/2020\/07\/25\/rijeku-bagerima-napali-na-prepad\/\">Rijeku bagerima napali na prepad<\/a><\/p>\n<p><a href=\"https:\/\/www.pcnen.com\/portal\/2020\/10\/04\/strucnjaci-nenamjerno-sakrili-dazdevnjaka-iz-bara-kraljskih-video\/\">Stru\u010dnjaci (ne)namjerno sakrili da\u017edevnjaka iz Bara Kraljskih\u00a0<\/a>(video)<\/p>\n<p>&nbsp;<\/p>\n","protected":false},"excerpt":{"rendered":"<p>Ekolo\u0161ki aktivisti tra\u017ee da se povu\u010de predlog mandatara Zdravka Krivokapi\u0107a kojim se za ministra Ekologije prostornog planiranja i urbanizam predla\u017ee prof. dr Ratko Mitrovi\u0107.<\/p>\n","protected":false},"author":1,"featured_media":306951,"comment_status":"open","ping_status":"closed","sticky":false,"template":"","format":"standard","meta":{"_seopress_robots_primary_cat":"","_seopress_titles_title":"","_seopress_titles_desc":"","_seopress_robots_index":"","_et_pb_use_builder":"","_et_pb_old_content":"","_et_gb_content_width":"","inline_featured_image":false,"footnotes":""},"categories":[14,12],"tags":[],"class_list":["post-306942","post","type-post","status-publish","format-standard","has-post-thumbnail","hentry","category-vijesti","category-prica-dana"],"_links":{"self":[{"href":"https:\/\/www.pcnen.com\/portal\/wp-json\/wp\/v2\/posts\/306942","targetHints":{"allow":["GET"]}}],"collection":[{"href":"https:\/\/www.pcnen.com\/portal\/wp-json\/wp\/v2\/posts"}],"about":[{"href":"https:\/\/www.pcnen.com\/portal\/wp-json\/wp\/v2\/types\/post"}],"author":[{"embeddable":true,"href":"https:\/\/www.pcnen.com\/portal\/wp-json\/wp\/v2\/users\/1"}],"replies":[{"embeddable":true,"href":"https:\/\/www.pcnen.com\/portal\/wp-json\/wp\/v2\/comments?post=306942"}],"version-history":[{"count":12,"href":"https:\/\/www.pcnen.com\/portal\/wp-json\/wp\/v2\/posts\/306942\/revisions"}],"predecessor-version":[{"id":307025,"href":"https:\/\/www.pcnen.com\/portal\/wp-json\/wp\/v2\/posts\/306942\/revisions\/307025"}],"wp:featuredmedia":[{"embeddable":true,"href":"https:\/\/www.pcnen.com\/portal\/wp-json\/wp\/v2\/media\/306951"}],"wp:attachment":[{"href":"https:\/\/www.pcnen.com\/portal\/wp-json\/wp\/v2\/media?parent=306942"}],"wp:term":[{"taxonomy":"category","embeddable":true,"href":"https:\/\/www.pcnen.com\/portal\/wp-json\/wp\/v2\/categories?post=306942"},{"taxonomy":"post_tag","embeddable":true,"href":"https:\/\/www.pcnen.com\/portal\/wp-json\/wp\/v2\/tags?post=306942"}],"curies":[{"name":"wp","href":"https:\/\/api.w.org\/{rel}","templated":true}]}}