{"id":306937,"date":"2020-11-06T12:50:52","date_gmt":"2020-11-06T11:50:52","guid":{"rendered":"https:\/\/www.pcnen.com\/portal\/?p=306937"},"modified":"2020-11-06T21:14:13","modified_gmt":"2020-11-06T20:14:13","slug":"kratke-crtice-o-predlozenim-apostolima","status":"publish","type":"post","link":"https:\/\/www.pcnen.com\/portal\/2020\/11\/06\/kratke-crtice-o-predlozenim-apostolima\/","title":{"rendered":"Kratke crtice o predlo\u017eenim apostolima"},"content":{"rendered":"<p>\u2663 Mandataru, koji nema podr\u0161ku ni koalicije na \u010dijem je \u010delu bio, svakako nije bilo lako izabrati 12 apostola koji \u0107e se svima svidjeti. I to je jedino opravdanje za njega.<\/p>\n<p>\u2663 Sa dvanaest ju\u010de predlo\u017eenih apostola, izuzimaju\u0107i Mladena Bojani\u0107a, mandatar je opalio \u0161amar ve\u0107ini onih koji su ga branili od neprincipijelnih napada lidera koalicije na \u010dijem je \u010delu bio.<\/p>\n<p>\u2663 Od njih 12 tj.11 predlo\u017eenih ministara, za sada se sa sigurno\u0161\u0107u zna da su \u010detiri na ovaj ili onaj na\u010din iz njegovog bliskog, privatnog okru\u017eenja, uklju\u010deni u organizaciju litija, miljenici Crkve i propagatori vjere, kao uosatalom i sam mandatar. Biv\u0161u privatnu i privatizovanu Vladu, zamijeni\u0107e opet Vlada iz privatnih krugova novog mandatara.<\/p>\n<p>\u2663 Predlo\u017eena Vlada je uglavnom teokratska, u sve vi\u0161e samo formalno sekularnoj dr\u017eavi. Podsjeti\u0107u da u Crnoj Gori ima preko 20% nepravoslavaca, te najmanje 30% ateista i agnostika.<\/p>\n<p>\u2663 Odabirom kadrova, mandatar je ukopao Dritana Abazovi\u0107a koji mu je davao blanko podr\u0161ku. Da URA nije podr\u017eala predlo\u017eene apostole, bila bi ozna\u010dena kao glavni krivac za neformiranje Vlade. Podr\u017eav\u0161i ih, URA je razo\u010darala i izgubila povjerenje kod dobrog dijela svojih glasa\u010da i simpatizera.<\/p>\n<p>\u2663 Predlo\u017eenim sastavom Vlade, mandatar je pljunuo u lice manjinama i nacionalnim Crnogorcima.<\/p>\n<p>\u2663 Manjinama je, pored ostalog, poslao poruku da \u0107e biti marginalizovane i majorizovane, da se pravoslavlje na mala vrata uvodi kao dr\u017eavna religija i dr\u017eavna politika, da su nesposobni, da nemaju \u0161to da tra\u017ee u novoj, promijenjenoj vlasti. Bo\u0161njacima, da je koruptivno-mafija\u0161ki DPS, te koruptivno-neposti\u010dka Bo\u0161nja\u010dka stranka i SD, ipak bili najbolji izbor za njih. Podr\u0161kom predlo\u017eenim izborom ministara, Demokrate, ali prije svega URA, su se pridru\u017eili takvoj mandatarevoj poruci.<\/p>\n<p>\u2663 Nepisano je pravilo da se svakoj Vladi daje 100 dana da poka\u017ee svoje umije\u0107e prije nego se po\u010dne kritikovati. To pravilo ve\u0107 kr\u0161e profesionalni politi\u010dari, i to oni kojim je mandatar Krivokapi\u0107 bio nosilac liste. Iako mi oni nijesu reper u bilo \u010demu, poslije ovakvog poku\u0161aja poni\u017eenja, i razo\u010darenja, novoj Vladi, kao slobodan gra\u0111anin, ne dajem ni sat.<\/p>\n<p>\u2663 Oni koji brane predlo\u017eeni izbor navode\u0107i kao reper kralja Ilira, Miga &#8211; paris sen \u017eermena, svemogu\u0107eg Belog orla i sli\u010dne, da ka\u017eem, da oni za mene nijesu nikakav reper, ve\u0107 talog i \u0161ljam protiv kojeg sam se trideset godina borio &#8211; onoliko koliko sam mogao.<\/p>\n<p>Na kraju, ovim putem \u017eelim da odgovorim nekim du\u0161ebri\u017enicima koji su mi poru\u010dili kako mi 30 godina nije smetalo \u0161to u biv\u0161im Vladama nije bilo Srba.<\/p>\n<p>Osim \u0161to ih je bilo, jedan dio njih su nacionalni identitet i poglede promjenili samo fiktivno, jer im je to bilo profitabilno. Uostalom, kao i jedan dio njih u opozicji (profesionalnoj), ali ovi u obrnutom smjeru. Ako sam 30 godina bio opozicija biv\u0161ih vlada, onda mi je valjda smetalo i to!?<\/p>\n<p>A da sam reagovao, mo\u017ee posvjedo\u010diti jedan aktuelni Krivokapi\u0107ev savjetnik, deklarisani srpski nacionalista (sasvim legitimno deklarisanje), koji mi je jo\u0161 prije 10-12 godina odao priznanje na portalu PCNEN, da sam prvi i jedini izvorni suverenista koji je javno napisao da su Srbi u Crnoj Gori diskriminisani.<\/p>\n<p>Istom, vidim, kao Krivokapi\u0107evom savjetniku, nije smetala ta diskriminacija drugih, kroz predlo\u017eeni sastav Vlade.<\/p>\n","protected":false},"excerpt":{"rendered":"<p>Autor: Omer \u0160ARKI\u0106<\/p>\n","protected":false},"author":12,"featured_media":286086,"comment_status":"open","ping_status":"closed","sticky":false,"template":"","format":"standard","meta":{"_seopress_robots_primary_cat":"","_seopress_titles_title":"","_seopress_titles_desc":"","_seopress_robots_index":"","_et_pb_use_builder":"","_et_pb_old_content":"","_et_gb_content_width":"","inline_featured_image":false,"footnotes":""},"categories":[17],"tags":[],"class_list":["post-306937","post","type-post","status-publish","format-standard","has-post-thumbnail","hentry","category-blogovi"],"_links":{"self":[{"href":"https:\/\/www.pcnen.com\/portal\/wp-json\/wp\/v2\/posts\/306937","targetHints":{"allow":["GET"]}}],"collection":[{"href":"https:\/\/www.pcnen.com\/portal\/wp-json\/wp\/v2\/posts"}],"about":[{"href":"https:\/\/www.pcnen.com\/portal\/wp-json\/wp\/v2\/types\/post"}],"author":[{"embeddable":true,"href":"https:\/\/www.pcnen.com\/portal\/wp-json\/wp\/v2\/users\/12"}],"replies":[{"embeddable":true,"href":"https:\/\/www.pcnen.com\/portal\/wp-json\/wp\/v2\/comments?post=306937"}],"version-history":[{"count":13,"href":"https:\/\/www.pcnen.com\/portal\/wp-json\/wp\/v2\/posts\/306937\/revisions"}],"predecessor-version":[{"id":307037,"href":"https:\/\/www.pcnen.com\/portal\/wp-json\/wp\/v2\/posts\/306937\/revisions\/307037"}],"wp:featuredmedia":[{"embeddable":true,"href":"https:\/\/www.pcnen.com\/portal\/wp-json\/wp\/v2\/media\/286086"}],"wp:attachment":[{"href":"https:\/\/www.pcnen.com\/portal\/wp-json\/wp\/v2\/media?parent=306937"}],"wp:term":[{"taxonomy":"category","embeddable":true,"href":"https:\/\/www.pcnen.com\/portal\/wp-json\/wp\/v2\/categories?post=306937"},{"taxonomy":"post_tag","embeddable":true,"href":"https:\/\/www.pcnen.com\/portal\/wp-json\/wp\/v2\/tags?post=306937"}],"curies":[{"name":"wp","href":"https:\/\/api.w.org\/{rel}","templated":true}]}}