{"id":306722,"date":"2020-11-04T07:44:09","date_gmt":"2020-11-04T06:44:09","guid":{"rendered":"https:\/\/www.pcnen.com\/portal\/?p=306722"},"modified":"2020-11-04T16:54:05","modified_gmt":"2020-11-04T15:54:05","slug":"mjesecima-bistricu-truju-malterom-i-hemikalijama","status":"publish","type":"post","link":"https:\/\/www.pcnen.com\/portal\/2020\/11\/04\/mjesecima-bistricu-truju-malterom-i-hemikalijama\/","title":{"rendered":"Mjesecima Bistricu truju malterom i hemikalijama"},"content":{"rendered":"<p>Ispiranje maltera, koji se koristi za izgradnju tunela \u201cKlisura\u201d, a nalazi se na dijelu regionalnog puta u izgradnji Lubnice \u2013 Jezerine, izaziva ekocid u vodotoku Jelova\u010dke rijeke \u2013 Bistrice.<\/p>\n<p>Dio rijeke je, usljed ispu\u0161tanja otpadnih voda u njen vodotok, potpuno zamu\u0107en. Voda je sive boje. Okoli\u0161 \u201coboga\u0107uju\u201d razbacani ostaci betona, pijeska i \u0161uta.<\/p>\n<p><iframe loading=\"lazy\" title=\"Malter i hemikalije pravo u Bistricu\" width=\"1080\" height=\"608\" src=\"https:\/\/www.youtube.com\/embed\/ngIPDE4CEYc?feature=oembed\" frameborder=\"0\" allow=\"accelerometer; autoplay; clipboard-write; encrypted-media; gyroscope; picture-in-picture; web-share\" allowfullscreen><\/iframe><\/p>\n<p><strong>Milutin Mi\u0107ovi\u0107<\/strong>, predstavnik Sportsko &#8211; ribolovnog dru\u0161tva \u2018Lim Berane\u2019, koje gazduje vodama na teritoriji op\u0161tine Berane, je jo\u0161 u jesen pro\u0161le godine primijetio da je voda koja ide prema hidrocentralama u mjestu Jelovica nenormalne boje. Njega je, u to vrijeme, kontaktiralo i vi\u0161e mje\u0161tana sa Jelova\u010dkog katuna koji su primijetili promjene u boji vode.<\/p>\n<p>Mi\u0107ovi\u0107 je tada obavijestio i inspektora za vode Uprave za inspekcijske poslove Crne Gore <strong>Dragana \u0160ekularca <\/strong>o radovima koje sprovodi sarajevska firma \u201cDOO Euro-asfalt\u201d, \u0160ekularac je \u00a0iza\u0161ao na lice mjesta<strong>, <\/strong>a potom podnio prijavu Osnovnom dr\u017eavnom tu\u017eila\u0161tvu (ODT) u Beranama. Me\u0111utim, ta prijava je odba\u010dena, jer nije sadr\u017eala i mi\u0161ljenje Centra za ekotoksikolo\u0161ka pitanja (CETI).<\/p>\n<p><strong>\u00a0<\/strong>U martu 2020. Godine, Mi\u0107ovi\u0107 je primijetio da je voda plavo-sive boje. Pratio je trag uzvodno u potrazi za uzrokom. Kod tunela koji se probija na putu Berane-Kola\u0161in vidio je da se ispod nalazi separacija-betonjerka, a ispod nje ispust cementnih voda koje idu direktno u kanal koji se uliva u rijeku Bistricu. Tada je ponovo obavijestio Komunalnu policiju i vodoprivrednog inspektora, nakon \u010dega su pozvali CETI kako bi izvr\u0161ili uzorkovanje vode.<\/p>\n<h2 style=\"text-align: center;\"><strong>Nalazi iz CETI-ja su pokazali da otpadne vode koje se ispu\u0161taju iz kopa tunela ne odgovaraju kvalitetu otpadnih voda koje su propisane Pravilnikom <\/strong><\/h2>\n<p><strong>\u00a0<\/strong>CETI je uzorke uzeo sa pet lokacija. Sa tri lokacije &#8211; direktno iz potoka koji se uliva u Bistricu, dok su druga uzorka iz \u010diste vode \u2013 jedan iznad uliva separatnih voda, a drugi iz jednog potoka koji se uliva u taj separatni kanal. U nalazu CETI-ja konstatovano je da otpadne vode koje se ispu\u0161taju iz kopa tunela, kao i otpadne vode iz betonjerke koja se nalazi u neposrednoj blizini talo\u017enika, po svim parametrima ne odgovaraju kvalitetu otpadnih voda koje su propisane Pravilnikom o kvalitetu otpadnih voda koje se ispu\u0161taju u privredni recipijent.<\/p>\n<p>Nalaz CETI-ja je predat Ministarstvu poljoprivrede i ruralnog razvoja koje gazduje ovim vodama.<\/p>\n<p><img loading=\"lazy\" decoding=\"async\" class=\"aligncenter size-full wp-image-306724\" src=\"https:\/\/www.pcnen.com\/portal\/wp-content\/uploads\/2020\/11\/misljenje-CETI.jpg\" alt=\"\" width=\"600\" height=\"500\" srcset=\"https:\/\/www.pcnen.com\/portal\/wp-content\/uploads\/2020\/11\/misljenje-CETI.jpg 600w, https:\/\/www.pcnen.com\/portal\/wp-content\/uploads\/2020\/11\/misljenje-CETI-300x250.jpg 300w, https:\/\/www.pcnen.com\/portal\/wp-content\/uploads\/2020\/11\/misljenje-CETI-580x483.jpg 580w\" sizes=\"(max-width: 600px) 100vw, 600px\" \/><\/p>\n<h2 style=\"text-align: center;\"><strong>\u00a0<\/strong><strong>Istra\u017eivanje PMF-a utvrdilo da u rasponu od tri kilometra od ulivanja potoka iz tunela nema ribe u Bistrici <\/strong><\/h2>\n<p>Stru\u010dnjaci sa Prirodno-matemati\u010dkog fakulteta Crne Gore su istra\u017eili stanje riblje faune i faune <strong>bentosa<\/strong> u gornjem dijelu toka rijeke Bistrice. <em>(Bentos je ekolo\u0161ka grupa organizama koja sve svoje \u017eivotne aktivnosti ostvaruje na dnu vodenih ekosistema. Oni \u010dine \u017eivotne zajednice rje\u010dnog, jezerskog ili morskog dna, jer su vezani za podlogu ili se kre\u0107u po dnu.) <\/em><em>\u00a0<\/em><\/p>\n<p>Iz tog istra\u017eivanja proizilazi da je rijeka Bistrica u svom gornjem dijelu toka \u201cpod negativnim uticajem potoka koji se sliva iz tunela u izgradnji i okolnog slivnog podru\u010dja\u201d. Istra\u017eivanjem je jo\u0161 utvr\u0111eno da nema faune ribe u rasponu od tri kilometra od ulivanja potoka iz tunela.<\/p>\n<p>Milutin Mi\u0107ovi\u0107 je, nakon \u0161to je prikupio dokaze, podnio krivi\u010dnu prijavu Osnovnom dr\u017eavnom tu\u017eila\u0161tvu u Beranama. Ta prijava je odba\u010dena prije desetak dana. \u201cRe\u010deno nam je da nije do\u0161lo do ve\u0107eg zaga\u0111enja\u201d, ka\u017ee Mi\u0107ovi\u0107.<\/p>\n<h2 style=\"text-align: center;\"><strong>Milutin Mi\u0107ovi\u0107 upozorava da je nalaz vje\u0161taka bitno uticao da prijava ODT-u bude odba\u010dena<\/strong><\/h2>\n<p><img loading=\"lazy\" decoding=\"async\" class=\"aligncenter size-full wp-image-306725\" src=\"https:\/\/www.pcnen.com\/portal\/wp-content\/uploads\/2020\/11\/otpad-potok.jpg\" alt=\"\" width=\"650\" height=\"408\" srcset=\"https:\/\/www.pcnen.com\/portal\/wp-content\/uploads\/2020\/11\/otpad-potok.jpg 650w, https:\/\/www.pcnen.com\/portal\/wp-content\/uploads\/2020\/11\/otpad-potok-300x188.jpg 300w, https:\/\/www.pcnen.com\/portal\/wp-content\/uploads\/2020\/11\/otpad-potok-580x364.jpg 580w\" sizes=\"(max-width: 650px) 100vw, 650px\" \/><\/p>\n<p>Prema nalazu i mi\u0161ljenju vje\u0161taka <strong>Bo\u0161ka Perovi\u0107a, <\/strong>do\u0161lo je do akcidentne situacije i evidentno je da talo\u017enik (predvi\u0111en za tretman otpadnih voda sa platoa betonjerke) u koji su se usmjeravale otpadne vode iz tunela u izgradnji, nije bio projektovan, niti je mogao da pru\u017ei adekvatan tretman za otpadne vode, 15 do 20 litara po minutu, tako da mjere za\u0161tite nisu bile adekvatne.<\/p>\n<p>\u201cKao posljedica ispu\u0161tanja otpadnih voda dolazi do pove\u0107anog sadr\u017eaja mutno\u0107e, suspendovanih materija, nitrita, ortofosfata i oksidabilnosti, na mjestima ispusta u predmetni vodotok, i niz brdo, \u0161to uzrokuje smanjenje koli\u010dine kiseonika u vodi. S obzirom da je rije\u010d o potoku, riba koja obitava u njemu, u slu\u010daju pojave zaga\u0111enja navedenog tipa, migrira u onaj dio vodotoka u koji vladaju optimalni uslovi za \u017eivot i razmno\u017eavanje, a za \u0161ta je potrebna odre\u0111ena koli\u010dina kiseonika\u201d, navodi se u nalazu vje\u0161taka Perovi\u0107a.<\/p>\n<p>Mi\u0107ovi\u0107 ka\u017ee da je taj nalaz bitno uticao da prijava bude odba\u010dena.<\/p>\n<p>\u201cMi sumnjamo u taj nalaz, jer u rijeci, ina\u010de bogatoj pastrmkom, sada du\u017e tri kilometra nema nijedne ribe. Nemogu\u0107e je da ona nije uginula i da se pomjerila uzvodno i nizvodno na toliko duga\u010dkom toku\u201d, ka\u017ee Mi\u0107ovi\u0107.<\/p>\n<p>U oktobru ove godine, komunalni inspektor op\u0161tine Berane <strong>Neboj\u0161a Rako\u010devi\u0107 je <\/strong>donio \u00a0rje\u0161enje kojim zabranjuje DOO \u2018Euro-asfalt\u2019 odlaganje iskopanog materijala iz tunela \u201cKlisura\u201d na privatnim katastarskim parcelama, kao i ostalim parcelama koje pripadaju KO Berane. Istim rje\u0161enjem, Rako\u010devi\u0107 je nalo\u017eio da se taj iskopani materijal odla\u017ee na lokaciji koja je utvr\u0111ena Elaboratom procjene uticaja na \u017eivotnu sredinu za Op\u0161tinu Berane.<\/p>\n<p><img loading=\"lazy\" decoding=\"async\" class=\"aligncenter size-full wp-image-306723\" src=\"https:\/\/www.pcnen.com\/portal\/wp-content\/uploads\/2020\/11\/rjesenje.jpg\" alt=\"\" width=\"700\" height=\"932\" srcset=\"https:\/\/www.pcnen.com\/portal\/wp-content\/uploads\/2020\/11\/rjesenje.jpg 700w, https:\/\/www.pcnen.com\/portal\/wp-content\/uploads\/2020\/11\/rjesenje-225x300.jpg 225w, https:\/\/www.pcnen.com\/portal\/wp-content\/uploads\/2020\/11\/rjesenje-580x772.jpg 580w\" sizes=\"(max-width: 700px) 100vw, 700px\" \/><\/p>\n<p>Za oporavak rijeke bi, prema rije\u010dima Mi\u0107ovi\u0107a, bilo potrebno najmanje desetak godina.<\/p>\n<p>PCNEN je poslao pitanja Upravi za inspekcijske posove i Agenciji za za\u0161titu \u017eivotne sredine u vezi ovog ekolo\u0161kog problema, no odgovore nismo dobili.<strong>\u00a0<\/strong><\/p>\n<p><strong>Vuk Vujisi\u0107<br \/>\n<\/strong><strong>Andrea Jeli\u0107<\/strong><\/p>\n","protected":false},"excerpt":{"rendered":"<p>Uprava za inspekcijske posove i Agencija za za\u0161titu \u017eivotne sredine ne odgovaraju na pitanja PCNEN-a<\/p>\n","protected":false},"author":1,"featured_media":306727,"comment_status":"open","ping_status":"closed","sticky":false,"template":"","format":"standard","meta":{"_seopress_robots_primary_cat":"","_seopress_titles_title":"","_seopress_titles_desc":"","_seopress_robots_index":"","_et_pb_use_builder":"","_et_pb_old_content":"","_et_gb_content_width":"","inline_featured_image":false,"footnotes":""},"categories":[546,14,12],"tags":[],"class_list":["post-306722","post","type-post","status-publish","format-standard","has-post-thumbnail","hentry","category-feature","category-vijesti","category-prica-dana"],"_links":{"self":[{"href":"https:\/\/www.pcnen.com\/portal\/wp-json\/wp\/v2\/posts\/306722","targetHints":{"allow":["GET"]}}],"collection":[{"href":"https:\/\/www.pcnen.com\/portal\/wp-json\/wp\/v2\/posts"}],"about":[{"href":"https:\/\/www.pcnen.com\/portal\/wp-json\/wp\/v2\/types\/post"}],"author":[{"embeddable":true,"href":"https:\/\/www.pcnen.com\/portal\/wp-json\/wp\/v2\/users\/1"}],"replies":[{"embeddable":true,"href":"https:\/\/www.pcnen.com\/portal\/wp-json\/wp\/v2\/comments?post=306722"}],"version-history":[{"count":1,"href":"https:\/\/www.pcnen.com\/portal\/wp-json\/wp\/v2\/posts\/306722\/revisions"}],"predecessor-version":[{"id":306726,"href":"https:\/\/www.pcnen.com\/portal\/wp-json\/wp\/v2\/posts\/306722\/revisions\/306726"}],"wp:featuredmedia":[{"embeddable":true,"href":"https:\/\/www.pcnen.com\/portal\/wp-json\/wp\/v2\/media\/306727"}],"wp:attachment":[{"href":"https:\/\/www.pcnen.com\/portal\/wp-json\/wp\/v2\/media?parent=306722"}],"wp:term":[{"taxonomy":"category","embeddable":true,"href":"https:\/\/www.pcnen.com\/portal\/wp-json\/wp\/v2\/categories?post=306722"},{"taxonomy":"post_tag","embeddable":true,"href":"https:\/\/www.pcnen.com\/portal\/wp-json\/wp\/v2\/tags?post=306722"}],"curies":[{"name":"wp","href":"https:\/\/api.w.org\/{rel}","templated":true}]}}