{"id":306627,"date":"2020-11-03T10:02:19","date_gmt":"2020-11-03T09:02:19","guid":{"rendered":"https:\/\/www.pcnen.com\/portal\/?p=306627"},"modified":"2020-11-03T10:30:09","modified_gmt":"2020-11-03T09:30:09","slug":"mandatar","status":"publish","type":"post","link":"https:\/\/www.pcnen.com\/portal\/2020\/11\/03\/mandatar\/","title":{"rendered":"Mandatar"},"content":{"rendered":"<p>Od kada radim u FOND PIO promjenilo se nekoliko direktora. \u010cim bi do\u0161ao novi, uvijek bi poku\u0161ao da zavede strogi red, a prvi \u201eposlovni potez\u201c bi mu bio renoviranje toaleta. To renoviranje bi mu ujedno bila prva zarada, ona mimo regularne. Kasnije bi se stidjeli tako sitnog posla, jer bi \u201ezara\u0111ivali\u201c stotine hiljada, neki i milione eura \u2013 mimo plate. Upo\u0161ljenici bi bili nijemi svjedoci, direktor bi izgubio autoritet, svako bi radio po starom.<\/p>\n<p>Da bi zaveo red, rukovodilac mora biti primjer.<\/p>\n<p>&#8230;<\/p>\n<p>Od kada je formirana nova ve\u0107ina desilo se sve i sva\u0161ta u poku\u0161ajima da ta ve\u0107ina realizuje izbornu pobjedu kroz formiranje Vlade. Predlo\u017eeni mandatar o kome do ju\u010de niko nije znao ni\u0161ta, postao je bezgre\u0161ni idol mase. Ne znaju\u0107i ni\u0161ta o njemu, uzimao sam ga sa dozom rezerve, koja se pove\u0107avala nakon objavljivanja spornih snimaka i ne uvijek primjerenih izjava. Ipak, vidjev\u0161i ko mu sprema svilen gajtan, uzdr\u017eavao sam se od pretjerane kritike. Ali, dosta je bilo.<\/p>\n<p>Od posljedica Covida \u2013 19 umro je mitropolit Amfilohije, \u010dovjek sa najve\u0107im autoritetom me\u0111u ve\u0107inom pravoslavnog naroda u Crnoj Gori. Ta ve\u0107ina ga je uzdizala do samog Boga, dok je pravoslavna manjina \u00a0imala potpuno suprotan odnos i stav prema njemu. Kao inovjercu i pripadniku islamske vjeroispovjesti, nijesam bio njegov obo\u017eavatelj, naprotiv. Pored ostalog, zbog neoprostive uvrede koju je uputio muslimanima, nazvav\u0161i ih la\u017enim ljudima u la\u017enoj vjeri. Ali, u danima \u017ealosti, kako nala\u017ee dobar obi\u010daj i kom\u0161ijska pristojnost, po\u0161tovao sam \u017ealost ve\u0107ine i njihov osje\u0107aj &#8211; \u0161utnjom, pozivaja\u0107u i ostale na nju.<\/p>\n<p>Sahrana preminulog mitropolita je uprili\u010dena u jeku pandemije korona virusa, kada su dr\u017eava i tkzv. NKT potpuno izgubili autoritet i kada bilje\u017eimo neslavne rekorde po broju zara\u017eenih, proporcionalno broju stanovnika. Li\u010dno sam se uvjerio da je zdravstveni sistem pred kolapsom. Nalaz za dijete \u2013 koji je bio pozitivan, \u010dekao sam devet dana. Ju\u010de sam pred Covid ambulantom, zajedno sa ostalim pacijentima, \u010dekao punih 4 sata da bih bio pregledan: napolju, u gu\u017evi, bez distance i propisanog odstojanja, dok su mnogi prakti\u010dno padali sa nogu. U toj situaciji, mandatar je bio na sahrani mitropolita, me\u0111u nekoliko hiljada ljudi, bez maske, bez odstojanja, uzimaju\u0107i pri\u010dest iz zajedni\u010dke ka\u0161ike. Pona\u0161anje mandatara, koji treba da slu\u017ei za primjer gra\u0111anima, je slika i prilika direktora sa po\u010detka teksta. Kad se mandatar, koji bi trebao biti jedan od najve\u0107ih autoriteta i primjer, pona\u0161a tako, ne mo\u017ee se o\u010dekivati ni od gra\u0111ana da se pona\u0161aju druga\u010dije. Da mandatar nije populista, ne bi se na taj na\u010din \u201ejuna\u010dio\u201c na sahrani, ve\u0107 bi pozvao javno gra\u0111ane i Crkvu \u2013 \u010diji je on izbor bio, da sahranu organizuju skromno, uz minimalno prisustvo gra\u0111anja i najstro\u017eije po\u0161tovanje mjera protiv Covida-19. Time bi pokazao da se razlikuje od onih koji su organizovali tzv. patriotski skup u vrijeme pandemije, da misli na svoje gra\u0111ane i uspomenu na samog mitropolita. Jer, ako za desetak dana do\u0111e do kolapsa zdravstvenog sistema \u2013 \u0161to \u0107e se najvjerovatnije desiti, a desetine ili stotine vjernika sa sahrane budu zara\u017eeni, neki i preminu, i Crkva i mandatar \u0107e snositi odgovornost &#8211; bar onu moralnu. Na kraju krajeva, ni po\u010div\u0161em mitropolitu \u2013 ako je bio onakav kakvim ga ve\u0107ina vidi, ne bi bilo drago da iko bude zdravstveno i \u017eivotno ugro\u017een zbog njegovog odlaske sa ovog svijeta. Uz sve navedeno, sam mandatar \u2013 koga \u010deka izuzetno te\u017eak i nezahvalan posao, zbog svojih godina lako mo\u017ee biti zdravstveno ugro\u017een i onemogu\u0107en da neko vrijeme obavlja svoje poslove. Skromna sahrana, u ovakvoj situaciji, uz prisustvo sven\u0161tenstva i njemu najbli\u017eih ljudi, svakao ne bi u bilo kom pogledu umanjila po\u0161tovanje prema mitropolitu. Naprotiv, skromnost je u duhu hri\u0161\u0107anstva i svih monoteisti\u010dkih religija.<\/p>\n<p>Poslednja izjava populisti\u010dkog mandatara, u kojoj Vladu i dvanaest ministara upore\u0111uje sa dvanaest Hristovih apostola, meni vi\u0161e nije toliko za\u010du\u0111uju\u0107a, samo kontinuitet njegovih nastupa. Dru\u0161tvo nam postaje teokratsko, intelektualna elita mudro \u010duti pla\u0161e\u0107i se lin\u010da, dok Be\u010di\u0107 i Abazovi\u0107 jo\u0161 mudrije tihuju &#8211; da se ne zamjere trenutnom raspolo\u017eenju mase.<\/p>\n","protected":false},"excerpt":{"rendered":"<p>Autor:Omer \u0160ARKI\u0106<\/p>\n","protected":false},"author":12,"featured_media":286086,"comment_status":"open","ping_status":"closed","sticky":false,"template":"","format":"standard","meta":{"_seopress_robots_primary_cat":"","_seopress_titles_title":"","_seopress_titles_desc":"","_seopress_robots_index":"","_et_pb_use_builder":"","_et_pb_old_content":"","_et_gb_content_width":"","inline_featured_image":false,"footnotes":""},"categories":[17],"tags":[],"class_list":["post-306627","post","type-post","status-publish","format-standard","has-post-thumbnail","hentry","category-blogovi"],"_links":{"self":[{"href":"https:\/\/www.pcnen.com\/portal\/wp-json\/wp\/v2\/posts\/306627","targetHints":{"allow":["GET"]}}],"collection":[{"href":"https:\/\/www.pcnen.com\/portal\/wp-json\/wp\/v2\/posts"}],"about":[{"href":"https:\/\/www.pcnen.com\/portal\/wp-json\/wp\/v2\/types\/post"}],"author":[{"embeddable":true,"href":"https:\/\/www.pcnen.com\/portal\/wp-json\/wp\/v2\/users\/12"}],"replies":[{"embeddable":true,"href":"https:\/\/www.pcnen.com\/portal\/wp-json\/wp\/v2\/comments?post=306627"}],"version-history":[{"count":4,"href":"https:\/\/www.pcnen.com\/portal\/wp-json\/wp\/v2\/posts\/306627\/revisions"}],"predecessor-version":[{"id":306636,"href":"https:\/\/www.pcnen.com\/portal\/wp-json\/wp\/v2\/posts\/306627\/revisions\/306636"}],"wp:featuredmedia":[{"embeddable":true,"href":"https:\/\/www.pcnen.com\/portal\/wp-json\/wp\/v2\/media\/286086"}],"wp:attachment":[{"href":"https:\/\/www.pcnen.com\/portal\/wp-json\/wp\/v2\/media?parent=306627"}],"wp:term":[{"taxonomy":"category","embeddable":true,"href":"https:\/\/www.pcnen.com\/portal\/wp-json\/wp\/v2\/categories?post=306627"},{"taxonomy":"post_tag","embeddable":true,"href":"https:\/\/www.pcnen.com\/portal\/wp-json\/wp\/v2\/tags?post=306627"}],"curies":[{"name":"wp","href":"https:\/\/api.w.org\/{rel}","templated":true}]}}