{"id":306586,"date":"2020-11-02T21:22:57","date_gmt":"2020-11-02T20:22:57","guid":{"rendered":"https:\/\/www.pcnen.com\/portal\/?p=306586"},"modified":"2020-11-02T21:22:57","modified_gmt":"2020-11-02T20:22:57","slug":"promo-video-prokletije-montenegro","status":"publish","type":"post","link":"https:\/\/www.pcnen.com\/portal\/2020\/11\/02\/promo-video-prokletije-montenegro\/","title":{"rendered":"Promo video Prokletije, Montenegro"},"content":{"rendered":"<p><strong>Centar za za\u0161titu i prou\u010davanje<\/strong> <strong>ptica <\/strong>objavio je promotivni video o Nacionalnom parku Prokletije, sa \u017eeljom da prenese atmosferu i do\u017eivljaj njegovih kr\u0161evitih pejza\u017ea i divlje prirode.\u00a0 Upravo zbog karateristi\u010dnih o\u0161trih i te\u0161ko pristupa\u010dnih vrhova \u00a0Prokletije su dobile naziv koji asocira na surovost ovog planskog masiva.<\/p>\n<p>Me\u0111utim, vizuelni utisak koji se sti\u010de pri prvom susretu sa Prokletijama veoma brzo promjeni spoznaja o prirodnim ljepotama ovog podru\u010dja, prelijepim jezerima, pa\u0161njacima i \u0161umama.<\/p>\n<p>Grani\u010dni polo\u017eaj Prokletija i relativno slaba saobra\u0107ajna povezanost sa okolnim mjestima u\u010dinile su da su ova planina jo\u0161 uvijek bude vrlo interesantan i neisrpan izvor istra\u017eivanja netaknute prirode naro\u010dito primamljiv ljubiteljima prirode, planinarima i alpinistima, ljudima avanturisti\u010dkog duha.<\/p>\n<p><iframe loading=\"lazy\" title=\"Prokletije, Montenegro\" width=\"1080\" height=\"608\" src=\"https:\/\/www.youtube.com\/embed\/CaImcb8lcxQ?feature=oembed\" frameborder=\"0\" allow=\"accelerometer; autoplay; clipboard-write; encrypted-media; gyroscope; picture-in-picture; web-share\" allowfullscreen><\/iframe><\/p>\n<p>Promotivni video izra\u0111en je u okviru prekograni\u010dnog projekta <strong>\u201eRazvoj ekoturizma na Balkansim Alpima<\/strong>\u201c koji ima za ciljodr\u017eivi razvoj prekograni\u010dne regije kroz zajedni\u010dke turisti\u010dke potencijale zasnovane na prirodnom i kulturnom nasle\u0111u. Kroz projekat, realizovane aktivnosti doprinose kvalitetu i raznolikosti usluga, uspostavljanju i promociji zajedni\u010dke turisti\u010dke ponude kao i pove\u0107anom bezbijednosti \u00a0pojetilaca Nacionalnog parka Prokletije u Crnoj Gori i Nacionalnog parka Bjeshket e Nemuna na Kosovu.<\/p>\n<p>Zahvaljujemo i na\u0161im partnerima koji su podr\u017eali ovu aktivnost:, turisti\u010dka organizacija Plav, turisti\u010dka organizacija Gusinje, Nacionalni park Prokletije, , a na izradi ovog sjajnog videa ekipi iz Beautiful Montenegro i Solutions4You!<\/p>\n<p><strong>Vi\u0161e o projektu: <\/strong><a href=\"http:\/\/czip.me\/aktuelno\/645-razvoj-ekoturizma-na-balkanskim-alpima\"><strong>http:\/\/czip.me\/aktuelno\/645-razvoj-ekoturizma-na-balkanskim-alpima<\/strong><\/a><\/p>\n","protected":false},"excerpt":{"rendered":"<p>Projekat sprovode Centar za za\u0161titu i prou\u010davanje ptica u saradnji sa Gorskom slu\u017ebom spa\u0161avanja Crne Gore kao i partnerima sa Kosova \u2013 Kosovo Advocacy and Devolopment Centar (KADC) i planinarsko Gora \u2013 Kosovo 2014-2020 i Ministarstva javne uprave Crne Gore.<\/p>\n","protected":false},"author":1,"featured_media":0,"comment_status":"open","ping_status":"closed","sticky":false,"template":"","format":"standard","meta":{"_seopress_robots_primary_cat":"","_seopress_titles_title":"","_seopress_titles_desc":"","_seopress_robots_index":"","_et_pb_use_builder":"","_et_pb_old_content":"","_et_gb_content_width":"","inline_featured_image":false,"footnotes":""},"categories":[13],"tags":[],"class_list":["post-306586","post","type-post","status-publish","format-standard","hentry","category-video"],"_links":{"self":[{"href":"https:\/\/www.pcnen.com\/portal\/wp-json\/wp\/v2\/posts\/306586","targetHints":{"allow":["GET"]}}],"collection":[{"href":"https:\/\/www.pcnen.com\/portal\/wp-json\/wp\/v2\/posts"}],"about":[{"href":"https:\/\/www.pcnen.com\/portal\/wp-json\/wp\/v2\/types\/post"}],"author":[{"embeddable":true,"href":"https:\/\/www.pcnen.com\/portal\/wp-json\/wp\/v2\/users\/1"}],"replies":[{"embeddable":true,"href":"https:\/\/www.pcnen.com\/portal\/wp-json\/wp\/v2\/comments?post=306586"}],"version-history":[{"count":1,"href":"https:\/\/www.pcnen.com\/portal\/wp-json\/wp\/v2\/posts\/306586\/revisions"}],"predecessor-version":[{"id":306587,"href":"https:\/\/www.pcnen.com\/portal\/wp-json\/wp\/v2\/posts\/306586\/revisions\/306587"}],"wp:attachment":[{"href":"https:\/\/www.pcnen.com\/portal\/wp-json\/wp\/v2\/media?parent=306586"}],"wp:term":[{"taxonomy":"category","embeddable":true,"href":"https:\/\/www.pcnen.com\/portal\/wp-json\/wp\/v2\/categories?post=306586"},{"taxonomy":"post_tag","embeddable":true,"href":"https:\/\/www.pcnen.com\/portal\/wp-json\/wp\/v2\/tags?post=306586"}],"curies":[{"name":"wp","href":"https:\/\/api.w.org\/{rel}","templated":true}]}}