{"id":306276,"date":"2020-10-30T21:28:15","date_gmt":"2020-10-30T20:28:15","guid":{"rendered":"https:\/\/www.pcnen.com\/portal\/?p=306276"},"modified":"2020-10-31T08:02:12","modified_gmt":"2020-10-31T07:02:12","slug":"regionalna-inicijativa-drvo-prijateljstva-i-u-podgorici","status":"publish","type":"post","link":"https:\/\/www.pcnen.com\/portal\/2020\/10\/30\/regionalna-inicijativa-drvo-prijateljstva-i-u-podgorici\/","title":{"rendered":"Regionalna inicijativa &#8216;Drvo prijateljstva&#8217; i u Podgorici"},"content":{"rendered":"<p>Ideja akcije je kompenzacija \u0161tete u vidu CO2 emisije nastale kroz sve poslovne letove EFB tokom 2019. godine. Cilj akcije je pokazati da je mogu\u0107e kroz preuzimanje pojedina\u010dne odgovornosti napraviti razliku na lokalnom i regionalnom nivou.<\/p>\n<p>Drve\u0107e je istovremeno posa\u0111eno 30. oktobra u 11 sati u Beogradu, Skoplju, Pri\u0161tini, Tirani, Podgorici i Sarajevu, a volontersku i logisti\u010dku podr\u0161ku su pru\u017eili brojni lokalni partneri.<\/p>\n<p>\u201cOvom akcijom prvenstveno \u017eelimo da podignemo svest me\u0111u gra\u0111anima dr\u017eava regiona o posledicama koje njihove individualne aktivnosti imaju po zaga\u0111enje prirode. Drago nam \u0161to samo na lokalu uspeli da se pove\u017eemo sa relevantnim partnerima za ovu temu\u201c, obja\u0161njava <strong>Aleksandra Tomani\u0107<\/strong>, izvr\u0161na direktorka EFB.<\/p>\n<p>\u201cAktuelna epidemiolo\u0161ka situacija spre\u010dili su nas da uklju\u010dimo gra\u0111ane u sprovo\u0111enje akcije, kako je prvobitno bilo planirano, ali ostaje poruka o zna\u010daju odluka koje svaki pojedinac mo\u017ee da donese, poput ekolo\u0161ki osve\u0161\u0107enog izbora prevoznih sredstvava, i tako pomogne sebi i drugima\u201c, dodaje <strong>Katarina Tadi\u0107<\/strong>, programska menad\u017eerka u EFB.<\/p>\n<p>Osim simboli\u010dkog i motivacionog zna\u010denja koju ova akcija sadnje ima, organizatori su se za ovo odlu\u010dili i kako bi podigli svest o sve u\u010destalijem zaga\u0111enju vazduha zemalja regiona:<\/p>\n<p>\u201cGradovi regiona su pro\u0161le godine u vi\u0161e navrata bili na listi najzaga\u0111enijih gradova u svetu, i va\u017eno je preduzeti udru\u017eene i konkretne korake da se to ne ponavlja. Sa\u0111enje drve\u0107a je jedan od najjednostavnijih i najva\u017enijih me\u0111u njima\u201d, istakla je Tadi\u0107.<\/p>\n<p><strong>Aleksandar Perovi\u0107,<\/strong> direktor Ekolo\u0161kog pokreta \u2019Ozon\u2019 isti\u010de va\u017enost ozelenjavanja glavnih gradova regiona.<\/p>\n<p>\u201cOd velikog je zna\u010daja prihvatiti izazove sa kojima se suo\u010davamo svi u regionu, kako u kontekstu klimatskih promjena tako i aerozaga\u0111enja. Zadovoljstvo je biti dio jo\u0161 jedne regionalne akcije, koja ima i ekolo\u0161ki i humani karakter i drago nam je \u0161to \u0107e bulevar \u2018Ibrahima Dre\u0161evi\u0107a\u2019 i Podgorica biti bogatiji za 60 sadnica jasena. Tako\u0111e zadovoljstvo je \u0161to akciju logisti\u010dki i stru\u010dno izvodimo u saradnji sa \u2018Zelenilom\u2019, \u0161to je garant odr\u017eivosti i praksa koju mi imamo kada su u pitanju aktivnosti ovog tipa\u201c, kazao je Perovi\u0107.<\/p>\n<p><em>Poseban zna\u010daj \u201cDrva prijateljstva\u201c je zajedni\u010dko regionalno povezivanje i delovanje organizacija koje se bave eko-aktivizmom i koje imaju veliko iskustvo rada u lokalnim zajednicama: Za \u010disto Sarajevo iz Sarajeva, Environmental Territorial Management Institute iz Tirane, Sbunker iz Pri\u0161tine, Skopje Smog Alarm, Air Care i Treebanks iz Skopja, OZON iz Podgorice, i Pravo na grad, \u0160uma peva, Ulice za bicikliste iz Beograda.<\/em><\/p>\n<p><em><img loading=\"lazy\" decoding=\"async\" class=\"alignleft size-full wp-image-305052\" src=\"https:\/\/www.pcnen.com\/portal\/wp-content\/uploads\/2020\/10\/biepag_logo_footer.png\" alt=\"\" width=\"135\" height=\"156\" \/><\/em><\/p>\n<p>Napomena: Ovaj tekst je objavljen u partnerstvu sa <a href=\"https:\/\/balkanfund.org\/\">European fund for the Balkans \u2013 predstavni\u0161tvo Network of European Foundations<\/a><\/p>\n","protected":false},"excerpt":{"rendered":"<p>Evropski fond za Balkan (EFB) pokrenuo je akciju \u201cDrvo prijateljstva\u201d, kojom je predvi\u0111eno sa\u0111enje 400 stabala drve\u0107a u svim glavnim gradovima dr\u017eava regiona.<\/p>\n","protected":false},"author":1,"featured_media":306277,"comment_status":"open","ping_status":"closed","sticky":false,"template":"","format":"standard","meta":{"_seopress_robots_primary_cat":"","_seopress_titles_title":"","_seopress_titles_desc":"","_seopress_robots_index":"","_et_pb_use_builder":"","_et_pb_old_content":"","_et_gb_content_width":"","inline_featured_image":false,"footnotes":""},"categories":[14],"tags":[],"class_list":["post-306276","post","type-post","status-publish","format-standard","has-post-thumbnail","hentry","category-vijesti"],"_links":{"self":[{"href":"https:\/\/www.pcnen.com\/portal\/wp-json\/wp\/v2\/posts\/306276","targetHints":{"allow":["GET"]}}],"collection":[{"href":"https:\/\/www.pcnen.com\/portal\/wp-json\/wp\/v2\/posts"}],"about":[{"href":"https:\/\/www.pcnen.com\/portal\/wp-json\/wp\/v2\/types\/post"}],"author":[{"embeddable":true,"href":"https:\/\/www.pcnen.com\/portal\/wp-json\/wp\/v2\/users\/1"}],"replies":[{"embeddable":true,"href":"https:\/\/www.pcnen.com\/portal\/wp-json\/wp\/v2\/comments?post=306276"}],"version-history":[{"count":4,"href":"https:\/\/www.pcnen.com\/portal\/wp-json\/wp\/v2\/posts\/306276\/revisions"}],"predecessor-version":[{"id":306297,"href":"https:\/\/www.pcnen.com\/portal\/wp-json\/wp\/v2\/posts\/306276\/revisions\/306297"}],"wp:featuredmedia":[{"embeddable":true,"href":"https:\/\/www.pcnen.com\/portal\/wp-json\/wp\/v2\/media\/306277"}],"wp:attachment":[{"href":"https:\/\/www.pcnen.com\/portal\/wp-json\/wp\/v2\/media?parent=306276"}],"wp:term":[{"taxonomy":"category","embeddable":true,"href":"https:\/\/www.pcnen.com\/portal\/wp-json\/wp\/v2\/categories?post=306276"},{"taxonomy":"post_tag","embeddable":true,"href":"https:\/\/www.pcnen.com\/portal\/wp-json\/wp\/v2\/tags?post=306276"}],"curies":[{"name":"wp","href":"https:\/\/api.w.org\/{rel}","templated":true}]}}