{"id":305913,"date":"2020-10-26T12:16:54","date_gmt":"2020-10-26T11:16:54","guid":{"rendered":"https:\/\/www.pcnen.com\/portal\/?p=305913"},"modified":"2020-10-26T12:21:02","modified_gmt":"2020-10-26T11:21:02","slug":"protest-niksickih-ugostitelja","status":"publish","type":"post","link":"https:\/\/www.pcnen.com\/portal\/2020\/10\/26\/protest-niksickih-ugostitelja\/","title":{"rendered":"Protest nik\u0161i\u0107kih ugostitelja"},"content":{"rendered":"<p>Novoizabrani v.d. predsjednik Op\u0161tine Nik\u0161i\u0107 Dragan Perovi\u0107 je kazao da o njihovim zahtjevima upoznat preko \u0161tampe, te da iste pozdravlja i smatra opravdanim, <a href=\"https:\/\/onogost.me\/biznis\/niksicki-ugostitelji-traze-smanjenje-taksi-nameta-perovic-pozdravljam-opravdane-zahtjeve\">prenosi portal onogost.me.<\/a><\/p>\n<p>Vlasnik Propaganda bara Ratko Janji\u0107 je kazao da nakon \u0161est mjeseci ugostitelji nijesu dobili nikakvu pomo\u0107 od Op\u0161tine.<\/p>\n<p>\u201eOno \u0161to mo\u017eemo direktno tra\u017eiti od op\u0161tine, a to su stvari koje se ti\u010du dvije partnerske strane, ugostiteljske privrede i op\u0161tine Nik\u0161i\u0107, jeste smanjenje tih taksi i tih nameta koje smo pla\u0107ali redovno prethodnih godina. Sada smo ograni\u010deni radnim vremenom, kapacitetom svih ugostiteljskih objekata, tra\u017eimo tako proporcionalno da nam se iza\u0111e u susret, da nam se svi ti nameti ukinu ili nam se smanje. Pozivamo op\u0161tinu i dr\u017eavu da pomognu no\u0107nim klubovima i svadbenim salonima, jer i u tom dijelu ugostiteljstva imamo totalni klju\u010d u bravu&#8221;, kazao je Janji\u0107.<\/p>\n<p>Ugostitelji su nezadovoljni jer nijesu primljeni na razgovor kod nadle\u017enih u op\u0161tini Nik\u0161i\u0107, iako su zahtjev za sastanak poslali prije deset dana.<\/p>\n<p>&#8220;Nijesmo dobili nikakav odgovor da imamo sastanak sa nekim ko \u0107e sve to da predlo\u017ei na toj sjednici. Na\u017ealost na sajtu op\u0161tine smo vidjeli da se obavje\u0161tavaju sve organizacije koje \u017eele u\u010destvovati na sjednici da je rok za prijavljivanje deset dana prije, s tim \u0161to je to op\u0161tina uradila pet dana prije sjednice&#8221;, dodao je Janji\u0107.<\/p>\n<p>Janji\u0107 je jo\u0161 iskazao nezadovoljstvo \u0161to nik\u0161i\u0107ki ugostitelji, kako navodi, pla\u0107aju najskuplji zakup za terasu u Crnoj Gori, koji je do prije nekoliko iznosio 17 eura po kvadratu, da bi kasnije bio smanjen na 14 eura.<\/p>\n<p>\u201eNijesmo toliko velika turisti\u010dka i atrakcija da smo odmah na pjeni od mora, ali za\u0161to neko ne razmisli da li je ono \u0161to je donio prethodnih godina bilo ispravno i da li je to ne\u0161to \u0161to podsti\u010de ulaanje u grad i razvoj dobre atmosfere za poslovanje u Nik\u0161i\u0107u. Pla\u0107amo \u010dlanarinu Turisti\u010dkoj organizaciji Nik\u0161i\u0107, pro\u0161le godine se ta odluka mijenjala, ne znamo u kom na\u010dinu da je platimo. Ono \u0161to smo dobili od TO, mi te danas ljude nijesmo vidjeli da podr\u017ee one od kojih se oni finansiraju. Svaka \u010dast da oni rade na promociji kulturnih i prirodnih ljepota Nik\u0161i\u0107a, ali mi o\u010dekujemo da oni koje mi pla\u0107amo da urade ne\u0161to i za nas\u201c, apelovao je Janji\u0107.<\/p>\n<p>Vlasnik no\u0107nog kluba u gradu pod Trebjesom Predrag Nikoli\u0107 tvrdi da su no\u0107ni klubovi i svadbeni saloni najvi\u0161e pretrpjeli, te poziva da se pritekne u pomo\u0107 sa konkretnim mjerama.<\/p>\n<p>On je istakao da sada nije do\u0161lo do otpu\u0161tanja radnika, ali ako se ovako nastavi neisplativo je dr\u017eati objekte.<\/p>\n<p>\u201eOd marta pla\u0107amo zakupnine, doprinose radnicima, sve to ide, ali pomo\u0107i nema, sem subvencija. Zahtjevamo da po\u0161alju pomo\u0107 u vidu subvencija za zakupnine, da nam omogu\u0107e preko banaka neke kredite da bi mi opstali, ina\u010de ako se nastavi ovako svi objekti toga tipa moraju biti zatvoreni\u201c, poru\u010dio je Nikoli\u0107.<\/p>\n<p>Upitan da prokomentari\u0161e dana\u0161nji protest nik\u0161i\u0107kih ugostitelja, Perovi\u0107 je kazao da je o njihovim zahtjevima upoznat preko \u0161tampe i da \u0107e iste razmotriti kad kad budu pravili bud\u017eet za 2021. godinu.<\/p>\n<p>\u201eSvi njihovi zahtjevi, koliko sam upoznat iz \u0161tampe odnose se na 2021. godinu. Ja o\u010dekujem da \u0107e budu\u0107i predsjednik Op\u0161tine i \u010ditavo rukovodstvo Op\u0161tine ozbiljno razmotriti te zahtjeve i ozbiljno postupiti u zavisnosti od finansijskih mogu\u0107nosti lokalne uprave. Pozdravljam opravdane zahtjeve ugostitelja, ne samo grada Nik\u0161i\u0107a nego i \u010ditave Crne Gore, jer ovo je te\u0161ko vrijeme. Kovid je napravio dosta problema svim privrednicima. O\u010dekujemo da \u0107emo pomo\u0107i i u narednoj godini\u201c, istakao je Perovi\u0107.<\/p>\n<p>Navodi da su na dana\u0161njoj sjednici lokalnog parlamenta produ\u017eili set mjera, pa se oni koji se nijesu prijavili na vrijeme mogu to u\u010dini do 31. decembra.<\/p>\n<p>On je kazao da \u0107e ugostitelje primiti na razgovor nakon \u0161to dobije potvrdu dana\u0161njeg izbora v.d. predsjednika Op\u0161tine.<\/p>\n<h3><a href=\"https:\/\/www.pcnen.com\/portal\/2020\/09\/28\/protest-niksickih-ugostitelja-uzivo\/\">\u00a0\u00a0\u00a0\u00a0\u00a0\u00a0 Protest nik\u0161i\u0107kih ugostitelja (u\u017eivo)<\/a><\/h3>\n<p>&nbsp;<\/p>\n","protected":false},"excerpt":{"rendered":"<p>Nik\u0161i\u0107ki ugostitelji jo\u0161 jednom su se na\u0161li ispred zgrade Op\u0161tine Nik\u0161i\u0107, tra\u017ee\u0107i smanjenje taksi i nameta kako bi uspjeli da premoste krizni periodi zazvan koronaviruso.<br \/>\nFoto: onogost.me<\/p>\n","protected":false},"author":1,"featured_media":0,"comment_status":"open","ping_status":"closed","sticky":false,"template":"","format":"standard","meta":{"_seopress_robots_primary_cat":"","_seopress_titles_title":"","_seopress_titles_desc":"","_seopress_robots_index":"","_et_pb_use_builder":"","_et_pb_old_content":"","_et_gb_content_width":"","inline_featured_image":false,"footnotes":""},"categories":[14],"tags":[],"class_list":["post-305913","post","type-post","status-publish","format-standard","hentry","category-vijesti"],"_links":{"self":[{"href":"https:\/\/www.pcnen.com\/portal\/wp-json\/wp\/v2\/posts\/305913","targetHints":{"allow":["GET"]}}],"collection":[{"href":"https:\/\/www.pcnen.com\/portal\/wp-json\/wp\/v2\/posts"}],"about":[{"href":"https:\/\/www.pcnen.com\/portal\/wp-json\/wp\/v2\/types\/post"}],"author":[{"embeddable":true,"href":"https:\/\/www.pcnen.com\/portal\/wp-json\/wp\/v2\/users\/1"}],"replies":[{"embeddable":true,"href":"https:\/\/www.pcnen.com\/portal\/wp-json\/wp\/v2\/comments?post=305913"}],"version-history":[{"count":5,"href":"https:\/\/www.pcnen.com\/portal\/wp-json\/wp\/v2\/posts\/305913\/revisions"}],"predecessor-version":[{"id":305919,"href":"https:\/\/www.pcnen.com\/portal\/wp-json\/wp\/v2\/posts\/305913\/revisions\/305919"}],"wp:attachment":[{"href":"https:\/\/www.pcnen.com\/portal\/wp-json\/wp\/v2\/media?parent=305913"}],"wp:term":[{"taxonomy":"category","embeddable":true,"href":"https:\/\/www.pcnen.com\/portal\/wp-json\/wp\/v2\/categories?post=305913"},{"taxonomy":"post_tag","embeddable":true,"href":"https:\/\/www.pcnen.com\/portal\/wp-json\/wp\/v2\/tags?post=305913"}],"curies":[{"name":"wp","href":"https:\/\/api.w.org\/{rel}","templated":true}]}}