{"id":305897,"date":"2020-10-26T08:04:58","date_gmt":"2020-10-26T07:04:58","guid":{"rendered":"https:\/\/www.pcnen.com\/portal\/?p=305897"},"modified":"2020-10-26T08:04:58","modified_gmt":"2020-10-26T07:04:58","slug":"radulovic-ne-insistira-da-bude-ministar","status":"publish","type":"post","link":"https:\/\/www.pcnen.com\/portal\/2020\/10\/26\/radulovic-ne-insistira-da-bude-ministar\/","title":{"rendered":"Radulovi\u0107 ne insistira da bude ministar"},"content":{"rendered":"<p>Poslanik i visoki funkcioner Pokreta za promjene Branko Radulovi\u0107 sastao se sa mandatarom za sastav nove Vlade Zdravkom Krivokapi\u0107em i saop\u0161tio mu da je spreman da bude dio nove reformske izvr\u0161ne vlasti, ali da na tome ne insistira, saznaju Vijesti.<\/p>\n<p>Poslanik PzP-a je<a href=\"https:\/\/www.vijesti.me\/vijesti\/politika\/480781\/radulovic-razgovarao-sa-krivokapicem-spreman-sam-za-vladu-ali-na-tome-ne-insistiram\"> za Vijesti potvrdio<\/a> da se sastao sa Krivokapi\u0107em sa kojim je dugogodi\u0161nji kolega sa Univerziteta Crne Gore.<\/p>\n<p>Radulovi\u0107 je na sastanku kazao i da \u0107e podr\u017eati svaku vladu bez DPS-a i da njenom radu mo\u017ee da doprinese i iz skup\u0161tinskih klupa.<\/p>\n<p>\u201cPo meni su personalna rje\u0161enja manje bitna, ja \u0107u, i ako ne budem dio nove vlade, sve \u0161to je dobro pohvaliti, sve \u0161to smatram negativnim \u0107u predo\u010diti. Smatram da treba posti\u0107i \u0161to je mogu\u0107e \u0161iri konsenzus, a da Krivokapi\u0107 treba da prema svojim ustavnim ovla\u0161\u0107enjima odlu\u010di i uputi predlog partijama\u201c, rekao je on.<\/p>\n<p>\u201cPremijeru sam rekao da smatram da treba da ima poseban senzibilitet prema liderima Demokratskog fronta jer se radi o izranjavanim ljudima sa vizijom, iskustvom i upori\u0161tem u bira\u010dkom tijelu i da treba da poku\u0161a da ostvari \u0161to \u0161iri konsenzus. Uostalom, sugerisao sam da mi\u0161ljenja ambasadora ne treba da budu primarna, a nisu uvijek ni mjerodavna jer mogu da zastupaju i neke parcijalne interese. Rje\u0161enja za Crnu Goru su u Crnoj Gori. Ako budem dio vlade, ja \u0107u pomagati koliko budem mogao i svim ostalim resorima. Ako ne, ja \u0107u koristiti skup\u0161tinske procedure i raditi sve da parlament postane \u010dvori\u0161te politi\u010dkog i dru\u0161tvenog \u017eivota\u201c, rekao je Radulovi\u0107 za Vijesti.<\/p>\n<p>Radulovi\u0107 je tra\u017eio resor prosvjete, dok, kako je ranije objavljeno, PzP tra\u017ei i resor prosvjete i potpredsjedni\u010dko mjesto u \u010dijem je domenu borba protiv korupcije i organizovanog kriminala, te da to mo\u017ee biti i formalno resor bez portfelja, \u0161to bi pripalo lideru partije Neboj\u0161i Medojevi\u0107u.<\/p>\n","protected":false},"excerpt":{"rendered":"<p>Radulovi\u0107 je na sastanku kazao i da \u0107e podr\u017eati svaku vladu bez DPS-a i da njenom radu mo\u017ee da doprinese i iz skup\u0161tinskih klupa.<\/p>\n","protected":false},"author":1,"featured_media":305899,"comment_status":"open","ping_status":"closed","sticky":false,"template":"","format":"standard","meta":{"_seopress_robots_primary_cat":"","_seopress_titles_title":"","_seopress_titles_desc":"","_seopress_robots_index":"","_et_pb_use_builder":"","_et_pb_old_content":"","_et_gb_content_width":"","inline_featured_image":false,"footnotes":""},"categories":[14],"tags":[],"class_list":["post-305897","post","type-post","status-publish","format-standard","has-post-thumbnail","hentry","category-vijesti"],"_links":{"self":[{"href":"https:\/\/www.pcnen.com\/portal\/wp-json\/wp\/v2\/posts\/305897","targetHints":{"allow":["GET"]}}],"collection":[{"href":"https:\/\/www.pcnen.com\/portal\/wp-json\/wp\/v2\/posts"}],"about":[{"href":"https:\/\/www.pcnen.com\/portal\/wp-json\/wp\/v2\/types\/post"}],"author":[{"embeddable":true,"href":"https:\/\/www.pcnen.com\/portal\/wp-json\/wp\/v2\/users\/1"}],"replies":[{"embeddable":true,"href":"https:\/\/www.pcnen.com\/portal\/wp-json\/wp\/v2\/comments?post=305897"}],"version-history":[{"count":1,"href":"https:\/\/www.pcnen.com\/portal\/wp-json\/wp\/v2\/posts\/305897\/revisions"}],"predecessor-version":[{"id":305900,"href":"https:\/\/www.pcnen.com\/portal\/wp-json\/wp\/v2\/posts\/305897\/revisions\/305900"}],"wp:featuredmedia":[{"embeddable":true,"href":"https:\/\/www.pcnen.com\/portal\/wp-json\/wp\/v2\/media\/305899"}],"wp:attachment":[{"href":"https:\/\/www.pcnen.com\/portal\/wp-json\/wp\/v2\/media?parent=305897"}],"wp:term":[{"taxonomy":"category","embeddable":true,"href":"https:\/\/www.pcnen.com\/portal\/wp-json\/wp\/v2\/categories?post=305897"},{"taxonomy":"post_tag","embeddable":true,"href":"https:\/\/www.pcnen.com\/portal\/wp-json\/wp\/v2\/tags?post=305897"}],"curies":[{"name":"wp","href":"https:\/\/api.w.org\/{rel}","templated":true}]}}