{"id":304817,"date":"2020-10-12T20:04:53","date_gmt":"2020-10-12T18:04:53","guid":{"rendered":"https:\/\/www.pcnen.com\/portal\/?p=304817"},"modified":"2020-10-12T20:04:53","modified_gmt":"2020-10-12T18:04:53","slug":"vijesti-partije-mandataru-saopstile-svoje-zelje","status":"publish","type":"post","link":"https:\/\/www.pcnen.com\/portal\/2020\/10\/12\/vijesti-partije-mandataru-saopstile-svoje-zelje\/","title":{"rendered":"Vijesti: Partije mandataru saop\u0161tile svoje \u017eelje"},"content":{"rendered":"<p>Po\u010deli su konkretni pregovori o formiranju nove Vlade pa su partije vladaju\u0107e ve\u0107ine danas saop\u0161tile svoje \u017eelje odnosno gdje sebe vide u budu\u0107oj vlasti, saznaje Televizija Vijesti.<\/p>\n<p>Do nedjelje, po planu mandatara Zdravka Krivokapi\u0107a, partije treba da dostave imena za funkcije u Vladi dok je kona\u010dni dogovor oko programa i kadrovskih rje\u0161enje planiran do 30. oktobra.<\/p>\n<p>Po trenutnim nezvani\u010dnim \u017eeljama, lideri Nove srpske demokratije (Nova) i Socijalisti\u010dke narodne partije (SNP), Andrija Mandi\u0107 i Vladimir Jokovi\u0107 mogli bi biti potpredsjednici Vlade, Gra\u0111anski pokret URA \u0107e tra\u017eiti vi\u0161e resora bezbjednosnog sektora koji sara\u0111uje s NATO, ali neke od tih pozicija \u017eeli i Demokratski front (DF).<\/p>\n<p>Strahinja Bulaji\u0107 (DF) mogao bi biti kandidat za potpredsjednika Skup\u0161tine<a href=\"https:\/\/www.vijesti.me\/tv\/emisije\/477067\/poceli-pregovori-o-formiranju-nove-vlade-ovo-su-zelje-partija-vladajuce-vecine\">, prenosi portal Vijesti.<\/a><\/p>\n<p>Dana\u0161njim prvim, od sedam koraka, koje je predvidio mandatar za sastav Vlade Zdravko Krivokapi\u0107, krenulo se konkretne dogovora o preuzimanju resora, ali i \u0161ire strukture vlasti odnosno javne uprave i preduze\u0107a.<\/p>\n<p>Prema saznanjima Televizije Vijesti, partije vladaju\u0107e ve\u0107ine danas je trebalo da iska\u017eu namjere, odnosno saop\u0161te koje resore, uprave ili dr\u017eavna preduze\u0107a \u017eele.<\/p>\n<p>Za tri dana, odnosno u \u010detvrtak, prema planu mandatara, trebalo bi da se usaglase mogu\u0107a preklapanja odnosno vi\u0161e \u017eelja za ista mjesta, a ve\u0107 u nedjelju partije treba da predlo\u017ee kadrove za pozicije za koje su zainteresovane.<\/p>\n<p>U narednim koracima predvi\u0111eno je usagla\u0161avanje kadrovskih rje\u0161enja i programa rada Vlade.<\/p>\n<p>Kona\u010dni dogovor oko sastava I programa Vlade planiran je za 30. oktobar.<\/p>\n<p>Kako saznaje Televizija Vijesti, koalicije i partije, koje \u010dine novu ve\u0107inu treba da kandiduju svoj ili ekspertski kadar, a prema projekciji mandatara, u ovoj fazi sastavljanja Vlade, ponu\u0111eno je ukupno 138 pozicija.<\/p>\n<p>Tu su tri potpredsjedni\u010dka mjesta u Vladi \u2013 za ekonomiju, unutra\u0161nju i vanjsku politiku, i regionalni razvoj, mjesto generalnog sekretara, pa 18 resora.<\/p>\n<p>Zatim idu organi uprave, javna preduze\u0107a i ambasade.<\/p>\n<p>Prvi, sa konkretnim predlozima, javno je iza\u0161ao Pokret za promjene (PzP), koji nastupa kao samostalan subjekat.<\/p>\n<p>Oni su najavili da \u0107e se njihov lider Neboj\u0161a Medojevi\u0107 kandidovati za poziciju u bezbjednosnom sektoru, Branka Bo\u0161njak za obrazovanje, a Branko Radulovi\u0107 za oblast nauke i odr\u017eivog razvoja.<\/p>\n<p>Prema nezvani\u010dnim informacijama Televizije Vijesti, lidera Nove Andriju Mandi\u0107a interesuje potpredsjedni\u010dko mjesto u Vladi i resor unutra\u0161njih poslova, Slaven Radunovi\u0107 mogao bi da bude kandidat za ministra odr\u017eivog razvoja i turizma, a Strahinja Bulaji\u0107 za potpredsjednika Skup\u0161tine.<\/p>\n<p>Koalicija &#8220;Crno na bijelo&#8221; koju predvodi Gra\u0111anski pokret URA, kako saznaje Televizije Vijesti, predlo\u017ei\u0107e kadrove za bezbjednosni sektor koji sara\u0111uje sa NATO.<\/p>\n<p>Tvrde da za to imaju podr\u0161ku me\u0111unarodne zajednice, kao stranka koja je jasno evro-atlantski orijentisana.<\/p>\n<p>Tu spadaju resori odbrane, unutra\u0161njih i vanjskih poslova i pravde.<\/p>\n<p>Prema informacijama Televizije Vijesti, mandatar Zdravko Krivokapi\u0107 i lider koalicije &#8220;Crno na bijelo&#8221; Dritan Abazovi\u0107 saglasni su da na \u010delu Uprave policije i Agencije za nacionalnu bezbjednost (ANB) budu profesionalci ali su i iz DF pokazali interesovanje za te pozicije, pa \u0107e tu morati da se pregovara.<\/p>\n<p>I SNP, kako saznaje Televizije Vijesti, da\u0107e svoje kandidate za tri pozicije \u2013 potpredsjedni\u010dko mjesto u Vladi i resor sporta &#8211; za lidera partije Vladimira Jokovi\u0107a, Dragana Ivanovi\u0107a za MUP i Dragoslava \u0160\u0107eki\u0107a za Ministarstvo poljoprivrede.<\/p>\n<p>Iz preostalog konstituenta nove vlasti \u2013 Demokratska Crna Gora, televizija Vijesti nije uspjela da sazna koje su im konkretno \u017eelje, a u Vladi bi, ako se dogovore, mjesto mogli na\u0107i i kadrovi Bo\u0161nja\u010dke stranke i Albanske koalicije Nika \u0110eljo\u0161aja.<\/p>\n","protected":false},"excerpt":{"rendered":"<p>Po trenutnim nezvani\u010dnim \u017eeljama, lideri Nove srpske demokratije (Nova) i Socijalisti\u010dke narodne partije (SNP), Andrija Mandi\u0107 i Vladimir Jokovi\u0107 mogli bi biti potpredsjednici Vlade<\/p>\n","protected":false},"author":1,"featured_media":0,"comment_status":"open","ping_status":"closed","sticky":false,"template":"","format":"standard","meta":{"_seopress_robots_primary_cat":"","_seopress_titles_title":"","_seopress_titles_desc":"","_seopress_robots_index":"","_et_pb_use_builder":"","_et_pb_old_content":"","_et_gb_content_width":"","inline_featured_image":false,"footnotes":""},"categories":[14],"tags":[],"class_list":["post-304817","post","type-post","status-publish","format-standard","hentry","category-vijesti"],"_links":{"self":[{"href":"https:\/\/www.pcnen.com\/portal\/wp-json\/wp\/v2\/posts\/304817","targetHints":{"allow":["GET"]}}],"collection":[{"href":"https:\/\/www.pcnen.com\/portal\/wp-json\/wp\/v2\/posts"}],"about":[{"href":"https:\/\/www.pcnen.com\/portal\/wp-json\/wp\/v2\/types\/post"}],"author":[{"embeddable":true,"href":"https:\/\/www.pcnen.com\/portal\/wp-json\/wp\/v2\/users\/1"}],"replies":[{"embeddable":true,"href":"https:\/\/www.pcnen.com\/portal\/wp-json\/wp\/v2\/comments?post=304817"}],"version-history":[{"count":1,"href":"https:\/\/www.pcnen.com\/portal\/wp-json\/wp\/v2\/posts\/304817\/revisions"}],"predecessor-version":[{"id":304818,"href":"https:\/\/www.pcnen.com\/portal\/wp-json\/wp\/v2\/posts\/304817\/revisions\/304818"}],"wp:attachment":[{"href":"https:\/\/www.pcnen.com\/portal\/wp-json\/wp\/v2\/media?parent=304817"}],"wp:term":[{"taxonomy":"category","embeddable":true,"href":"https:\/\/www.pcnen.com\/portal\/wp-json\/wp\/v2\/categories?post=304817"},{"taxonomy":"post_tag","embeddable":true,"href":"https:\/\/www.pcnen.com\/portal\/wp-json\/wp\/v2\/tags?post=304817"}],"curies":[{"name":"wp","href":"https:\/\/api.w.org\/{rel}","templated":true}]}}