{"id":304215,"date":"2020-10-07T08:06:54","date_gmt":"2020-10-07T06:06:54","guid":{"rendered":"https:\/\/www.pcnen.com\/portal\/?p=304215"},"modified":"2020-10-07T08:06:54","modified_gmt":"2020-10-07T06:06:54","slug":"istina-to-je-tek-neproverena-glasina","status":"publish","type":"post","link":"https:\/\/www.pcnen.com\/portal\/2020\/10\/07\/istina-to-je-tek-neproverena-glasina\/","title":{"rendered":"Istina? To je tek neproverena glasina"},"content":{"rendered":"<p><strong>Pi\u0161e: Vesna Raki\u0107 Vodineli\u0107<\/strong><\/p>\n<blockquote><p>\u201e\u0412\u0440\u0437\u0438\u043d\u043e \u043a\u043e\u043b\u043e, \u043d. \u0421\u0440\u0431\u0459\u0438 \u043f\u0440\u0438\u043f\u043e\u0432\u0438\u0458\u0435\u0434\u0430\u0458\u0443, \u0434\u0430 \u043d\u0435\u043a\u0438 \u0452\u0430\u0446\u0438, \u043a\u0430\u0434 \u043d\u0430\u0443\u0447\u0435 \u0434\u0432\u0430\u043d\u0430\u0435\u0441\u0442 \u0448\u043a\u043e\u043b\u0430, \u043e\u0442\u0438\u0434\u0443 (\u045a\u0438 12 \u043c\u043e\u0440\u0430 \u0431\u0438\u0442\u0438) \u043d\u0430 \u0432\u0440\u0437\u0438\u043d\u043e \u043a\u043e\u043b\u043e (\u0434\u0430 \u0434\u043e\u0432\u0440\u0448\u0435 \u0441\u0430 \u0441\u0432\u0438\u043c \u0438 \u0434\u0430 \u0441\u0435 \u0437\u0430\u043a\u0443\u043d\u0443. \u0410 \u0452\u0435 \u0458\u0435 \u0442\u043e \u0432\u0440\u0437\u0438\u043d\u043e \u043a\u043e\u043b\u043e? \u0438 \u0448\u0442\u0430 \u0458\u0435? \u0411\u043e\u0433 \u0431\u0438 \u0433\u0430 \u0437\u043d\u0430\u043e). \u0418 \u043e\u043d\u0434\u0458\u0435 \u043d\u0435\u043a\u0430\u043a\u0432\u0443 \u043e\u0441\u043e\u0431\u0438\u0442\u0443 \u043a\u045a\u0438\u0433\u0443 \u0447\u0430\u0442\u0435\u045b\u0438 \u043d\u0435\u0441\u0442\u0430\u043d\u0435 \u0458\u0435\u0434\u043d\u043e\u0433\u0430 \u043e\u0434 \u045a\u0438 \u0434\u0432\u0430\u043d\u0430\u0435\u0441\u0442 (\u043e\u0434\u043d\u0435\u0441\u0443 \u0433\u0430 \u0434\u0458\u0430\u0432\u043e\u043b\u0438 \u0438\u043b\u0438 \u0432\u0438\u043b\u0435), \u043d\u043e \u043e\u043d\u0438 \u043d\u0435 \u043c\u043e\u0433\u0443 \u043f\u043e\u0437\u043d\u0430\u0442\u0438 \u043a\u043e\u0433\u0430 \u0458\u0435 \u043d\u0435\u0441\u0442\u0430\u043b\u043e. (\u0422\u0430\u0458 \u0458\u0435 \u0431\u0438\u043e \u043d\u0430 \u0432\u0440\u0437\u0438\u043d\u0443 \u043a\u043e\u043b\u0443 \u2013 \u0433\u043e\u0432\u043e\u0440\u0438 \u0441\u0435 \u0437\u0430 \u0447\u043e\u0432\u0435\u043a\u0430 \u043a\u043e\u0458\u0438 \u0458\u0435 \u043c\u043b\u043e\u0433\u043e \u0443\u0447\u0438\u043e.) \u0422\u0430\u043a\u043e\u0432\u0438 \u0452\u0430\u0446\u0438 \u0441\u0435 \u043f\u043e\u0441\u043b\u0438\u0458\u0435 \u0437\u043e\u0432\u0443 \u0413\u0440\u0430\u0431\u0430\u043d\u0446\u0438\u0458\u0430\u0448\u0438, \u0438 \u0438\u0434\u0443 \u0441\u0430 \u0452\u0430\u0432\u043e\u043b\u0438\u043c\u0430 \u0438 \u0441\u0430 \u0432\u0438\u043b\u0430\u043c\u0430, \u0438 \u0432\u043e\u0434\u0435 \u043e\u0431\u043b\u0430\u043a\u0435 \u0443 \u0432\u0440\u0438\u0458\u0435\u043c\u0435 \u0433\u0440\u043c\u0459\u0430\u0432\u0435, \u043e\u043b\u0443\u0458\u0435 \u0438 \u0442\u0443\u0447\u0435\u201c. \u0412\u0443\u043a \u0421\u0442\u0435\u0444\u0430\u043d\u043e\u0432\u0438\u045b \u041a\u0430\u0440\u0430\u045f\u0438\u045b, \u201e\u0421\u0440\u043f\u0441\u043a\u0438 \u0440\u0458\u0435\u0447\u043d\u0438\u043a\u201d \u0438\u0437 1818.<\/p><\/blockquote>\n<p>Taman kad su se stekli uslovi da se stavi ta\u010dka na glasine Kriznog \u0161taba o brojevima testiranih, zara\u017eenih, umrlih, nepun dan po\u0161to su lekari koji \u010duvaju \u010dast svoje profesije pomislili da su do\u0161li do svedoka saradnika ili do uzbunjiva\u010da, dr Kon je ponovo krenuo da nam pretvara glave u vilinsko, tj. vrzino kolo. Po\u0161to je ozbiljno, gotovo ljutito, a odre\u0161ito govorio o tome da je u Beogradu od marta do juna bilo tri puta vi\u0161e umrlih od korone nego \u0161to je zvani\u010dno saop\u0161teno, po\u0161to je insistirao da je sve to \u0161to je izrekao istina, cela istina i ni\u0161ta drugo osim istine, bilo je dovoljno da ga predsednik Vu\u010di\u0107 shvati druga\u010dije. Skromno, kao \u0161to smo od njega navikli, re\u010de Vu\u010di\u0107 da je dr Kon govorio o procenama na osnovu smrtnosti u datom periodu. Po\u0161to je prespavao, dr Kon nas je, Vu\u010di\u0107evim re\u010dima, obavestio da nije rekao ono \u0161to je rekao, ve\u0107 je rekao ono \u0161to je predsednik rekao.<\/p>\n<p>\u010cesto se \u010duje da javni \u017eivot ove zemlje po\u010diva na la\u017eima. Nije to precizno, iako nije ni neta\u010dno. Po\u010diva na glasinama ili tra\u010devima ili spletkama. Ve\u0107ina ovih neproverenih i neproverljivih \u201eistina\u201c, dolazi nam od politi\u010dkih (uklju\u010div i parapoliti\u010dke) li\u010dnosti. Koje su, u zna\u010dajnoj ve\u0107ini, mu\u0161karci. Samo me je feministi\u010dka korektnost spre\u010dila da ovom malom spisu dam naslov \u201eTra\u010devi \u2013 mu\u0161ka stvar, mu\u0161ki lek\u201c.<\/p>\n<p>Ne bih ni hronolo\u0161ki, ni personalno, ni metodom stvarnog registra da nabrajam tra\u010deve, glasine itd. na kojima se gradi svakodnevni \u017eivot, ru\u0161e i podi\u017eu gradski kvartovi, ocrnjuju protivnici koji se vide kao neprijatelji. Bilo bi to ad nauseam, i tako nam \u017eivot nije lak.<\/p>\n<p>Da\u0107u samo jedan, najnoviji primer najzastupljenije grupacije glasina, abera, tra\u010deva. Predsednik nije izumitelj ove discipline, ali kao retko ko, gotovo sve svoje radno vreme tro\u0161i na nju. Kad mu se postavi neprijateljsko pitanje, ne odgovara, napada li\u010dno, ne argumentima, ve\u0107 neproverenim, smesta improvizovanim glasinama ad personam. Ni\u0161ta od njega nismo \u010duli, na primer, o tvrdnji Jelisavete Vasili\u0107 da nadle\u017ene institucije u ovoj zemlji odbijaju da odgovore na pitanja Saveta za borbu protiv korupcije, koji je, bar formalno, telo Vlade. Na ovu tvrdnju predsednik je imao samo toliko da u jednoj zbrkanoj i nedovr\u0161enoj re\u010denici, pominju\u0107i njenu \u0107erku, ustvrdi da se njen zet bavi kriminalom i da Vasili\u0107 bez dokaza pominje brata Andreja.<\/p>\n<p>Pa hajde, to \u0161to politi\u010dki \u017eivot po\u010diva na tra\u010devima, nije osobenost samo ovda\u0161nje scene. Ali da biolo\u0161ki \u017eivot i smrt po\u010divaju na njima, a ne na tvrdim \u010dinjenicama, nije ba\u0161 spojivo sa \u017eivotom, pa ni sa iluzijom \u017eivota u civilizaciji.<\/p>\n<p>Ma \u0161ta civilizacija ima s tim? \u0160ta istina ima s tim? Ta, imamo mi na\u0161u tradiciju, na\u0161 identitet. U koji spada vilinsko ili vrzino kolo.<\/p>\n<p>Poznavaoci ka\u017eu da je prvobitno ovaj izraz bio shvatan doslovno, dakle kao igranje kola. Samo, igra\u010di nisu bili ljudi nego demoni \u2013 vile i ale. Vile, dobri demoni, samo dok se ne naljute. A nije ih bilo te\u0161ko naljutiti. Kasnije je vilinsko (vrzino) kolo evoluiralo u zamr\u0161enost, mete\u017e, zapletenost, u zatvoreni beskrajni krug. A onda je Vuk Karad\u017ei\u0107 dosolio sa \u0161kolovanim ljudima.<\/p>\n<p>I eto nama Kriznog \u0161taba, za koji bi odista pravi naziv bio Vilinsko (vrzino) kolo. U tzv. medicinskom delu ima ih 12. Otkud znam? Pa ne znam, ali tako mi se \u010dini. \u010cula sam aber. A, \u0161to bi Vuk rekao: bog \u0107e ga znati! I onda tih 12 \u0111aka odu na vrzino kolo. Za\u0161to? Pa lepo re\u010de Vuk: da dovr\u0161e sa svim i da se zakunu. Zakleli se o\u010digledno jesu, svome i op\u0161tem autokrati. Dovr\u0161ili zarazu \u2013 ne, nisu. \u0160ta rade? Re\u010de Vuk: onde \u010ditaju (\u010date) neku osobitu knjigu! A knjiga je cedulja sa brojkama koju im dotura neko od demona iz vilinskog kola, da li vila, ili mo\u017eda ala. Onda kada tako ostanu \u010ditaju\u0107i cedulje nestane jedan od njih. Odnese ga \u0111avo (dijavo!) ili vila. Mora biti, Aca Srbin ili Ana. Ali kad taj jedan od \u0111aka nestane, ka\u017ee Vuk, oni koji su ostali ne mogu raspoznati ko je nestao. Pa da, nestane dr Nestorovi\u0107, rodona\u010delnik \u0161kole sode bikarbone kao sredstva za obranu od najsme\u0161nijeg virusa, a ostane dr Kon, sa vilinskim metodama evolucije \u010diste istine u znati\u017eeljnu procenu. Koji je koji? A, bog \u0107e ga znati, rekao bi Vuk. Nestane (privremeno) prof. Darija sa tvrdnjom da su kori\u0161\u0107eni samo PCR testovi, izroni dr Verica i re\u010de da su u podatke uklju\u010deni i serolo\u0161ki. Koja je koja? Bog \u0107e ga znati.<\/p>\n<p>Taj je bio na vrzinu kolu \u2013 govori se za \u010doveka koji je mlogo u\u010dio, zamrsi Vuk. Takvi \u0111aci posle idu sa vilama i \u0111avolima. \u0160ta rade? Bacaju maglu, ili, po Vuku: vode oblake u vreme oluje, grmljavine ili tu\u010de.<\/p>\n<p>Imamo oluju. Ali se danas zove pandemija. Vode nas \u0111aci, \u0111avoli i vile. Strategiju vo\u0111stva nemaju, ako se izuzmu maska i disciplina, tj. rad, red i poredak gra\u0111ana pod maskom, uz dodatnu opremu u vidu pelene. Taktiku imaju i zasnivaju je na glasinama, tra\u010devima, aberima, spletkama, kratko, na proizvo\u0111enju magle, te\u0161ke maglu\u0161tine. I \u010dude se \u0161to tra\u017eimo \u0161to ta\u010dnije brojeve. Smatraju to anti-vilinskim (anti-vrzinim) pokretom, koji treba smesta ugu\u0161iti. To najbolje uspeva kad se punom snagom zavrti kolo. Sad je Glavni dao gas i vilinsko kolo se vrti. Posmatramo ili nemo, ili sa poku\u0161ajem da dopremo do tra\u010dka razuma. Ne vidimo ga ni u vrzinom kolu, ni u blizini. Samo zato \u0161to ni tra\u010dka nema. A \u0111aci, vile i dijavoli u pobedni\u010dkom transu ne vide kako stvaraju vrtlog. U koji \u0107e sami prvi upasti. Pa koga od nas povuku za sobom.<\/p>\n<p>I sada znamo da Ana (p)ostaje ljuta vila premijerka, ako to nije samo glasina. Jer te\u0161ko je zamisliti da na\u0161 predsednik ne bude i premijer. Kad je ve\u0107 sve ostalo. Gospodin politi\u010dar, kako sam sebe nazva ve\u0107 je izbacio zapanjuju\u0107u glasinu. Ne\u0107e on, ve\u0107 Ana biti novi premijer!<\/p>\n<p>Sumnje nema, javni \u017eivot ove zemlje \u0107e se nepokolebljivo i \u010dvrsto i dalje graditi na glasinama, spletkama, tra\u010devima i aberima. Istina? Ta, to je tek neproverena glasina! Solidarnost i ljubav me\u0111u ljudima? To nije deo identitetske fantasmagorije! Izuzev donekle, strahom izazvane i osuje\u0107ene ljubavi u desetercu o Vili Nagorkinji i Sibinjanin Janku. Niste \u010ditali? Samo zato \u0161to ne \u010ditate i ne gledate Pe\u0161\u010danik.<\/p>\n<p><a href=\"https:\/\/pescanik.net\/istina-to-je-tek-neproverena-glasina\/\">Pe\u0161\u010danik.net<\/a><\/p>\n","protected":false},"excerpt":{"rendered":"<p>I eto nama Kriznog \u0161taba, za koji bi odista pravi naziv bio Vilinsko (vrzino) kolo. U tzv. medicinskom delu ima ih 12. Otkud znam? Pa ne znam, ali tako mi se \u010dini. \u010cula sam aber. A, \u0161to bi Vuk rekao: bog \u0107e ga znati!<\/p>\n","protected":false},"author":1,"featured_media":304216,"comment_status":"open","ping_status":"closed","sticky":false,"template":"","format":"standard","meta":{"_seopress_robots_primary_cat":"","_seopress_titles_title":"","_seopress_titles_desc":"","_seopress_robots_index":"","_et_pb_use_builder":"","_et_pb_old_content":"","_et_gb_content_width":"","inline_featured_image":false,"footnotes":""},"categories":[5],"tags":[],"class_list":["post-304215","post","type-post","status-publish","format-standard","has-post-thumbnail","hentry","category-drugi-pisu"],"_links":{"self":[{"href":"https:\/\/www.pcnen.com\/portal\/wp-json\/wp\/v2\/posts\/304215","targetHints":{"allow":["GET"]}}],"collection":[{"href":"https:\/\/www.pcnen.com\/portal\/wp-json\/wp\/v2\/posts"}],"about":[{"href":"https:\/\/www.pcnen.com\/portal\/wp-json\/wp\/v2\/types\/post"}],"author":[{"embeddable":true,"href":"https:\/\/www.pcnen.com\/portal\/wp-json\/wp\/v2\/users\/1"}],"replies":[{"embeddable":true,"href":"https:\/\/www.pcnen.com\/portal\/wp-json\/wp\/v2\/comments?post=304215"}],"version-history":[{"count":1,"href":"https:\/\/www.pcnen.com\/portal\/wp-json\/wp\/v2\/posts\/304215\/revisions"}],"predecessor-version":[{"id":304217,"href":"https:\/\/www.pcnen.com\/portal\/wp-json\/wp\/v2\/posts\/304215\/revisions\/304217"}],"wp:featuredmedia":[{"embeddable":true,"href":"https:\/\/www.pcnen.com\/portal\/wp-json\/wp\/v2\/media\/304216"}],"wp:attachment":[{"href":"https:\/\/www.pcnen.com\/portal\/wp-json\/wp\/v2\/media?parent=304215"}],"wp:term":[{"taxonomy":"category","embeddable":true,"href":"https:\/\/www.pcnen.com\/portal\/wp-json\/wp\/v2\/categories?post=304215"},{"taxonomy":"post_tag","embeddable":true,"href":"https:\/\/www.pcnen.com\/portal\/wp-json\/wp\/v2\/tags?post=304215"}],"curies":[{"name":"wp","href":"https:\/\/api.w.org\/{rel}","templated":true}]}}