{"id":304170,"date":"2020-10-06T15:02:01","date_gmt":"2020-10-06T13:02:01","guid":{"rendered":"https:\/\/www.pcnen.com\/portal\/?p=304170"},"modified":"2020-10-06T15:33:46","modified_gmt":"2020-10-06T13:33:46","slug":"bar-uciteljica-visnjic-izasla-iz-profesionalne-uloge-i-postala-vjerouciteljica","status":"publish","type":"post","link":"https:\/\/www.pcnen.com\/portal\/2020\/10\/06\/bar-uciteljica-visnjic-izasla-iz-profesionalne-uloge-i-postala-vjerouciteljica\/","title":{"rendered":"Bar: U\u010diteljica Vi\u0161nji\u0107 iza\u0161la iz profesionalne uloge i postala vjerou\u010diteljica"},"content":{"rendered":"<p>Na dru\u0161tvenoj mre\u017ei Fejsbuk postovan je i ovaj komentar: &#8220;Prije nekoliko godina sam na Facebooku prvi put vidjela ovakvo &#8216;klanjanje&#8217; u jednoj podgori\u010dkoj crkvi i ovdje se javno zapitala wtf is this. Prijatelj vjernik mi je strpljivo objasnio da se radi o gestu koji zna\u010di priznanje gre\u0161nosti, pokajanje, obe\u0107anje preobra\u017eaja. Jutros se pitam kad su i \u0161ta su ova djeca tako silno zgrije\u0161ila pa se ovako kaju.&#8221;<\/p>\n<p>&#8220;Vi\u0161nji\u0107 je, pozivom \u0111aka na moleban, na najbrutalniji mogu\u0107i na\u010din ponovo uvela vjersku i politi\u010dku indoktrinaciju u \u0161kolu, prek\u0161ila svaki zdravorazumski moralni kodeks i, usred epidemije, drsko, bezobrazno i \u0161to je najgore &#8211; sa namjerom, ugrozila zdravlje djece pozivima na javni vjerski skup&#8221;, ocijenjeno je iz Ministarstva prosvjete u reakciji koju je objavio portal Vijesti.<\/p>\n<p>Vi\u0161nji\u0107 je bila disciplinski ka\u017enjena uslovnim prestankom radnog odnosa na \u0161est mjeseci zbog toga \u0161to je u\u010denicima, na \u010dasu likovnog, zadala da crtaju tobojku. Bilo je to krajem januara, kada je crtanje trobojki na javnim mjestima bilo jedan od vidova protesta protiv Zakona o slobodi vjeroispovijesti.<\/p>\n<p>&nbsp;<\/p>\n","protected":false},"excerpt":{"rendered":"<p>U\u010diteljica iz barske Osnovne \u0161kole &#8220;Jugoslavija&#8221; Rada Vi\u0161nji\u0107 je pozvala, putem aplikacije viber, u\u010denike iz V-2 odjeljenja na moleban u Hramu Sv. Jovana Vladimira, a pozivu se odazvao jedan broj djece. Fotografija dje\u010daka i djevoj\u010dica koji kle\u010de u hramu postala je ubrzo viralna i izazvala burne reakcije na dru\u0161tvenim\u00a0 mre\u017eama.<\/p>\n","protected":false},"author":1,"featured_media":304173,"comment_status":"open","ping_status":"closed","sticky":false,"template":"","format":"standard","meta":{"_seopress_robots_primary_cat":"","_seopress_titles_title":"","_seopress_titles_desc":"","_seopress_robots_index":"","_et_pb_use_builder":"","_et_pb_old_content":"","_et_gb_content_width":"","inline_featured_image":false,"footnotes":""},"categories":[14],"tags":[],"class_list":["post-304170","post","type-post","status-publish","format-standard","has-post-thumbnail","hentry","category-vijesti"],"_links":{"self":[{"href":"https:\/\/www.pcnen.com\/portal\/wp-json\/wp\/v2\/posts\/304170","targetHints":{"allow":["GET"]}}],"collection":[{"href":"https:\/\/www.pcnen.com\/portal\/wp-json\/wp\/v2\/posts"}],"about":[{"href":"https:\/\/www.pcnen.com\/portal\/wp-json\/wp\/v2\/types\/post"}],"author":[{"embeddable":true,"href":"https:\/\/www.pcnen.com\/portal\/wp-json\/wp\/v2\/users\/1"}],"replies":[{"embeddable":true,"href":"https:\/\/www.pcnen.com\/portal\/wp-json\/wp\/v2\/comments?post=304170"}],"version-history":[{"count":1,"href":"https:\/\/www.pcnen.com\/portal\/wp-json\/wp\/v2\/posts\/304170\/revisions"}],"predecessor-version":[{"id":304171,"href":"https:\/\/www.pcnen.com\/portal\/wp-json\/wp\/v2\/posts\/304170\/revisions\/304171"}],"wp:featuredmedia":[{"embeddable":true,"href":"https:\/\/www.pcnen.com\/portal\/wp-json\/wp\/v2\/media\/304173"}],"wp:attachment":[{"href":"https:\/\/www.pcnen.com\/portal\/wp-json\/wp\/v2\/media?parent=304170"}],"wp:term":[{"taxonomy":"category","embeddable":true,"href":"https:\/\/www.pcnen.com\/portal\/wp-json\/wp\/v2\/categories?post=304170"},{"taxonomy":"post_tag","embeddable":true,"href":"https:\/\/www.pcnen.com\/portal\/wp-json\/wp\/v2\/tags?post=304170"}],"curies":[{"name":"wp","href":"https:\/\/api.w.org\/{rel}","templated":true}]}}