{"id":304059,"date":"2020-10-05T13:47:02","date_gmt":"2020-10-05T11:47:02","guid":{"rendered":"https:\/\/www.pcnen.com\/portal\/?p=304059"},"modified":"2020-10-05T13:47:02","modified_gmt":"2020-10-05T11:47:02","slug":"o-politickoj-odgovornosti","status":"publish","type":"post","link":"https:\/\/www.pcnen.com\/portal\/2020\/10\/05\/o-politickoj-odgovornosti\/","title":{"rendered":"O politi\u010dkoj odgovornosti"},"content":{"rendered":"<p>Trideset godina i jedanaest parlamentarnih izbora crnogorska politi\u010dka \u201eelita\u201c, kako ona na vlasti tako ona u opoziciji, ne poznaje pojam politi\u010dke odgovornosti i smjenjivosti. Dva primjera koji odudaraju od ustaljene politi\u010dke prakse, kojih se sje\u0107am, su: radikalan potez LSCG koji je ugasio cijelu partiju zbog lo\u0161ih rezultata na izborima i op\u0161te \u201edemokratske\u201c atmosfere, te ostavka na poslani\u010dku funkciju Sr\u0111ana Peri\u0107a kada je Pozitivna iznevjerila svoje glasa\u010de daju\u0107i podr\u0161ku Vladi, koja bi bez te podr\u0161ke pala.<\/p>\n<p>SDP je na poslednjim izborima osvojio dva mandata, o\u010dekivali su tri, a potajno su se nadali da mogu osvojiti \u010detiri. O SDP-u mo\u017eemo misliti sve najgore, ali njihovo rukovodstvo je napravilo ono \u0161to rade odgovorni politi\u010dari, a \u0161to je potpuno neuobi\u010dajno za crnogorske politi\u010dke (ne)prilike. Dva prva \u010dovjeka partije, predsjednica Draginja Vuksanovi\u0107 i potpredsjednik Ra\u0161ko Konjevi\u0107 su podnijeli ostavke zbog lo\u0161eg izbornog rezultata. Takav, moram re\u0107i principijelan, politi\u010dki ispravan i za nas potpuno neubi\u010dajan potez rukovodstva SDP-a, nai\u0161ao je na op\u0161te nipodo\u0161tavanje i podsmijeh ve\u0107eg, pogotovu onog, do ju\u010de opozicionog dijela javnosti. Ta javnost, sve vi\u0161e to uvi\u0111am, mnogo je sli\u010dnija &#8211; po jednostranom i navija\u010dkom gledanju na stvari &#8211; onom dijelu gra\u0111ana koji su do ju\u010de, 30 godina podr\u017eavali vladaju\u0107i DPS, nego \u0161to sam, do pobjede na izborima biv\u0161e opozicije, mogao i pretpostaviti.<\/p>\n<p>Ostavkama \u010delnih ljudi SDP-a, Milu \u0110ukanovi\u0107u se dalje slabe pozicije, pogotovu pred Kongres DPS-a, jer se isti imperativ name\u0107e i pred njim i njegovim potpredsjednicima. To je drugi te\u017eak udarac \u0110ukanovi\u0107u od strane SDP-a, poslije onog kada su mu poslije izbora saop\u0161tili da na njihova dva mandata, koje je \u0110ukanovi\u0107 prisvajao, ne ra\u010duna.<\/p>\n<p>Najvi\u0161e negativnih, omalova\u017eavaju\u0107i i podrugljivih komentara na dru\u0161tvenim mre\u017eama povodom ostavki \u010delnih ljudi SDP-a, koliko sam mogao da uo\u010dim, daju pristalice DF-a. Za njih su valjda lideri partija neprikosnoveni, iz poraza u poraz oni su navikli da ih veli\u010daju, ne pomi\u0161ljaju\u0107i da tra\u017ee njihovu odgovornost za neuspjehe.<\/p>\n<p>Da se vratim u blisku pro\u0161lost i to obrazlo\u017eim veoma konkretnim primjerom.<\/p>\n<p>Na lokalnim izborima u Podgorici koji su odr\u017eani 2014. godine nosilac liste Demokratskog fronta bio je Miodrag Leki\u0107. Na tim izborima, na kojima sam i ja postao odbornik DF-a kao nestrana\u010dka li\u010dnost,\u00a0 osvojili smo 17 manadata. DPS nije imao ve\u0107inu, poslije tri mjeseca napetih i neizvjesnih pregovora, gore pomenuti SDP je izdao opozicionu volju bira\u010da i u\u0161ao u postizbornu koalciju sa DPS-om. Sva politi\u010dka javnost je znala i zna da bi osvajanje vlasti u glavnom gradu bila uvertira za pad DPS-a na dr\u017eavnom nivou.<\/p>\n<p>\u010cetiri godine kasnije, nosilac liste i kandidat za gradona\u010delnika Demokratskog fronta za lokalne izbore u Podgorici je bio Slaven Radunovi\u0107. U koaliciji sa SNP-om osvojili su ukupno 8 mandata, a DPS apsolutnu ve\u0107inu. \u010cinjenice su tu neumoljive: DF i SNP zajedno su ovojili duplo manje mandata nego DF sam 2014. godine, tj. onoliko koliko je samo SNP osvojio na prethodnim lokalnim izborima! Niko od \u010delnika DF-a zbog toga debakla nije podnio ostavku, \u010dak ni nosilac liste Slaven Radunovi\u0107. Umjesto toga, isti taj Slaven Radulovi\u0107 ovih dana javno dijeli moralne lekcije svojim koalicionim partnerima u budu\u0107oj vlasti \u2013 ako se ona upo\u0161te formira.<\/p>\n<p>Sve o\u010diglednija i neskrivenija je opstrukcija Zdravka Krivokapi\u0107a od strane onih \u010diji je bio nosilac liste. Pitanje je da li \u0107e se uop\u0161te sastaviti nova Vlada, a ako se sastavi, sva je prilika da ne\u0107e biti dugog vijeka, ne samo zbog op\u0161te ekonomske situacije, ve\u0107 prije svega zbog unutra\u0161njih opstrukcija kojima \u0107e ta Vlada biti podrivana. Spekuli\u0161e se i da \u0107e Krivokapi\u0107 zbog toga, mogu\u0107e, napustiti DF i samostalno iza\u0107i na budu\u0107e izbore. U tom slu\u010daju, apsolutno sam siguran da \u0107e DF imati duplo manju podr\u0161ku, \u010dak mogu\u0107e i tri put manju \u2013 isto kao na lokalnim izborima 2018. godine u odnosu na one 2014. U nekom takvom razvoju doga\u0111aja, opet sam skoro siguran da ne\u0107e biti ostavki od strane \u010delnih ljudi Fronta, ve\u0107 \u0107e za sve biti krivi razne zavjere i zavjerinici, te \u201emr\u017enja prema srpskom narodu koga jedino oni predstavljaju\u201c.<\/p>\n<p>DF, DPS i ostale politi\u010dke partije rade ono \u0161to im mo\u017ee biti, vode\u0107i ra\u010duna isklju\u010divo o svojim li\u010dnim i partijskim interesma. Nijesu krivi oni, ve\u0107 gra\u0111ani koji ih glasaju ne tra\u017ee\u0107i od njih da im polo\u017ee ra\u010dune i zbog neuspjeha podnesu ostavke.<\/p>\n<p>Do nas je, ipak, na\u0161e politi\u010dke (ne)kulture i (ne)znanja, a ne do decenijama jednih te istih politi\u010dkih \u201eelita\u201c. Zato su uostalom tako dugotrajne, iako iz dana u dan, iz izbornog ciklusa u izborni ciklus \u017eivimo sve gore. A ciklusi postaju tragikomi\u010dni cirkusi \u2013 \u010demu smo i trenutno svjedoci.<\/p>\n","protected":false},"excerpt":{"rendered":"<p>Pi\u0161e: Omer \u0160ARKI\u0106<\/p>\n","protected":false},"author":12,"featured_media":286086,"comment_status":"open","ping_status":"closed","sticky":false,"template":"","format":"standard","meta":{"_seopress_robots_primary_cat":"","_seopress_titles_title":"","_seopress_titles_desc":"","_seopress_robots_index":"","_et_pb_use_builder":"","_et_pb_old_content":"","_et_gb_content_width":"","inline_featured_image":false,"footnotes":""},"categories":[17],"tags":[],"class_list":["post-304059","post","type-post","status-publish","format-standard","has-post-thumbnail","hentry","category-blogovi"],"_links":{"self":[{"href":"https:\/\/www.pcnen.com\/portal\/wp-json\/wp\/v2\/posts\/304059","targetHints":{"allow":["GET"]}}],"collection":[{"href":"https:\/\/www.pcnen.com\/portal\/wp-json\/wp\/v2\/posts"}],"about":[{"href":"https:\/\/www.pcnen.com\/portal\/wp-json\/wp\/v2\/types\/post"}],"author":[{"embeddable":true,"href":"https:\/\/www.pcnen.com\/portal\/wp-json\/wp\/v2\/users\/12"}],"replies":[{"embeddable":true,"href":"https:\/\/www.pcnen.com\/portal\/wp-json\/wp\/v2\/comments?post=304059"}],"version-history":[{"count":3,"href":"https:\/\/www.pcnen.com\/portal\/wp-json\/wp\/v2\/posts\/304059\/revisions"}],"predecessor-version":[{"id":304073,"href":"https:\/\/www.pcnen.com\/portal\/wp-json\/wp\/v2\/posts\/304059\/revisions\/304073"}],"wp:featuredmedia":[{"embeddable":true,"href":"https:\/\/www.pcnen.com\/portal\/wp-json\/wp\/v2\/media\/286086"}],"wp:attachment":[{"href":"https:\/\/www.pcnen.com\/portal\/wp-json\/wp\/v2\/media?parent=304059"}],"wp:term":[{"taxonomy":"category","embeddable":true,"href":"https:\/\/www.pcnen.com\/portal\/wp-json\/wp\/v2\/categories?post=304059"},{"taxonomy":"post_tag","embeddable":true,"href":"https:\/\/www.pcnen.com\/portal\/wp-json\/wp\/v2\/tags?post=304059"}],"curies":[{"name":"wp","href":"https:\/\/api.w.org\/{rel}","templated":true}]}}