{"id":304040,"date":"2020-10-05T07:26:32","date_gmt":"2020-10-05T05:26:32","guid":{"rendered":"https:\/\/www.pcnen.com\/portal\/?p=304040"},"modified":"2020-10-05T07:26:32","modified_gmt":"2020-10-05T05:26:32","slug":"vrijeme-je-da-se-procesuira-dzulijanov-progonitelj-belmars-tribunal","status":"publish","type":"post","link":"https:\/\/www.pcnen.com\/portal\/2020\/10\/05\/vrijeme-je-da-se-procesuira-dzulijanov-progonitelj-belmars-tribunal\/","title":{"rendered":"Vrijeme je da se procesuira D\u017eulijanov progonitelj &#8211; Belmar\u0161 Tribunal"},"content":{"rendered":"<p><a href=\"https:\/\/progressive.international\/about\/en\">Autor: Progressive international<\/a><\/p>\n<p>Ovo je vrijeme za promjenu taktike. Predugo smo branili nevinog \u010dovjeka zbog otkrivanja krivica tajnih mo\u0107i. Predugo smo protestovali protiv njihovog prava da uni\u0161te D\u017eulijanovo tijelo kako bi uti\u0161ali njegov glas. Predugo smo se zalagali da prestanu mu\u010diti \u010dovjeka koji se usudio otkriti nam zlo\u010dine koje na\u0161e vlade \u010dine, u na\u0161e ime, iza na\u0161ih le\u0111a. Predugo smo upozoravali dobre ljude vani kojima nije zasmetaloe \u0161to su prvo do\u0161li po Asan\u017ea, a zatim \u0107e do\u0107i po druge koji otkrivaju njihove prljave tajne i da na kraju ne\u0107e biti nikoga da ih brani &#8211; nikoga da brani one kojima danas nije stalo do D\u017eulijana. Utro\u0161ili smo previ\u0161e energije poku\u0161avaju\u0107i impresionirati novinare koji danas tako spektakularno ne podr\u017eavaju D\u017eulijana da time ugro\u017eavaju vlastitu profesiju, kastriraju sami sebe i dopu\u0161taju da ih se doda na listu za odstrel, da pristaju na vlastito \u0161kopljenje.<\/p>\n<p>DOSTA!<\/p>\n<p>Ako se zaista trudimo da prevlada nepomu\u0107ena istina, da imamo poslednju rije\u010d, moramo pre\u0107i s obrane D\u017eulijana, s upozorenja na stra\u0161ne posljedice njegovog izru\u010denja za njega, za nas, za svijet, s obja\u0161njavanja apati\u010dnima da je njihova apatija jednaka njihovoj nemo\u0107i, na obra\u010dun sa zlo\u010dincima koji stoje iza njegovog progona.<\/p>\n<p>Aktuelni sudski slu\u010daj moramo pretvoriti u su\u0111enje onima koji su mladim vojnicima naredili da ubijaju civile, da osaka\u0107uju i ubijaju novinare, da cijele zajednice zaviju u suze i bol.<\/p>\n<p>Moramo pretvoriti D\u017eulijanove tu\u017eioce u optu\u017eene i omogu\u0107iti najve\u0107oj poroti tamo, dobro informisanom Demosu, da o njima pravi\u010dno presu\u0111uje.<br \/>\nTo nije te\u0161ko u\u010diniti: Zahvaljuju\u0107i Wikileaksu, dokazi su na dohvat ruke, svima na raspolaganju.<\/p>\n<p>Nije li to razlog za\u0161to krivci zahtijevaju D\u017eulijanove izru\u010denje? Nije li to razlog za\u0161to ubice planiraju da pokopaju D\u017eulijana u supermax sanduku 175 godina?<\/p>\n<p>Prijatelji, mi to mo\u017eemo!<\/p>\n<p>Ako je Dimitrov u <a href=\"https:\/\/sh.wikipedia.org\/wiki\/Georgi_Dimitrov\">svom procesu,<\/a> koji se vodio u samoj nacisti\u010dkoj Njema\u010dkoj, mogao okrenuti tu\u017eioce protiv Geringa I Gebelsa, zasigurno mo\u017eemo trenutni sudski slu\u010daj pretvoriti u su\u0111enje vojno-industrijsko-nacionalno-sigurnosnom kompleksu. Imaju\u0107i u vidu da su \u010dak i nacisti\u010dki sudovi dali Dimitrovu ve\u0107u priliku da govori u svoju odbranu nego \u0161to D\u017eulijan ima u svojoj staklenoj kutiji, ipak mo\u017eemo iskoristiti ono \u0161to je preostalo od instrumenata liberalne demokratije da se upustimo u borbu svojim Slavnim, Veli\u010danstvenim, Pravednim, Zajedni\u010dkim OPTU\u017dUJEMO VAS!<\/p>\n<p>Iz tog razloga pozdravljam Belmar\u0161 Tribunal. Pozdravljam dana\u0161nji doga\u0111aj. Pozdravljam sve vas koji ste dio toga ili kao govornici ili kao aktivni promatra\u010di. Iznad svega, pozdravljam D\u017eulijana &#8211; \u0161to se toliko \u017ertvovao da bismo mogli OPTU\u017dITI ONE KOJI ZAISTA ZASLU\u017dUJU BITI OPTU\u017dENI, \u0161to je i na\u0161a du\u017enost.<\/p>\n<p><a href=\"https:\/\/www.yanisvaroufakis.eu\/2020\/10\/04\/it-is-time-to-prosecute-julians-persecutors-the-belmarsh-tribunal\/\">yanisvaroufakis.eu<\/a><\/p>\n","protected":false},"excerpt":{"rendered":"<p>Aktuelni sudski slu\u010daj moramo pretvoriti u su\u0111enje onima koji su mladim vojnicima naredili da ubijaju civile, da osaka\u0107uju i ubijaju novinare, da cijele zajednice zaviju u suze i bol.<\/p>\n","protected":false},"author":1,"featured_media":298981,"comment_status":"open","ping_status":"closed","sticky":false,"template":"","format":"standard","meta":{"_seopress_robots_primary_cat":"","_seopress_titles_title":"","_seopress_titles_desc":"","_seopress_robots_index":"","_et_pb_use_builder":"","_et_pb_old_content":"","_et_gb_content_width":"","inline_featured_image":false,"footnotes":""},"categories":[5],"tags":[],"class_list":["post-304040","post","type-post","status-publish","format-standard","has-post-thumbnail","hentry","category-drugi-pisu"],"_links":{"self":[{"href":"https:\/\/www.pcnen.com\/portal\/wp-json\/wp\/v2\/posts\/304040","targetHints":{"allow":["GET"]}}],"collection":[{"href":"https:\/\/www.pcnen.com\/portal\/wp-json\/wp\/v2\/posts"}],"about":[{"href":"https:\/\/www.pcnen.com\/portal\/wp-json\/wp\/v2\/types\/post"}],"author":[{"embeddable":true,"href":"https:\/\/www.pcnen.com\/portal\/wp-json\/wp\/v2\/users\/1"}],"replies":[{"embeddable":true,"href":"https:\/\/www.pcnen.com\/portal\/wp-json\/wp\/v2\/comments?post=304040"}],"version-history":[{"count":1,"href":"https:\/\/www.pcnen.com\/portal\/wp-json\/wp\/v2\/posts\/304040\/revisions"}],"predecessor-version":[{"id":304041,"href":"https:\/\/www.pcnen.com\/portal\/wp-json\/wp\/v2\/posts\/304040\/revisions\/304041"}],"wp:featuredmedia":[{"embeddable":true,"href":"https:\/\/www.pcnen.com\/portal\/wp-json\/wp\/v2\/media\/298981"}],"wp:attachment":[{"href":"https:\/\/www.pcnen.com\/portal\/wp-json\/wp\/v2\/media?parent=304040"}],"wp:term":[{"taxonomy":"category","embeddable":true,"href":"https:\/\/www.pcnen.com\/portal\/wp-json\/wp\/v2\/categories?post=304040"},{"taxonomy":"post_tag","embeddable":true,"href":"https:\/\/www.pcnen.com\/portal\/wp-json\/wp\/v2\/tags?post=304040"}],"curies":[{"name":"wp","href":"https:\/\/api.w.org\/{rel}","templated":true}]}}