{"id":303829,"date":"2020-10-02T15:10:19","date_gmt":"2020-10-02T13:10:19","guid":{"rendered":"https:\/\/www.pcnen.com\/portal\/?p=303829"},"modified":"2020-10-02T15:10:19","modified_gmt":"2020-10-02T13:10:19","slug":"kabala-i-ostale-postizborne-price","status":"publish","type":"post","link":"https:\/\/www.pcnen.com\/portal\/2020\/10\/02\/kabala-i-ostale-postizborne-price\/","title":{"rendered":"Kabala i ostale postizborne pri\u010de"},"content":{"rendered":"<p>Euforija, nada i enuzijazam, vra\u0107eni nakon iznena\u0111uju\u0107e pobjede opozicije na izborima, ostali su neiskori\u0161\u0107eni, polako jenjavaju, pretvaraju\u0107i se u sumnju. Jenjava i eksplozija nacionalizma, ali se on \u017eilavo dr\u017ei i odr\u017eava. Za njega u Crnoj Gori jo\u0161 dugo ne\u0107e biti zime.<\/p>\n<p>Ekonomija i njen kolaps i dalje su u tre\u0107em planu svima, sve do momenta kada javni izvr\u0161itelji od pretrpanosti poslom ne budu stizali da naplate potra\u017eivanja, i kada dobrom dijelu gra\u0111ana budu aktivirane razne hipoteke.<\/p>\n<p>Mnogi \u0107e se ove zime grijati ogrnuti svojim zastavama, a bud\u017eet \u0107e nam puniti novi krediti &#8211; jer nema \u0161to drugo. Bud\u017eet koji je, ina\u010de, na aparatima, odlaze\u0107a Vlada nemilice prazni, da bi svoje nasljednike u trenutku konstituisanja ostavila bez imalo kiseonika.<\/p>\n<p>Crkva je, evidentno, postala glavni i presudan politi\u010dki faktor, ali ako ste doju\u010dera\u0161nji opozicionar, to ne smijete javno re\u0107i. Preko politi\u010dkih partija, iza kulisa, vodi se unutracrkveni sukob izme\u0111u mitropolita Amfilohija i patrijarha Irineja, tj. Vu\u010di\u0107a i \u0110ukanovi\u0107a, sa jedne strane, i Amfilohija, sa druge. Demokratski front, kao ve\u0107 neprikrivena Vu\u010di\u0107eva ekspozitura u Crnoj Gori, okosnica koalicije koja ima daleko najvi\u0161e mandata u novoj vlasti, glavni je ko\u010dni\u010dar formiranja Vlade i \u00a0ubijanja one ve\u0107 pomenute nade i entuzijazma kod gra\u0111ana. Medojevi\u0107 sa njegovim kabalama, iluminatima, masonima i ostalim svjetskim zavjerama i zavjerinicima, napravio je vi\u0161e \u0161tete i sumnje u odr\u017eivost nove vlasti, nego sve pobjede, analitike i antene-m zajedno. \u00a0Za njim mnogo ne zaostaju Mandi\u0107 i Kne\u017eevi\u0107. Ista ona ekipa koja je tobo\u017ee podr\u017eavala proteste Odupri se, rade\u0107i sve protiv njih i da ih ugase.<\/p>\n<p>Nosilac liste ZBCG Zdravko Krivokapi\u0107 najve\u0107e oponente i ostrukciju dobija upravo od krila onih kojima je bio na \u010delu liste, a apsurd nad apsurdima koji se mo\u017ee desiti samo kod nas je, da druga partija predla\u017ee Zdravka Krivokapi\u0107a za mandatara nove Vlade, a da oni \u010diji je bio nosilac liste to problematizuju.<\/p>\n<p>I sam mandatar, do skoro potpuno nepoznat javnosti, \u00a0koji je preko no\u0107i stekao bezrezervno povjerenje, postav\u0161i idol ve\u0107eg broja gra\u0111ana Crne Gore (tipi\u010dno za nas!), po\u010deo je da izaziva blago podozrenje i sumnje &#8211; bar jednog dijela onih koji su u njemu vidjeli nadu i spas, zbog spornih snimaka i ne uvijek promi\u0161ljenih izjava. Zanimljivo je da se najsporniji njegov snimak, onaj u kome se Krivokapi\u0107 nalazi u dru\u0161tvu me\u0111unarodnog teroriste i zadriglih nacionalista, nije pojavio uo\u010di izbora ve\u0107 u momentu kada je postao problemati\u010dan onim koji su ga kandidovali, \u0161to navodi na opravdanu sumnju da snimak nije plasirala nikakva \u201eudba\u201c, ve\u0107 upravo neko iz dru\u0161tva sa snimka. Za \u010diji interes, mo\u017eemo samo naga\u0111ati i logi\u010dno pretpostaviti.<\/p>\n<p>Dan uo\u010di konstituisanja Skup\u0161tine, Abazovi\u0107 je najzad napravio prvi nesmotren i problemati\u010dan potez, odazvav\u0161i se na satanak u manastir Ostrog pod pokrivteljstvom Crkve, na kome je ona posredovala oko evidentnih problema u pobjedni\u010dkoj koaliciji. Abazovi\u0107evo obrazlo\u017eenje tog poteza na skup\u0161tinskom izlaganju izazvalo je eksploziju odu\u0161evljenja, najvi\u0161e me\u0111u onima za koje je do ju\u010de bio \u201e\u0161iptar\u201c i kojima je preko no\u0107i posatao \u201epo\u0161teni Albanac\u201c, a za koje \u0107e ve\u0107 sjutra ponovo biti \u201e\u0161iptar kome se ne mo\u017ee vjerovati\u201c.<\/p>\n<p>Manastir, d\u017eamija i katedrala nijesu mjesto za politi\u010dke sastanke, pogotovo one najve\u0107eg nivoa. Crkveni velikodsotojnici ne treba i ne smiju da arbitriraju u nesuglasicama vladaju\u0107e koalicije. Crkva je prije izbora stala uz koaliciju ZBCG i presudno uticala da na njenom \u010delu bude Zdravko Krivokapi\u0107. Sobzirom na tu \u010dinjenicu i samu profilaciju tog saveza, sastanak u manastiru uz posredovanje mitropolita za njih jeste prirodan i nesporan. Ali nije za gra\u0111anske URU i Demokrate.<\/p>\n<p>U galimatijasu nastalom nakon izbora, \u010dini mi se da su Demokrate zauzele najbolju poziciju &#8211; onu po kojoj \u201etiha voda brijeg roni\u201c. Demokrate su se, bez eksponiranja i zamjerki prema bilo kome, pozicionirale u centar, izme\u0111u DF-a i URE, ne ulaze\u0107i u bilo kakve rasprave i trvenja, odra\u0111uju\u0107i svoj posao. Idealnu poziciju povremeno im kvari pravovjerna strana\u010dka funkcionerka koji svima dijeli lekcije po dru\u0161tvenim mre\u017eama, bez pardona postrojavaju\u0107i neistomi\u0161ljenike, brane\u0107i Crkvu i kada je niko ne napada, sve se pozivaju\u0107i na svoj problemati\u010dan prvobora\u010dki status.<\/p>\n<p>Jedan od velikih problema u novonastaloj situaciji bi\u0107e medijska scena. Javni servis je klasi\u010dan agitrop DPS-a za koji \u0107e trebati minumum godinu dana da se poslije prestruktuiranja upristoji i postane bar pribli\u017eno ono \u0161to bi trebao da bude \u2013 Javni medijski servis svih gra\u0111ana i koji ima njihovo povjerenje. Pobjeda, Analitika, Antena M, CDM su kao Gebelsovski bilteni prethodne vlasti bez ikakvog kredilibiteta, nemaju uticaja na ve\u0107inu gra\u0111ana koji ih do\u017eivljavaju kao najgore medijsko sme\u0107e. Vijesti i Dan, sa najvi\u0161e uticaja, koji presudno kreiraju ve\u0107insko javno mnjenje, nekriti\u010dki se odnose i odnosi\u0107e se prema novoj vlasti &#8211; gledaju\u0107i joj kroz prste. I NVO sektor je za sada dosta uzdr\u017ean, \u0161to mo\u017ee biti jedan od velikih problema kontrole svake, pa i nove ve\u0107ine.<\/p>\n<p>Sve u svemu, mo\u017eemo samo naga\u0111ati \u0161to \u0107e se ubudu\u0107e doga\u0111ati jer je sve neizvjesno, fluidno. Izvjesno je da nas \u010deka prazan bud\u017eet i najgora ekonomska kriza do sada, borba za golo pre\u017eivljavanje. Da li \u0107e nam dominantne politi\u010dke elite kao rje\u0161enje, po obi\u010daju, ponuditi me\u0111usobnu mr\u017enju i nacionalizam, ili rad, red, muke i znoj &#8211; ostaje nam da vidimo.<\/p>\n","protected":false},"excerpt":{"rendered":"<p>Pi\u0161e: Omer \u0160ARKI\u0106<\/p>\n","protected":false},"author":12,"featured_media":286086,"comment_status":"open","ping_status":"closed","sticky":false,"template":"","format":"standard","meta":{"_seopress_robots_primary_cat":"","_seopress_titles_title":"","_seopress_titles_desc":"","_seopress_robots_index":"","_et_pb_use_builder":"","_et_pb_old_content":"","_et_gb_content_width":"","inline_featured_image":false,"footnotes":""},"categories":[17],"tags":[],"class_list":["post-303829","post","type-post","status-publish","format-standard","has-post-thumbnail","hentry","category-blogovi"],"_links":{"self":[{"href":"https:\/\/www.pcnen.com\/portal\/wp-json\/wp\/v2\/posts\/303829","targetHints":{"allow":["GET"]}}],"collection":[{"href":"https:\/\/www.pcnen.com\/portal\/wp-json\/wp\/v2\/posts"}],"about":[{"href":"https:\/\/www.pcnen.com\/portal\/wp-json\/wp\/v2\/types\/post"}],"author":[{"embeddable":true,"href":"https:\/\/www.pcnen.com\/portal\/wp-json\/wp\/v2\/users\/12"}],"replies":[{"embeddable":true,"href":"https:\/\/www.pcnen.com\/portal\/wp-json\/wp\/v2\/comments?post=303829"}],"version-history":[{"count":3,"href":"https:\/\/www.pcnen.com\/portal\/wp-json\/wp\/v2\/posts\/303829\/revisions"}],"predecessor-version":[{"id":303835,"href":"https:\/\/www.pcnen.com\/portal\/wp-json\/wp\/v2\/posts\/303829\/revisions\/303835"}],"wp:featuredmedia":[{"embeddable":true,"href":"https:\/\/www.pcnen.com\/portal\/wp-json\/wp\/v2\/media\/286086"}],"wp:attachment":[{"href":"https:\/\/www.pcnen.com\/portal\/wp-json\/wp\/v2\/media?parent=303829"}],"wp:term":[{"taxonomy":"category","embeddable":true,"href":"https:\/\/www.pcnen.com\/portal\/wp-json\/wp\/v2\/categories?post=303829"},{"taxonomy":"post_tag","embeddable":true,"href":"https:\/\/www.pcnen.com\/portal\/wp-json\/wp\/v2\/tags?post=303829"}],"curies":[{"name":"wp","href":"https:\/\/api.w.org\/{rel}","templated":true}]}}