{"id":303607,"date":"2020-09-29T21:22:51","date_gmt":"2020-09-29T19:22:51","guid":{"rendered":"https:\/\/www.pcnen.com\/portal\/?p=303607"},"modified":"2020-09-29T21:28:18","modified_gmt":"2020-09-29T19:28:18","slug":"medojevic-crkva-trazila-da-krivokapic-bude-na-celu-liste","status":"publish","type":"post","link":"https:\/\/www.pcnen.com\/portal\/2020\/09\/29\/medojevic-crkva-trazila-da-krivokapic-bude-na-celu-liste\/","title":{"rendered":"Medojevic\u0301: Crkva tra\u017eila da Krivokapic\u0301 bude na \u010delu liste"},"content":{"rendered":"<p>Predsjednik Pokreta za promjene i jedan od lidera Demokratskog fronta Neboj\u0161a Medojevi\u0107 je rekao da ne dijeli ba\u0161 sve stavove sa kandidatom za mandatara crnogorske vlade Zdravkom Krivokapi\u0107em o tome koliki treba da bude uticaj crkve u dnevnoj politici.<\/p>\n<p>&#8220;Do\u0161ao je na na\u0161u listu kao dogovor DF-a i mitropolita Amfilohija. On je bio broj jedan zato \u0161to je to tra\u017eila crkva da bi podr\u017eala na\u0161u listu&#8221;, istakao je Medojevi\u0107.<\/p>\n<p>On je naveo da je crkva tra\u017eila da deset ljudi bliskih njoj budu na listi &#8220;Za budu\u0107nost Crne Gore&#8221;. &#8220;Pa se to svelo na tri, pa smo se dogovorili da je dovoljno da to bude Krivokapi\u0107, koji na na\u0161oj listi predstavlja crkvu i mitropolita Amfilohija.&#8221;<\/p>\n<p>Medojevi\u0107 je rekao da je razumljiva veza Krivokapi\u0107a sa Amfilohijem, ali da je sada vrijeme da se crkva vrati svom primarnom zadatku.<\/p>\n<p>Rekao je da nije htio da ide na sastanak sa Amfilohijem u Ostrog jer to nije mjesto gdje treba da se pri\u010da o mandatima i resorima.<\/p>\n<p>&#8220;Uvijek kad je crkva ulazila u politi\u010dke vode u Crnoj Gori u posljednjih 30 godina, to se nije zavr\u0161ilo dobro ni za crkvu ni demokratiju. Ono \u0161to je crkva radila istorijski sjajno to su litije, mislim da je najbolje da se sve\u0161tenici sada vrate u manastire, da nastave tu svoju misiju moralne obnove&#8221;, rekao je Medojevi\u0107 u intervjuu za TVCG, prense Vijesti<\/p>\n<p>Me\u0111unarodna zajednica, kako je rekao Medojevi\u0107, nema ni\u0161ta protiv da lideri DF-a budu na visokim pozicijama u budu\u0107oj Vladi.<\/p>\n<p>&#8220;To su najobi\u010dnije medijske spekulacije i spinovi, i kori\u0161\u0107enje te teme u popravljanju svoje pregovara\u010dke pozicije u formiranju Vlade&#8221;.<\/p>\n<p>PZP ima pripremljen program reformi u resorima u kojima bi preuzeli odgovornost.<\/p>\n<p>Medojevi\u0107 je kazao da \u0107e PZP podr\u017eati svaku Vladu u kojoj ne\u0107e biti DPS-a, &#8220;\u0161to ne zna\u010di da \u0107emo podr\u017eati lo\u0161u politiku te Vlade i da \u0107emo \u0107utati&#8221;.<\/p>\n<p>On je rekao da \u0107e, u slu\u010daju da Krivokapi\u0107 pod &#8220;pritiskom lobija&#8221; ka\u017ee da PZP ne mo\u017ee biti u Vladi, glasati za Vladu i dati joj manjinsku podr\u0161ku, te da je ne\u0107e ru\u0161iti, ali da \u0107e je kritikovati.<\/p>\n<p>On je istakao da ne\u0107e biti revan\u0161izma, ali ho\u0107e ka\u017enjavanja onih koji su kr\u0161ili zakon.<\/p>\n<p>&#8220;Mi to ne mo\u017eemo da uradimo bez podr\u0161ke me\u0111unarodne zajednice i upravo u okviru NATO-a, uspostavili smo komunikacije. Mi ako budemo u vladi \u0161verc cigareta \u0107e da se zaustavi&#8221;, naveo je Medojevi\u0107.\u00a0On ka\u017ee da mo\u017eda to ne odgovara nekim ljudima koji poku\u0161avaju da uti\u010du na formiranje vlade kao \u0161to je koncern Vijesti, prenosi RTCG<\/p>\n<p>&#8220;Oni su formirali Pozitivnu i URU, mo\u017eda njima smeta \u0161to \u0107emo mi da se uhvatimo u ko\u0161tac s kriminalom. Koncen oko Vijesti nije samo medijski, to je tajkunski. Imam dokaze za njihovu politi\u010dku namjeru da elimini\u0161u nas trojicu iz Vlade i sa bitnih pozicija. Oni \u017eele da preuzmu sistem kontrole bezbjednosti. Vlasnici Vijesti su osnovali Pozitivnu koja je zavr\u0161ila u zagrljaju \u0110ukanovi\u0107a, ostaci Pozitivne su formirali GP URA. Po\u0161tujem Abazovi\u0107a, to je mladi kolega koji se pozicionira na sceni, ali opasan je koncern koji je formirao URU. Mo\u017eda Vijesti \u017eele da preuzmu sistem bezbjednosti da bi nastavili \u0161verc&#8221;, naveo je on.<\/p>\n<p>On ka\u017ee da kao \u0161to je neprihvatljivo mije\u0161anje crkve u formiranje vlade, tako su i protiv mije\u0161anja krupnog kapitala.<\/p>\n<p>&#8220;Ja koncern Vijesti optu\u017eujem politi\u010dki, koristim njihove pisane rije\u010di, znam ih vrlo dobro. Njima mo\u017eda odgovara da se nastavi \u0161verc, da se ne postavljaju pitanja odakle im milioni u poslovanju sa bra\u0107om \u0110ukanovi\u0107. I sada, \u0161to mi je naj\u010dudnije,\u00a0 to sve u saradnji sa crkvom,&#8221; istakao je Medojevi\u0107.<\/p>\n<p>On ka\u017ee da se vlada formira dogovorom i konsenzusom, a ne ucjenama, politi\u010dkim reketiranjem, i ultimatumima, kao \u0161to rade vlasnici Vijesti Mi\u0161ko Perovi\u0107 i \u017deljko Ivanovi\u0107.<\/p>\n<p>&#8220;Ne mislim na Abazovi\u0107, on se ne pita nego Perovi\u0107 i Ivanovi\u0107, i mi to ne\u0107emo dozvoliti. Oni \u017eele da kadriraju i da odrede ko \u0107e iz DF-a da bude u vladi. Djelovi crkve i Vijesti su napravile novi centralni komitet. Mislim da treba da se dogovorimo i da ne formiraju vladu sve\u0161tena lica i tajkuni&#8221;, istakao je on.<\/p>\n","protected":false},"excerpt":{"rendered":"<p>On je rekao da \u0107e, u slu\u010daju da Krivokapi\u0107 pod &#8220;pritiskom lobija&#8221; ka\u017ee da PZP ne mo\u017ee biti u Vladi, glasati za Vladu i dati joj manjinsku podr\u0161ku, te da je ne\u0107e ru\u0161iti, ali da \u0107e je kritikovati.<\/p>\n","protected":false},"author":1,"featured_media":303610,"comment_status":"open","ping_status":"closed","sticky":false,"template":"","format":"standard","meta":{"_seopress_robots_primary_cat":"","_seopress_titles_title":"","_seopress_titles_desc":"","_seopress_robots_index":"","_et_pb_use_builder":"","_et_pb_old_content":"","_et_gb_content_width":"","inline_featured_image":false,"footnotes":""},"categories":[14],"tags":[],"class_list":["post-303607","post","type-post","status-publish","format-standard","has-post-thumbnail","hentry","category-vijesti"],"_links":{"self":[{"href":"https:\/\/www.pcnen.com\/portal\/wp-json\/wp\/v2\/posts\/303607","targetHints":{"allow":["GET"]}}],"collection":[{"href":"https:\/\/www.pcnen.com\/portal\/wp-json\/wp\/v2\/posts"}],"about":[{"href":"https:\/\/www.pcnen.com\/portal\/wp-json\/wp\/v2\/types\/post"}],"author":[{"embeddable":true,"href":"https:\/\/www.pcnen.com\/portal\/wp-json\/wp\/v2\/users\/1"}],"replies":[{"embeddable":true,"href":"https:\/\/www.pcnen.com\/portal\/wp-json\/wp\/v2\/comments?post=303607"}],"version-history":[{"count":3,"href":"https:\/\/www.pcnen.com\/portal\/wp-json\/wp\/v2\/posts\/303607\/revisions"}],"predecessor-version":[{"id":303613,"href":"https:\/\/www.pcnen.com\/portal\/wp-json\/wp\/v2\/posts\/303607\/revisions\/303613"}],"wp:featuredmedia":[{"embeddable":true,"href":"https:\/\/www.pcnen.com\/portal\/wp-json\/wp\/v2\/media\/303610"}],"wp:attachment":[{"href":"https:\/\/www.pcnen.com\/portal\/wp-json\/wp\/v2\/media?parent=303607"}],"wp:term":[{"taxonomy":"category","embeddable":true,"href":"https:\/\/www.pcnen.com\/portal\/wp-json\/wp\/v2\/categories?post=303607"},{"taxonomy":"post_tag","embeddable":true,"href":"https:\/\/www.pcnen.com\/portal\/wp-json\/wp\/v2\/tags?post=303607"}],"curies":[{"name":"wp","href":"https:\/\/api.w.org\/{rel}","templated":true}]}}