{"id":303340,"date":"2020-09-27T07:29:03","date_gmt":"2020-09-27T05:29:03","guid":{"rendered":"https:\/\/www.pcnen.com\/portal\/?p=303340"},"modified":"2020-09-27T07:29:03","modified_gmt":"2020-09-27T05:29:03","slug":"zasto-se-krivokapic-mora-izviniti-vucicu","status":"publish","type":"post","link":"https:\/\/www.pcnen.com\/portal\/2020\/09\/27\/zasto-se-krivokapic-mora-izviniti-vucicu\/","title":{"rendered":"Za\u0161to se Krivokapi\u0107 mora izviniti Vu\u010di\u0107u"},"content":{"rendered":"<p><strong>Pi\u0161e: Vuk Ba\u010danovi\u0107<\/strong><\/p>\n<p>Zdravko Krivokapi\u0107 se, kako ka\u017ee Aleksandar Vu\u010di\u0107, mora izviniti. Mora ga zamoliti za opro\u0161taj. Dobro, ni\u0161ta druga\u010dije i ne mo\u017eemo o\u010dekivati od rijaliti crnog maga kakav je predsjednik Srbije nego da \u0107e izigravati \u017ertvu klevete za istinu koja je jasna i djeci u obdani\u0161tu. Da je sukob izme\u0111u njega i \u0110ukanovi\u0107a isfingiran na obostranu korist.<\/p>\n<p>Nikakvo iznena\u0111enje da Vu\u010di\u0107 zahtjeva dokaze i tra\u017ei izvinjenje za reme\u0107enje stvarnosti koju slu\u0111enoj sirotinji servira \u0110ukanovi\u0107ev i njegov tre\u0107i poslovni partner \u2013 Beba Popovi\u0107. Jer ako mu se Krivokapi\u0107 ne izvine, ispa\u0161\u0107e da je sva ta pri\u010da o srpskom despotu kao regionalnoj babarogi koja samostalno vu\u010de konce u Crnoj Gori i BiH, ono \u0161to i jeste \u2013 potpuna izmi\u0161ljotina. I da je Srbija u jednako bijednom kolonijalnom polo\u017eaju ba\u0161 kao i Crna Gora i BiH.<\/p>\n<p>I da lideri svih navednih dr\u017eavica \u017eive od raspodjela posljednjih mrvica nacionalnog dostojanstva. \u0110ukanovi\u0107 jo\u0161 odavno, napraviv\u0161i od Crne Gore privatnu postmodernu identitetsku ludnicu, a Vu\u010di\u0107 koji bi kulminaciju rijaliti srpskog samoponi\u017eavanja mogao okon\u010dati rje\u0161enjem da se i Srbija i Kosovu ujedine u jedinstvenu despotiju Trampiju. U kojoj \u0107e dru\u0161tvena inicijacija zapo\u010dinjati ulaskom u licencirani Trampov rijaliti za koji \u0107e se pla\u0107ati obavezna taksa kao danas za va\u0111enje rodnog lista i dr\u017eavljanstva. U kojem \u0107e Trampov hologram na svakoga kome je preostao trun razbora, inteligencije i dostojanstva urlati: \u201cYOU ARE FIRED!\u201d<\/p>\n<h2><strong>Kolektivno izvinjenje<\/strong><\/h2>\n<p>Dakle, za \u0161ta se Krivokapi\u0107, zaista, mora izvinjavati? Vrlo malo ljudi je obratilo pa\u017enju na sljede\u0107e Vu\u010di\u0107eve rije\u010di:\u00a0 \u201cZa mene su va\u017eni oni ljudi sa kojima imamo prijateljske i bratske odnose, a to su Andrija Mandi\u0107 i Milan Kne\u017eevi\u0107 i verujemo da \u0107e tako biti i sa Mila\u010di\u0107em, jer su to ljudi koji ne kriju da pripadaju srpskom narodu i zato mi imamo pravo legitimno da se borimo za ostvarivanje njihovih kolektivnih i svakih drugih prava.\u201d<\/p>\n<p>Na stranu \u0161to se Vu\u010di\u0107 ovom re\u010denicom mije\u0161a u unutra\u0161nje poslove druge dr\u017eave \u010dime istovremeno i ukazuje koliko mu prostora \u0110ukanovi\u0107 daje i da mu precizno nabacuje loptice kako bi mogao vri\u0161tati: \u201cVelikosrpstvo! Velikosrpstvo!\u201d<\/p>\n<p>Klju\u010dna Vu\u010di\u0107eva sintagma koju je malo ko uo\u010dio jeste \u201costvarenje njihovih kolektivnih prava\u201d! \u0110ukanovi\u0107evi pla\u0107enici koji ga predstavljaju kao politi\u010dara dosljedne gra\u0111anske i antifa\u0161isti\u010dke orijentacije zaboravljaju da je osnova njegove 30-godi\u0161nje vladavine upravo manipulacija kolektivnim identitetima, najprije usmjeravanju Srba i Crnogoraca protiv manjina i drugih naroda biv\u0161e Jugoslavije, a zatim, kad je to postalo oportuno, Crnogoraca i ostalih manjina protiv Srba.<\/p>\n<h2>Kolektiviziraj podanike da bi ih lak\u0161e mu\u010dio<\/h2>\n<p>I ma koliko \u0110ukanovi\u0107 pred izbore zakukao da nije pretjerano dobro da manjinske partije toliko ja\u010daju, a predosje\u0107aju\u0107i izdaju etno-oprotunista iz bo\u0161nja\u010dkih i albanskih stranaka koje je sam stvorio, \u201ckolektivna prava\u201d Srba je upravo ono \u0161to mu je uvijek bilo najvi\u0161e potrebno i \u0161to mu najvi\u0161e pogoduje. Jer \u201ckolektivna prava Srba\u201d zna\u010de da su Srbi prihvatili da su samo jedan od naroda u Crnoj Gori, ili jo\u0161 gore sve malobrojnija nacionalna manjina preko koje \u0107e beogradski despot i podgori\u010dki gospodar prebijati kusure, a ne narod utemeljitelj Crne Gore i jedno te isto \u0161to i nacionalni Crnogorci, bez obzira na sitne identitetske razmirice. Kao i u odnosu na \u201cdruge\u201d.<\/p>\n<p>Jo\u0161 gore, \u201ckolektivna prava\u201d zna\u010di uvo\u0111enje na mala vrata onoga \u0161to se u BiH naziva \u201ckonsocijacija\u201d, a \u0161to je ponajvi\u0161e ograni\u010dilo i fizi\u010dki i mentalno ome\u0111ilo nje narode. Upravo zbog toga se Krivokapi\u0107 mora izvinjavati. Jer je, skupa sa Dritanom Abazovi\u0107em na\u010deo \u010dudovi\u0161nu ideolo\u0161ku konstrukciju da svi u biv\u0161oj Jugoslaviji, uklju\u010duju\u0107i tu i neslovenske etni\u010dke grupe ne mo\u017eemo biti isti politi\u010dki narod, nego \u0107emo, pozivaju\u0107i se na sva mogu\u0107a \u201ckolektivna prava\u201d krenuti u razgrani\u010denja \u201cistorijskih pokrajina\u201d da bismo zavr\u0161ili u razgrani\u010denjima gradova, ulica, \u0161kola, a u kona\u010dnici na strati\u0161tima i masovnim grobnicama.<\/p>\n<h2>Radost zlo\u010dinjenja<\/h2>\n<p>Krivokapi\u0107 se mora izviniti jer je svojim dogovorom sa Abazovi\u0107em u\u010dinio vi\u0161e na pomirenju i zbli\u017eavanju Srba i Albanaca, a time i pravoslavnih i muslimana na Balkanu, nego sve inostrane nevladine organizacije, pseudoljevi\u010darska praznoslovljenja, pregovori od Brisela do Va\u0161ingtona i svi Vu\u010di\u0107evi rijalitiji u kojima on, naravno, mora biti vje\u010dni medijator i vje\u010dni an\u0111eo pomiritelj u sukobima koje sam izaziva i odr\u017eava. Krivokapi\u0107 se mora izviniti jer je jedan iskren zagrljaj sa Abazovi\u0107em u prah i pepeo melje sva neiskrena kreveljenja za\u0161titnika \u201ckolektivnih prava\u201d.<\/p>\n<p>Mora se izviniti jer to \u010dini sa Abazovi\u0107em \u010dija je izjava da je i Manastir Ostrog, a ne neki luksuzni hotel ili inostrana vojna baza, njegov dom, u njegovoj zemlji i da se u njemu \u017eeli dogovarati, nadvisuje sve \u010dudovi\u0161ne manifestacije la\u017ene pobo\u017enosti, sve zakletve Ostrogom, Allahom i drugim svetinjama od strane onih koji su sve sveto odavno obesvetili, unizili i ukaljali.<\/p>\n<p>Krivokapi\u0107 je, \u010dini se i beskrajno naivan \u010dovjek kada se nadao da \u0107e u zvjerinjaku kojim je orku\u017een na\u0107i iskrenog sagovornika, \u010dak toliko i da je u pro\u0161losti znao zapadati u svakakva lo\u0161a dru\u0161tva, uglavnom vlastitih koalicionih partnera koji bi ga radi \u201ckolektivnih prava\u201d, a zapravo vlastitih \u201ckolektivnih feuda\u201d rado strovalili u provaliju.<\/p>\n<p>Ako ni zbog \u010dega drugog, a ono zbog vrlo inteligentnog odgovora na pitanje da li \u0107e se izviniti Vu\u010di\u0107u:\u00a0 \u201cNisam imao zlu nameru, ve\u0107 samo svjedo\u010dio da su se Vu\u010di\u0107 i \u00d0ukanovi\u0107 sretali i da su to bili radosni susreti\u2026 Za\u0161to nisu tu radost preneli na dve dr\u017eave?\u201d Za\u0161to? Pa zato \u0161to im to nije posao.<\/p>\n<p><a href=\"https:\/\/preokret.info\/index.php\/2020\/09\/26\/vuk-bacanovic-zasto-se-krivokapic-mora-izviniti-vucicu\/\">Preokret<\/a><\/p>\n","protected":false},"excerpt":{"rendered":"<p>Krivokapi\u0107 se mora izviniti jer je svojim dogovorom sa Abazovi\u0107em u\u010dinio vi\u0161e na pomirenju i zbli\u017eavanju Srba i Albanaca, a time i pravoslavnih i muslimana na Balkanu, nego sve inostrane nevladine organizacije, pseudoljevi\u010darska praznoslovljenja, pregovori od Brisela do Va\u0161ingtona i svi Vu\u010di\u0107evi rijalitiji (Foto: Vijesti)<\/p>\n","protected":false},"author":1,"featured_media":303341,"comment_status":"open","ping_status":"closed","sticky":false,"template":"","format":"standard","meta":{"_seopress_robots_primary_cat":"","_seopress_titles_title":"","_seopress_titles_desc":"","_seopress_robots_index":"","_et_pb_use_builder":"","_et_pb_old_content":"","_et_gb_content_width":"","inline_featured_image":false,"footnotes":""},"categories":[5],"tags":[],"class_list":["post-303340","post","type-post","status-publish","format-standard","has-post-thumbnail","hentry","category-drugi-pisu"],"_links":{"self":[{"href":"https:\/\/www.pcnen.com\/portal\/wp-json\/wp\/v2\/posts\/303340","targetHints":{"allow":["GET"]}}],"collection":[{"href":"https:\/\/www.pcnen.com\/portal\/wp-json\/wp\/v2\/posts"}],"about":[{"href":"https:\/\/www.pcnen.com\/portal\/wp-json\/wp\/v2\/types\/post"}],"author":[{"embeddable":true,"href":"https:\/\/www.pcnen.com\/portal\/wp-json\/wp\/v2\/users\/1"}],"replies":[{"embeddable":true,"href":"https:\/\/www.pcnen.com\/portal\/wp-json\/wp\/v2\/comments?post=303340"}],"version-history":[{"count":2,"href":"https:\/\/www.pcnen.com\/portal\/wp-json\/wp\/v2\/posts\/303340\/revisions"}],"predecessor-version":[{"id":303344,"href":"https:\/\/www.pcnen.com\/portal\/wp-json\/wp\/v2\/posts\/303340\/revisions\/303344"}],"wp:featuredmedia":[{"embeddable":true,"href":"https:\/\/www.pcnen.com\/portal\/wp-json\/wp\/v2\/media\/303341"}],"wp:attachment":[{"href":"https:\/\/www.pcnen.com\/portal\/wp-json\/wp\/v2\/media?parent=303340"}],"wp:term":[{"taxonomy":"category","embeddable":true,"href":"https:\/\/www.pcnen.com\/portal\/wp-json\/wp\/v2\/categories?post=303340"},{"taxonomy":"post_tag","embeddable":true,"href":"https:\/\/www.pcnen.com\/portal\/wp-json\/wp\/v2\/tags?post=303340"}],"curies":[{"name":"wp","href":"https:\/\/api.w.org\/{rel}","templated":true}]}}