{"id":303238,"date":"2020-09-25T21:49:32","date_gmt":"2020-09-25T19:49:32","guid":{"rendered":"https:\/\/www.pcnen.com\/portal\/?p=303238"},"modified":"2020-09-25T22:33:17","modified_gmt":"2020-09-25T20:33:17","slug":"krivokapic-za-sta-treba-da-se-izvinim-vucicu","status":"publish","type":"post","link":"https:\/\/www.pcnen.com\/portal\/2020\/09\/25\/krivokapic-za-sta-treba-da-se-izvinim-vucicu\/","title":{"rendered":"Krivokapi\u0107: Za \u0161ta treba da se izvinim Vu\u010di\u0107u?"},"content":{"rendered":"<p>\u201cOd mene se tra\u017ei <a href=\"https:\/\/www.pcnen.com\/portal\/2020\/09\/22\/mandic-trazio-od-krivokapica-da-se-izvini-vucicu-knezevic-vikao-na-mitropolita-amfilohija\/\">izvinjenje predsjedniku Srbije Aleksandru Vu\u010di\u0107u<\/a>, a ja pitam za \u0161ta treba da se izvinim? Hri\u0161\u0107anin sam, ka\u017eem izvini kad pogrije\u0161im. Umjesto izvinjenja, pozivam rukovodstvo Srbije da sara\u0111ujemo, da ponovo gradimo ono \u0161to su neki poru\u0161ili u proteklih trideset godina\u201d, rekao je lider\u00a0 koalicije \u201cZa budu\u0107nost Crne Gore\u201d, Zdravko Krivokapi\u0107 za <a href=\"https:\/\/nova.rs\/region\/krivokapic-za-nova-rs-mila-ce-stici-sudbina-kakvu-zasluzuje\/\">portal nova.rs.<\/a><\/p>\n<p>\u201cNedopustivo je da predsjednik Srbije Alelsandar Vu\u010di\u0107 za osam godina, koliko je na vlasti, nijednom nije do\u0161ao u Crnu Goru. Ni kao premijer, ni kao predsjednik. Ni gospodin \u0110ukanovi\u0107 nije i\u0161ao u Beograd. Izvinite, to je neprihvatljivo za moje poimanje odnosa sa Srbijom. Nama Srbija nije samo susjedna zemlja, nama je Srbija bratska zemlja. Tamo nam \u017eive bra\u0107a, ro\u0111aci, kumovi, studiraju nam djeca, lije\u010de se na\u0161i ljudi po bolnicama\u201d, dodao je on.<\/p>\n<p>Krivokapi\u0107 je rekao da su Aleksa Be\u010di\u0107 i Dritan Abazovi\u0107 budu\u0107nost Crne Gore, zajedno sa ostalim mladim ljudima njihove generacije, kojih ima u sve tri pobjedni\u010dke koalicije. \u201cMladi, obrazovani, nekorumpirani i iznad svega patriotski orjentisani mladi ljudi. Iako su mladi godinama, oni nisu po\u010detnici u politici i nije me stid da priznam da bih sa svojih 62 godine i te kako imao \u0161ta da nau\u010dim od njih\u201d, dodao je Krivokapi\u0107.<\/p>\n<p>\u201cAndrija Mandi\u0107 i Milan Kne\u017eevi\u0107 su veterani crnogorske politi\u010dke scene, mo\u017eda rame uz rame i sa samim \u0110ukanovi\u0107em. Oni su dugo u politici, dugo su odr\u017eavali vatru otpora re\u017eimu i to je za svako po\u0161tovanje. Ne bih rekao da sam promijenio mi\u0161ljenje o njima, ali sada sam u prilici da iznutra sagledavam politiku i procese. Naravno, desi se ponekad da nam vi\u0111enje nije podudarno. To pripisujem i svom neiskustvu, ali nije tajna da na pojedina pitanja gledamo druga\u010dije. Ali, ima ona izreka i kad se sla\u017eemo i kad se ne sla\u017eemo neka to bude u ljubavi. \u0160to se mene ti\u010de \u2013 bi\u0107e tako\u201d, rekao je Krivokapi\u0107.<\/p>\n","protected":false},"excerpt":{"rendered":"<p>Abazovi\u0107 i Be\u010di\u0107, Iako su mladi godinama, nisu po\u010detnici u politici i nije me stid da priznam da bih sa svojih 62 godine i te kako imao \u0161ta da nau\u010dim od njih<\/p>\n","protected":false},"author":1,"featured_media":0,"comment_status":"open","ping_status":"closed","sticky":false,"template":"","format":"standard","meta":{"_seopress_robots_primary_cat":"","_seopress_titles_title":"","_seopress_titles_desc":"","_seopress_robots_index":"","_et_pb_use_builder":"","_et_pb_old_content":"","_et_gb_content_width":"","inline_featured_image":false,"footnotes":""},"categories":[14],"tags":[],"class_list":["post-303238","post","type-post","status-publish","format-standard","hentry","category-vijesti"],"_links":{"self":[{"href":"https:\/\/www.pcnen.com\/portal\/wp-json\/wp\/v2\/posts\/303238","targetHints":{"allow":["GET"]}}],"collection":[{"href":"https:\/\/www.pcnen.com\/portal\/wp-json\/wp\/v2\/posts"}],"about":[{"href":"https:\/\/www.pcnen.com\/portal\/wp-json\/wp\/v2\/types\/post"}],"author":[{"embeddable":true,"href":"https:\/\/www.pcnen.com\/portal\/wp-json\/wp\/v2\/users\/1"}],"replies":[{"embeddable":true,"href":"https:\/\/www.pcnen.com\/portal\/wp-json\/wp\/v2\/comments?post=303238"}],"version-history":[{"count":7,"href":"https:\/\/www.pcnen.com\/portal\/wp-json\/wp\/v2\/posts\/303238\/revisions"}],"predecessor-version":[{"id":303254,"href":"https:\/\/www.pcnen.com\/portal\/wp-json\/wp\/v2\/posts\/303238\/revisions\/303254"}],"wp:attachment":[{"href":"https:\/\/www.pcnen.com\/portal\/wp-json\/wp\/v2\/media?parent=303238"}],"wp:term":[{"taxonomy":"category","embeddable":true,"href":"https:\/\/www.pcnen.com\/portal\/wp-json\/wp\/v2\/categories?post=303238"},{"taxonomy":"post_tag","embeddable":true,"href":"https:\/\/www.pcnen.com\/portal\/wp-json\/wp\/v2\/tags?post=303238"}],"curies":[{"name":"wp","href":"https:\/\/api.w.org\/{rel}","templated":true}]}}