{"id":303170,"date":"2020-09-25T11:34:13","date_gmt":"2020-09-25T09:34:13","guid":{"rendered":"https:\/\/www.pcnen.com\/portal\/?p=303170"},"modified":"2020-09-25T11:34:13","modified_gmt":"2020-09-25T09:34:13","slug":"interju-predsjednika-dukanovica-jutarnjem-hr","status":"publish","type":"post","link":"https:\/\/www.pcnen.com\/portal\/2020\/09\/25\/interju-predsjednika-dukanovica-jutarnjem-hr\/","title":{"rendered":"Interju predsjednika \u0110ukanovi\u0107a jutarnjem.hr"},"content":{"rendered":"<p>Intervju prenosimo integralno<\/p>\n<p>S predsjednikom Crne Gore Milom \u0110ukanovi\u0107em razgovarali smo samo dan nakon konstituiraju\u0107e Skup\u0161tine Crne Gore. On na njoj nije bio nazo\u010dan, \u0161to govori o predstoje\u0107oj tvrdoj kohabitaciji koja \u0107e karakterizirati tu dr\u017eavu sljede\u0107e gotovo tri godine koliko mu jo\u0161 traje mandat. Naime, dosada\u0161nja oporba pobijedila je njegov DPS na nedavnim parlamentarnim izborima nakon 30 godina neprekinute vladavine. Razgovor s predsjednikom \u0110ukanovi\u0107em vo\u0111en je za emisiju \u201cOko Globusa\u201d koja je emitirana <a href=\"https:\/\/www.jutarnji.hr\/vijesti\/svijet\/dukanovic-spc-je-instrument-velikosrpskoga-nacionalizma-i-ruskih-interesa-na-balkanu-15021126\">na portalu Jutarnji.hr.<\/a><\/p>\n<p><strong>Skup\u0161tina Crne Gore je konstituirana, izabran je predsjednik i predlo\u017een mandatar za sastavljanje nove vlade. Jeste li po Ustavu sada vi na potezu?<\/strong><\/p>\n<p>&#8211; Konstituiranjem Skup\u0161tine po\u010dela je finalna faza legitimizacije izbornog procesa. Izabran je predsjednik parlamenta i makar neformalno najavljen kandidat za predsjednika vlade. Ka\u017eem neformalno, jer sada po\u010dinje te\u0107i rok od mjesec dana u kojem predsjednik dr\u017eave obavlja konzultacije s liderima politi\u010dkih partija. Vlada se mora konstituirati u sljede\u0107ih 90 dana.<\/p>\n<p><strong>Kako to da kao predsjednik dr\u017eave niste bili na konstituiraju\u0107oj sjednici?<\/strong><\/p>\n<p>&#8211; Sprije\u010dile su me ranije preuzete obaveze. To je ipak samo jedno protokolarno pitanje. Mnogo va\u017enije je to \u0161to smo u vi\u0161e navrata ponovili da priznajemo rezultate izbora i da \u010destitamo pobjednicima. U\u010dinit \u0107emo sve da transfer vlasti protekne brzo i glatko.<\/p>\n<p><strong>Kako komentirate \u010dinjenicu da se vladaju\u0107i blok dogovorio oko podjele funkcija uz posredovanje mitropolita Srpske pravoslavne crkve Amfilohija?<\/strong><\/p>\n<p>&#8211; To je samo vrlo dosljedno pona\u0161anje nove parlamentarne ve\u0107ine. Vi\u0161e je nego o\u010dito da je SPC bio ne samo neprimjereno uklju\u010den u izbore nego je bila i najaktivniji politi\u010dki akter. SPC je u kontinuitetu instrument velikosrpskog nacionalizma i ruskih imperijalnih interesa na Balkanu. Ovaj put je to samo radio otvoreno. Nakon izbora je jedan od glasnogovornika SPC-a kazao da \u0107e se SPC povu\u0107i iz politi\u010dkog \u017eivota, \u010dime su samo sve ovo potvrdili. Me\u0111utim, njegovi pretpostavljeni se s tim o\u010dito nisu slo\u017eili pa su pokazali koga se pita. Oni su odlu\u010dili tko \u0107e biti nosilac te politike, \u0161to je priznao i sam kandidat za premijera Zdravko Krivokapi\u0107. Ali, to je na\u0161a realnost s kojom se moramo suo\u010diti kako bismo sa\u010duvali Crnu Goru kao gra\u0111ansku i sekularnu dr\u017eavu s multietni\u010dkom demokracijom i europskim vrijednostima.<\/p>\n<p><strong>Va\u0161a izjava da ste spremni boriti se za Crnu Goru ne samo u parlamentu nego i u \u0161umi izazvala je veliku buru. Zar je stanje tako lo\u0161e da mo\u017ee dovesti do gra\u0111anskog rata?<\/strong><\/p>\n<p>&#8211; Nije stanje tako lo\u0161e. Crna Gora je najstabilnije dru\u0161tvo na zapadnom Balkanu. Vjerujem da mo\u017eemo izdr\u017eati i ovaj eksperiment u koji je zemlja sada u\u0161la. Poslije 30 godina mijenja se vlast, a opozicija koja nikada do sada nije bila vlast mora se u\u010diti tom poslu. A vlast se nakon 30 godina mora u\u010diti opozicijskom djelovanju. Tu poruku o borbi i u \u0161umi, ako bude trebalo, poslao sam onima koji su isuvi\u0161e jednostavno po\u010deli tuma\u010diti rezultate izbora. Ne samo u doma\u0107oj, nego i me\u0111unarodnoj javnosti pro\u0161irila se teza da je rezultatima izbora ugro\u017eena i crnogorska dr\u017eava. Na ovim izborima nismo odlu\u010divali o dr\u017eavi, o tome smo odlu\u010dili prije 14 godina. Ali ako bilo tko iz Crne Gore ili iz regije smatra da pod promjenom vlasti mo\u017ee ugroziti na\u0161u dr\u017eavu, mora znati da \u0107emo je braniti onako kako smo je branili vjekovima. Dakle, to nije bila neka zla slutnja, a ni dana\u0161nja realnost.<\/p>\n<p><strong>Velike geopoliti\u010dke igre vode se na Balkanu stolje\u0107ima. Koliko je realna \u0161pekulacija o kompenzaciji Srbiji za gubitak Kosova ustupcima vezanim uz Crnu Goru i Republiku Srpsku?<\/strong><\/p>\n<p>&#8211; Na globalnoj sceni sve se brzo mijenja, osim balkanske nepovoljne realnosti. To je jedna od, uvjeren sam, pogre\u0161nih balkanskih percepcija. Balkan je uvijek bio na liniji fronte raznih globalnih interesa. Prije nekoliko godina bili smo na udaru ruskih interesa koji su htjeli sprije\u010diti ulazak Crne gore u NATO. Ne mo\u017eemo isklju\u010diti mogu\u0107nost da velikosrpski interesi nisu do kraja dosanjani. Nisam jo\u0161 pro\u010ditao ni jedan demanti s neke relevantne beogradske adrese. U toku je proces ulaska Kosova u Ujedinjene narode pa su oni koji njeguju velikosrpske aspiracije mogli povjerovati u neku kompenzaciju na ra\u010dun Crne Gore i Republike Srpske. Sve su to snovi i iluzije.<\/p>\n<p><strong>Lideri pobjedni\u010dkog bloka potpisali su zajedni\u010dku izjavu u kojoj tvrde da ne\u0107e mijenjati vanjsku politiku Crne Gore. Imate li informacije na kakav je to odjek nai\u0161lo na Zapadu? Vjeruje li im se?<\/strong><\/p>\n<p>&#8211; Na taj su na\u010din samo odali najve\u0107e mogu\u0107e priznanje na\u0161em vanjskopoliti\u010dkom kursu. Je li to nekog na Zapadu iznenadilo? Naravno da ne, zato \u0161to je do takvog sporazuma i do\u0161lo uz inicijaciju sa Zapada. Ne bi oni sami napravili takav salto mortale. Ja sam skloniji vjerovati djelima nego rije\u010dima. A \u010duli smo od nekih i da se Crna Gora osloba\u0111a poslije 75 godina. Godine 1945. se Crna Gora oslobodila i od fa\u0161izma, ali i od srpske okupacije koja je po\u010dela 1918. godine.<\/p>\n<p><strong>Otvoreno ste optu\u017eili Srbiju za verbalnu i politi\u010dku agresiju i mije\u0161anje u izborni proces u Crnoj Gori. Jeste li o tome razgovarali s predsjednikom Srbije Aleksandrom Vu\u010di\u0107em?<\/strong><\/p>\n<p>&#8211; Gotovo da nema du\u017enosnika Srbije koijii se zadnjih godinu dana nije direktno i brutalno umije\u0161ao i u politi\u010dki \u017eivot Crne Gore i u izborni proces. Bilo je i medijskog divljanja. Nema nikakve dileme da je dana\u0161nja Srbija davala logistiku velikosrpskom nacionalizmu prema Crnoj Gori. Nedavno, prije izbora razgovarao sam s predsjednikom Srbije i ukazao mu na to, ali odgovor je bio zaogrnut pla\u0161tom zabrinutosti za ugro\u017eena prava srpske manjine u susjednim dr\u017eavama. Imao sam utisak da je Vu\u010di\u0107 ne\u0161to poduzeo prema medijima pa je agresija utihnula za jednu oktavu. Ali, pu\u0161ten je duh iz boce koji se sada ne mo\u017ee kontrolirati.<\/p>\n<p><strong>Kakva \u0107e to biti kohabitacija. Mi u Hrvatskoj u\u017eivamo u tvrdoj kohabitaciji, kako ju je i najavio premijer Andrej Plenkovi\u0107. Ho\u0107e li u Crnoj Gori biti jo\u0161 tvr\u0111a?<\/strong><\/p>\n<p>&#8211; Bit \u0107e to normalna kohabitacija, barem \u0161to se mene ti\u010de.<\/p>\n<p><strong>Ipak, bit \u0107e izazovno jer je Aleksa Be\u010di\u0107, novoizabrani predsjednik Skup\u0161tine, jo\u0161 prije nekoliko dana tra\u017eio da podnesete ostavku.<\/strong><\/p>\n<p>&#8211; Moju ostavku mo\u017ee tra\u017eiti tko god ho\u0107e, a mogu sad i ja tra\u017eiti njegovu ostavku. Ja sam legitimno izabrani predsjednik, vrlo sam ponosan na sve \u0161to smo postigli i smatram da trebam nastaviti raditi dalje. Tko ne bude \u017eelio sura\u0111ivati, ne\u0107e ugroziti moje funkcioniranje kao predsjednika. Imam odre\u0111eni kapacitet ustavnih ovlasti koji \u0107u koristiti kao i do sada.<\/p>\n","protected":false},"excerpt":{"rendered":"<p>Moju ostavku mo\u017ee tra\u017eiti tko god ho\u0107e, a mogu sad i ja tra\u017eiti Be\u010di\u0107evu ostavku. Ja sam legitimno izabrani predsjednik<\/p>\n","protected":false},"author":1,"featured_media":303171,"comment_status":"open","ping_status":"closed","sticky":false,"template":"","format":"standard","meta":{"_seopress_robots_primary_cat":"","_seopress_titles_title":"","_seopress_titles_desc":"","_seopress_robots_index":"","_et_pb_use_builder":"","_et_pb_old_content":"","_et_gb_content_width":"","inline_featured_image":false,"footnotes":""},"categories":[14],"tags":[],"class_list":["post-303170","post","type-post","status-publish","format-standard","has-post-thumbnail","hentry","category-vijesti"],"_links":{"self":[{"href":"https:\/\/www.pcnen.com\/portal\/wp-json\/wp\/v2\/posts\/303170","targetHints":{"allow":["GET"]}}],"collection":[{"href":"https:\/\/www.pcnen.com\/portal\/wp-json\/wp\/v2\/posts"}],"about":[{"href":"https:\/\/www.pcnen.com\/portal\/wp-json\/wp\/v2\/types\/post"}],"author":[{"embeddable":true,"href":"https:\/\/www.pcnen.com\/portal\/wp-json\/wp\/v2\/users\/1"}],"replies":[{"embeddable":true,"href":"https:\/\/www.pcnen.com\/portal\/wp-json\/wp\/v2\/comments?post=303170"}],"version-history":[{"count":1,"href":"https:\/\/www.pcnen.com\/portal\/wp-json\/wp\/v2\/posts\/303170\/revisions"}],"predecessor-version":[{"id":303172,"href":"https:\/\/www.pcnen.com\/portal\/wp-json\/wp\/v2\/posts\/303170\/revisions\/303172"}],"wp:featuredmedia":[{"embeddable":true,"href":"https:\/\/www.pcnen.com\/portal\/wp-json\/wp\/v2\/media\/303171"}],"wp:attachment":[{"href":"https:\/\/www.pcnen.com\/portal\/wp-json\/wp\/v2\/media?parent=303170"}],"wp:term":[{"taxonomy":"category","embeddable":true,"href":"https:\/\/www.pcnen.com\/portal\/wp-json\/wp\/v2\/categories?post=303170"},{"taxonomy":"post_tag","embeddable":true,"href":"https:\/\/www.pcnen.com\/portal\/wp-json\/wp\/v2\/tags?post=303170"}],"curies":[{"name":"wp","href":"https:\/\/api.w.org\/{rel}","templated":true}]}}