{"id":302909,"date":"2020-09-22T16:14:55","date_gmt":"2020-09-22T14:14:55","guid":{"rendered":"https:\/\/www.pcnen.com\/portal\/?p=302909"},"modified":"2020-09-22T16:14:55","modified_gmt":"2020-09-22T14:14:55","slug":"vijesti-medojevic-formira-poseban-poslanicki-klub","status":"publish","type":"post","link":"https:\/\/www.pcnen.com\/portal\/2020\/09\/22\/vijesti-medojevic-formira-poseban-poslanicki-klub\/","title":{"rendered":"Vijesti: Medojevi\u0107 formira poseban poslani\u010dki klub"},"content":{"rendered":"<p>U novom sazivu Skup\u0161tine Crne Gore poslanici Pokreta za promjene (PzP) Neboj\u0161e Medojevi\u0107a formira\u0107e poseban poslani\u010dki klub, a cilj toga je da ta partija ponovo bude prepoznata po politici koja promovi\u0161e dr\u017eavnost Crne Gore, podr\u0161ku stanardima Evropske unije i NATO,<a href=\"https:\/\/www.vijesti.me\/vijesti\/politika\/471383\/medojevic-se-odvaja-nato-i-zapad-prioritet\"> saznaju Vijesti.<\/a><\/p>\n<p>Iako je PzP od osnivanja bio privr\u017een dr\u017eavotvornoj politici Crne Gore, njihovo djelovanje u okviru Demokratskog fronta posljednjih osam godina stvorilo je utisak da su se uklopili u \u201cprosrpski\u201d politi\u010dki blok okrenut Beogradu i Moskvi.<\/p>\n<p>U PzP nezvani\u010dno ka\u017eu da je to bila cijena zajedni\u010dkog djelovanja kako bi se smijenila vlast, ali da je sada vrijeme da sa GP URA, manjinskim partijama i drugim snagama pomognu ispunjavanju obaveza Crne Gore u NATO i pozicioniranju dr\u017eave u diplomatskim krugovima.<\/p>\n<p>Medojevi\u0107 nije potvrdio ni demantovao za Vijesti odluku o formiranju posebnog kluba. U koaliciji Za budu\u0107nost postoji dogovor da se javno ne istupa sa izjavama do formiranja nove vlasti.<\/p>\n<p>PzP ima pet poslanika, a pored Medojevi\u0107a koji je bio drugi na izbornoj listi, to su i dosada\u0161nji poslanici Branko Radulovi\u0107 i Branka Bo\u0161njak, predsjednik op\u0161tinskog odbora Pokreta za promjene u Nik\u0161i\u0107u Vladan Rai\u010devi\u0107 i potpredsjednica beranskog odbora partije Jovanka Bogavac, koji su nova lica u budu\u0107em sazivu parlamenta. Predsjednik poslani\u010dkog kluba trebalo bi da bude Branko Radulovi\u0107, biv\u0161i potpredsjednik parlamenta u mandatu \u0161efa parlamenta Ranka Krivokapi\u0107a (SDP), saznaju Vijesti.<\/p>\n","protected":false},"excerpt":{"rendered":"<p>Medojevi\u0107 nije potvrdio ni demantovao za Vijesti odluku o formiranju posebnog kluba.<\/p>\n","protected":false},"author":1,"featured_media":302910,"comment_status":"open","ping_status":"closed","sticky":false,"template":"","format":"standard","meta":{"_seopress_robots_primary_cat":"","_seopress_titles_title":"","_seopress_titles_desc":"","_seopress_robots_index":"","_et_pb_use_builder":"","_et_pb_old_content":"","_et_gb_content_width":"","inline_featured_image":false,"footnotes":""},"categories":[14],"tags":[],"class_list":["post-302909","post","type-post","status-publish","format-standard","has-post-thumbnail","hentry","category-vijesti"],"_links":{"self":[{"href":"https:\/\/www.pcnen.com\/portal\/wp-json\/wp\/v2\/posts\/302909","targetHints":{"allow":["GET"]}}],"collection":[{"href":"https:\/\/www.pcnen.com\/portal\/wp-json\/wp\/v2\/posts"}],"about":[{"href":"https:\/\/www.pcnen.com\/portal\/wp-json\/wp\/v2\/types\/post"}],"author":[{"embeddable":true,"href":"https:\/\/www.pcnen.com\/portal\/wp-json\/wp\/v2\/users\/1"}],"replies":[{"embeddable":true,"href":"https:\/\/www.pcnen.com\/portal\/wp-json\/wp\/v2\/comments?post=302909"}],"version-history":[{"count":1,"href":"https:\/\/www.pcnen.com\/portal\/wp-json\/wp\/v2\/posts\/302909\/revisions"}],"predecessor-version":[{"id":302911,"href":"https:\/\/www.pcnen.com\/portal\/wp-json\/wp\/v2\/posts\/302909\/revisions\/302911"}],"wp:featuredmedia":[{"embeddable":true,"href":"https:\/\/www.pcnen.com\/portal\/wp-json\/wp\/v2\/media\/302910"}],"wp:attachment":[{"href":"https:\/\/www.pcnen.com\/portal\/wp-json\/wp\/v2\/media?parent=302909"}],"wp:term":[{"taxonomy":"category","embeddable":true,"href":"https:\/\/www.pcnen.com\/portal\/wp-json\/wp\/v2\/categories?post=302909"},{"taxonomy":"post_tag","embeddable":true,"href":"https:\/\/www.pcnen.com\/portal\/wp-json\/wp\/v2\/tags?post=302909"}],"curies":[{"name":"wp","href":"https:\/\/api.w.org\/{rel}","templated":true}]}}