{"id":302776,"date":"2020-09-21T08:39:20","date_gmt":"2020-09-21T06:39:20","guid":{"rendered":"https:\/\/www.pcnen.com\/portal\/?p=302776"},"modified":"2020-09-21T08:39:20","modified_gmt":"2020-09-21T06:39:20","slug":"kako-crnogorce-pretvoriti-u-ravnogorce","status":"publish","type":"post","link":"https:\/\/www.pcnen.com\/portal\/2020\/09\/21\/kako-crnogorce-pretvoriti-u-ravnogorce\/","title":{"rendered":"Kako Crnogorce pretvoriti u ravnogorce"},"content":{"rendered":"<p><strong>Pi\u0161e: Tomislav Markovi\u0107<\/strong><\/p>\n<p>\u010cak i pre nego \u0161to su Vasilije Ostro\u0161ki i svetosavski Bog trijumfovali na izborima u Crnoj Gori, de\u017eurni nacionalisti\u010dki ideolozi iz Srbije nisu krili kakvi su im planovi za privremeno otcepljenu srpsku dr\u017eavu. Istori\u010dar Aleksandar Rakovi\u0107 je jo\u0161 u julu lepo objasnio u dr\u017eavotvornoj Politici da, nakon svrgavanja \u0110ukanovi\u0107a sa vlasti, na predstoje\u0107em popisu treba pove\u0107ati broj Srba, Crnogorce svesti na 25 posto i tako stvoriti uslove da Crna Gora postane deo \u201esrpskog sveta\u201c, srpskog prostora sa dominacijom svetosavlja u trouglu Banjaluka-Beograd-Podgorica. \u201eSrpski svet\u201c je hipokoristik, ime od milja za \u201eveliku Srbiju\u201c, pojam koji je postao pomalo ozlogla\u0161en, jer je neraskidivo povezan sa silnim ratnim zlo\u010dinima i genocidom.<\/p>\n<p>Predsednik Srbije Aleksandar Vu\u010di\u0107 ove godine je u vi\u0161e navrata potencirao va\u017enost popisa stanovni\u0161tva koji \u0107e se u Crnoj Gori odr\u017eati slede\u0107e godine. Rekao je da su \u201eizbori u Crnoj Gori zna\u010dajni za srpski narod, ali da je za najva\u017eniji popis koji \u0107e biti u Crnoj Gori 2021. godine\u201c. Predsednik Srbije koji sebe voli da do\u017eivljava kao lidera svih Srba, uprkos Ustavu i zdravoj pameti, izjavio je u maju da \u017eeli da \u201esa\u010duvamo jedinstvo koje imamo sa na\u0161im narodom i u Republici Srpskoj i u Crnoj Gori\u201d.<\/p>\n<h2><strong>Plan za posrbljavanje Crnogoraca<\/strong><\/h2>\n<p>Najavio je i \u201eodre\u0111ene aktivnosti sa ciljem ohrabrenja da se srpski narod u Crnoj Gore izjasni onako kako su se izja\u0161njavali njihovi preci\u201d. Vu\u010di\u0107 nije pobli\u017ee odredio \u201eodre\u0111ene aktivnosti\u201c, ali je napomenuo da Srbija \u201emnogo poma\u017ee i podr\u017eava srpska udru\u017eenja, nau\u010dnu, kulturnu zajednicu\u201d, i to \u201evi\u0161e nego ikada pre\u201d, i da je za \u201eSrpsku ku\u0107u u Podgorici izdvojeno vi\u0161e od tri miliona evra\u201d. Tom prilikom velikodu\u0161no je iz bud\u017eeta Srbije uputio jednokratnu pomo\u0107 srpskim udru\u017eenjima u Crnoj Gori u iznosu od 1,64 miliona evra i najavio da \u0107e se pomo\u0107 nastaviti.<\/p>\n<p>U neodre\u0111ene \u201eodre\u0111ene aktivnosti\u201c svakako spada vi\u0161egodi\u0161nja kampanja Vu\u010di\u0107evih medija protiv crnogorske nezavisnosti i postojanja crnogorske nacije. Primera radi, tabloid Informer gotovo nikad ne govori o Crnogorcima, ve\u0107 koristi posprdni termin \u201eMilogorci\u201c, insinuiraju\u0107i da je crnogorska nacija izmi\u0161ljotina koja \u0107e nestati zajedno sa Milom \u0110ukanovi\u0107em. Teza da su Crnogorci izmi\u0161ljena nacija provla\u010di se konstantno po srpskim medijima, tako da je postala dogma u koju se ne sumnja. \u010citava bulumenta nacionalisti\u010dkih intelektualaca neprestano ponavlja ovu mantru, a tome se pridru\u017euju i drugi intelektualni i duhovni autoriteti. Tako, na primer, patrijarh Srpske pravoslavne crkve Irinej ka\u017ee: &#8220;A \u0161ta su Crnogorci nego Srbi iz Crne Gore?! Kao \u0161to postoje \u0160umadinci, Vojvo\u0111ani, Li\u010dani, Bosanci, Hercegovci, tako postoje i Srbi i Crnogorci&#8221;.<\/p>\n<p>Budu\u0107i da su Crnogorci privremeno zabludeli Srbi, logi\u010dno je \u0161to se Crna Gora posmatra kao \u2013 kako to re\u010de generalni sekretar predsednika Srbije Nikola Selakovi\u0107 \u2013 \u201cklasi\u010dna srpska dr\u017eava\u201d. Preostalo je samo da na popisu Srbi postanu ve\u0107ina, pa da odmetnutu Crnu Goru vratimo u \u010dvrsti zagrljaj maj\u010dice Srbije. Plan rada nove vladaju\u0107e koalicije izlo\u017eio je nedavno Kosta \u010cavo\u0161ki, \u010dlan Srpske akademije nauka, senator Republike Srpske, nekada\u0161nji predsednik Me\u0111unarodnog odbora za istinu o Radovanu Karad\u017ei\u0107u i vajkada\u0161nji obo\u017eavalac Dra\u017ee Mihailovi\u0107a. \u010cavo\u0161ki smatra da dr\u017eavnu orijentaciju Crne Gore treba menjati postepeno, nada se da \u0107e na slede\u0107em popisu \u201cbroj Srba u Crnoj Gori da se pove\u0107a i da \u0107e ljudi biti podstaknuti da se izja\u0161njavaju kao Srbi&#8221;, potom treba raspisati izbore na kojima bi nova ve\u0107ina \u201cbila neuporedivo ve\u0107a i mo\u0107nija\u201d, a onda polako, korak po korak do \u017eu\u0111enog povratka Crne Gore u \u201csrpski svet\u201d.<\/p>\n<h2>\u0160ta bi bilo kad bi bilo<\/h2>\n<p>Za\u0161to je in\u017eenjerima ljudskih du\u0161a toliko stalo do nacionalne pripadnosti? Za\u0161to se nacionalnost do\u017eivljava kao sveti gral, kamen mudrosti, svetinja nad svetinjama, maltene kao nekakvo bo\u017eanstvo? U \u010demu je tajna tog pustog nacionalnog izja\u0161njavanja, kao da je najva\u017enija stvar na svetu da li je neko Srbin, Crnogorac, Jugosloven, Eskim ili Marsovac? Za\u0161to je nacionalistima puko nacionalno izja\u0161njavanje od presudne va\u017enosti? Odgovor je jednostavan \u2013 nacionalnost zapravo i nije bitna, ona je samo maska iza koje se krije ne\u0161to mnogo stra\u0161nije, jedan jeziv totalitarni ideolo\u0161ki projekat. Da bismo to plasti\u010dno pokazali, pribegnimo malom eksperimentu.<\/p>\n<p>Zamislimo da se sutra dogodi nekakvo neobja\u0161njivo \u010dudo i da svi u Crnoj Gori ka\u017eu: Dobro, ubedili ste nas dugogodi\u0161njom propagandom, jeste, priznajemo, svi smo Srbi, Srpkinje i Srp\u010dad. Ne samo Crnogorci, to se podrazumeva, ve\u0107 i svi ostali \u017eitelji Crne Gore. I na\u0161i Bo\u0161njaci su Srbi, i Hrvati su Srbi, Albanci tako\u0111e, \u010dak su i Grci Srbi, recimo onaj Nikolaidis. Ako vam je to malo, mogu i neke reke i planine da se izjasne kao pripadnice srpske nacije, nije problem. Ali, mi nismo Srbi va\u0161eg kova. Mi smo antifa\u0161isti i antinacionalisti, gnu\u0161amo se Ratka Mladi\u0107a, Radovana Karad\u017ei\u0107a i ostalih decoubica, stidimo se genocida u Srebrenici koji je po\u010dinjen u na\u0161e ime, preziremo Dra\u017eu Mihailovi\u0107a i Pavla \u0110uri\u0161i\u0107a, sa ga\u0111enjem gledamo na \u010detni\u0161tvo, odri\u010demo se svih koji su na bilo koji na\u010din u\u010destvovali u zlo\u010dina\u010dkim projektima, kako u Drugom svetskom ratu, tako i u ratovima devedesetih. Preziremo duhovnike koji se la\u017eno predstavljaju kao pravoslavni hri\u0161\u0107ani, popove koji su blagosiljali ubice i njihovo oru\u017eje.<\/p>\n<p>Jesmo Srbi, ali ba\u0161tinimo tradiciju Ljube \u010cupi\u0107a, Save Kova\u010devi\u0107a, Ko\u010de Popovi\u0107a i svih \u010dasnih ljudi koji su se borili protiv fa\u0161izma. Jesmo Srbi, ali sa tim va\u0161im zlo\u010dina\u010dkim srpstvom koje veli\u010da kolja\u010de ne\u0107emo da imamo ni\u0161ta. To \u0161to vi nazivate srpstvom samo je jadan izgovor za \u017eudnju za ubistvom koja je ovladala va\u0161im zabludelim du\u0161ama. Ako vam je toliko stalo da svi budemo Srbi, u redu, bi\u0107emo i mi Srbi, ali onakvi kakvi su bili Dimitrije Tucovi\u0107, Tri\u0161a Kaclerovi\u0107, Stevan Filipovi\u0107, \u0110uka Dini\u0107, Peko Dap\u010devi\u0107 ili Marija Bursa\u0107. To su pravi Srbi i Srpkinje, a vi ste najobi\u010dniji \u010detnici.<\/p>\n<h2>Srbin je prazan pojam<\/h2>\n<p>U ovakvom hipoteti\u010dkom slu\u010daju odmah bi postalo o\u010digledno da nacionalni identitet sam po sebi ne zna\u010di ni\u0161ta, jer je to neutralna odrednica. Srbin je prazan pojam, ba\u0161 kao i Nemac, Englez, Ma\u0111ar ili Francuz. Srba ima raznih: desni\u010dara, levi\u010dara, antifa\u0161ista, konzervativaca, vernika, ateista, agnostika, apoliti\u010dnih, vrednih, lenjih, po\u0161tenih, nepo\u0161tenih, ubica, dobro\u010dinitelja, kriminalaca, filantropa, izuzetno nadarenih, mediokriteta, rusofila, germanofila, zapadnjaka, tolerantnih, fanatika itd itd. Ba\u0161 kao i u svakom drugom narodu.<\/p>\n<p>Problem je u tome \u0161to se na\u0161i nacionalisti\u010dki ideolozi slu\u017ee trikom, falsifikuju\u0107i realnost i redukuju\u0107i nacionalni identitet na nekoliko najgorih elemenata iz srpske istorije i tradicije. Oni su konstruisali nacionalni identitet kao sme\u0161u retko neprobavljivih sastojaka kao \u0161to su \u010detni\u0161tvo, svetosavlje, nacionalizam, \u0161ovinizam, imperijalne pretenzije, ose\u0107anje nadmo\u0107i nad drugima ili jednoumlje zvano \u201csrpska sloga\u201d. Kao ugaone kamenove tako nakaradno shva\u0107enog nacionalnog identiteta na\u0161i ideolozi su ozna\u010dili razne zlo\u010dince, od Dra\u017ee Mihailovi\u0107a do Ratka Mladi\u0107a, od Milana Nedi\u0107a do Radovana Karad\u017ei\u0107a.<\/p>\n<p>Pa tako pravi Srbin nipo\u0161to ne mo\u017ee biti sledbenik antifa\u0161izma, partizanskih heroja, socijaldemokrata, zagovornik LGBT prava, poklonik vrednosti zapadne demokratije ili ljubitelj knji\u017eevnog dela Marka Risti\u0107a, Radomira Konstantinovi\u0107a i Miroslava Krle\u017ee. Takve kvaritelje op\u0161tenarodnog jedinstva ideolozi nacionalizma odmah progla\u0161avaju slu\u010dajnim Srbima, auto\u0161ovinistima, izrodima, pla\u0107enicima i izdajnicima. U tome se ogleda totalitarizam njihove ideologije: svako ko se razlikuje od modela koji nacionalisti name\u0107u biva ozna\u010den kao meta i izlo\u017een progonu. Sve velike, svetle, slobodarske srpske tradicije izbrisane su iz nacionalnog identiteta, a ostale su samo one najgore, zlo\u010dina\u010dke i mrziteljske, kojih bi se svaki normalan \u010dovek stideo.<\/p>\n<h2>Totalitarni ideolo\u0161ki i politi\u010dki projekat<\/h2>\n<p>Sama ideja da svi \u010dlanovi zajednice treba da misle isto i da budu nalik jedan drugom potpuno je sumanuta i zahteva radikalno nasilje nad ljudskom realno\u0161\u0107u. U intervjuu koji je dao za Arkzin 1994. godine Sr\u0111a Popovi\u0107 je opisao taj proces stavljanja nacionalne pripadnosti u prvi plan, nakon raspada socijalizma. Ka\u017ee Popovi\u0107: \u201c\u0160ta zna\u010di biti Hrvat? \u0160ta zna\u010di biti Srbin? \u0422\u043e nema nikakvu sadr\u017einu, jer ima raznih Srba, ima raznih Hrvata, \u0430 ta identifikacija \u0458\u0435 mogu\u0107a jedino u sukobu s drugima. Onda postaje jasno: ko \u0458\u0435 Srbin? &#8211; Srbin \u0458\u0435 onaj koji mrzi Albance, ko \u0458\u0435 Hrvat? &#8211; Hrvat \u0458\u0435 onaj ko mrzi Srbe &#8230; \u0160ta radi Srbin? &#8211; Srbin se bori s Albancima, Srbin se bori s Hrvatima. \u0422\u043e onda postaje program. \u0422\u043e \u0458\u0435 ono s \u010dim \u0458\u0435 Musolini pobedio u Italiji sa programom \u2018Italia \u0430 noi\u2019, \u0161to nije nikakav program\u201d.<\/p>\n<p>Popovi\u0107 ka\u017ee da se \u201cdru\u0161tvo defini\u0161e kao zajednica ljudi koji prihvataju jedan vrednosni sistem\u201d. Pripadnost naciji sama po sebi nije nikakav vrednosni sistem, ali ideolozi srpskog nacionalizma pod krinkom nacionalnosti proturaju svoj desni\u010darski ideolo\u0161ki program. I zato kada svi ti rakovi\u0107i, irineji, \u010davo\u0161ki, anti\u0107i i ostali be\u0107kovi\u0107i poru\u010duju Crnogorcima da su Srbi, oni zapravo ka\u017eu ne\u0161to drugo. Poruka \u201cVi ste Srbi\u201d u njihovoj interpretaciji zna\u010di: vi ste poklonici \u010detni\u0161tva, svetosavlja, klerofa\u0161izma, velike Srbije, srpskog sveta, ratnih zlo\u010dina i genocida. Pod krinkom nacionalnosti, koja bi trebalo da bude vrednosno neutralna, krije se totalitarni ideolo\u0161ki i politi\u010dki projekat.<\/p>\n<p>Na mentalno nasilje nacionalisti\u010dkih ideologa treba odgovoriti raskrinkavanjem njihove providne maskarade i vra\u0107anjem lopte sa identitetskog na teren ideologije i politike. Nije cilj nacionalnih du\u0161ebri\u017enika da Crnogorce jednostavno pretvori u Srbe, ve\u0107 da ih podjarmi i preina\u010di u poklonike velikosrpske ideologije. Da Crnogorce pretvori u ravnogorce. Zato je Crnogorcima najbolje ne samo da ostanu Crnogorci, ve\u0107 i da nastave sa negovanjem antifa\u0161izma, verske i nacionalne tolerancije i ostalih vrednosti gra\u0111anske dr\u017eave. A Srbima u Srbiji i van nje je krajnje vreme da prestanu da dozvoljavaju najgorim pripadnicima svog naroda da im odre\u0111uju ko su i \u0161ta su. Da prestanu sa obo\u017eavanjem kvislinga i ratnih zlo\u010dinaca, i da se vrate svojim najsvetlijim tradicijama, pre svega onoj antifa\u0161isti\u010dkoj, popljuvanoj i zaboravljenoj. To bi bio dobar po\u010detak puta ka druga\u010dijoj i drugoj Srbiji, onoj koja se \u2013 po re\u010dima Radomira Konstantinovi\u0107a \u2013 \u201cnije mirila sa zlo\u010dinom\u201d.<\/p>\n<p><a href=\"http:\/\/balkans.aljazeera.net\/vijesti\/kako-crnogorce-pretvoriti-u-ravnogorce?fbclid=IwAR2WkXiAUjkJ_KTSpSFKV2LG9iXsh8OtCp1J0aL6hJ4SCb_N6SS7wNivNMI\">Al Jazeera<\/a><\/p>\n","protected":false},"excerpt":{"rendered":"<p>Srbima u Srbiji i van nje je krajnje vrijeme da prestanu da dozvoljavaju najgorim pripadnicima svog naroda da im odre\u0111uju ko su i \u0161ta su<\/p>\n","protected":false},"author":1,"featured_media":301104,"comment_status":"open","ping_status":"closed","sticky":false,"template":"","format":"standard","meta":{"_seopress_robots_primary_cat":"","_seopress_titles_title":"","_seopress_titles_desc":"","_seopress_robots_index":"","_et_pb_use_builder":"","_et_pb_old_content":"","_et_gb_content_width":"","inline_featured_image":false,"footnotes":""},"categories":[5],"tags":[],"class_list":["post-302776","post","type-post","status-publish","format-standard","has-post-thumbnail","hentry","category-drugi-pisu"],"_links":{"self":[{"href":"https:\/\/www.pcnen.com\/portal\/wp-json\/wp\/v2\/posts\/302776","targetHints":{"allow":["GET"]}}],"collection":[{"href":"https:\/\/www.pcnen.com\/portal\/wp-json\/wp\/v2\/posts"}],"about":[{"href":"https:\/\/www.pcnen.com\/portal\/wp-json\/wp\/v2\/types\/post"}],"author":[{"embeddable":true,"href":"https:\/\/www.pcnen.com\/portal\/wp-json\/wp\/v2\/users\/1"}],"replies":[{"embeddable":true,"href":"https:\/\/www.pcnen.com\/portal\/wp-json\/wp\/v2\/comments?post=302776"}],"version-history":[{"count":1,"href":"https:\/\/www.pcnen.com\/portal\/wp-json\/wp\/v2\/posts\/302776\/revisions"}],"predecessor-version":[{"id":302777,"href":"https:\/\/www.pcnen.com\/portal\/wp-json\/wp\/v2\/posts\/302776\/revisions\/302777"}],"wp:featuredmedia":[{"embeddable":true,"href":"https:\/\/www.pcnen.com\/portal\/wp-json\/wp\/v2\/media\/301104"}],"wp:attachment":[{"href":"https:\/\/www.pcnen.com\/portal\/wp-json\/wp\/v2\/media?parent=302776"}],"wp:term":[{"taxonomy":"category","embeddable":true,"href":"https:\/\/www.pcnen.com\/portal\/wp-json\/wp\/v2\/categories?post=302776"},{"taxonomy":"post_tag","embeddable":true,"href":"https:\/\/www.pcnen.com\/portal\/wp-json\/wp\/v2\/tags?post=302776"}],"curies":[{"name":"wp","href":"https:\/\/api.w.org\/{rel}","templated":true}]}}