{"id":302738,"date":"2020-09-20T21:02:39","date_gmt":"2020-09-20T19:02:39","guid":{"rendered":"https:\/\/www.pcnen.com\/portal\/?p=302738"},"modified":"2020-09-20T21:14:20","modified_gmt":"2020-09-20T19:14:20","slug":"pozari-oko-skadarskog-jezera-gutaju-sve-pred-sobom-video","status":"publish","type":"post","link":"https:\/\/www.pcnen.com\/portal\/2020\/09\/20\/pozari-oko-skadarskog-jezera-gutaju-sve-pred-sobom-video\/","title":{"rendered":"Po\u017eari oko Skadarskog jezera gutaju sve pred sobom (video)"},"content":{"rendered":"<p>Oko 17.00 sati je ekipa PCNEN-a obilazila NP Skadarsko jezero i prostor pogo\u0111en po\u017earom. Nismo uspjeli ni da napravimo pun krug i kamerom zabilje\u017eimo razmjere po\u017eara i \u0161tetu koju ostavlja za sobom, a na dru\u0161tvenim mre\u017eama ve\u0107 se pojavljuju fotografije sa nove opo\u017earene lokacije na Virpazaru.<\/p>\n<p>&#8220;Prije tri dana, kad je duvao sjever, ovo je sve gorelo; niko to ne gasi, ka\u017eu da nemaju opremu i da se samo mo\u017ee to avionima gasiti. Stra\u0161no je \u0161to se radi&#8221;, \u00a0kazala nam je mje\u0161tanka Vranjine.<\/p>\n<p>Druga \u017eena se po\u017ealila da se zadnjih dana jedva opstaje od dima.<\/p>\n<p>&#8220;Ovo je katastrofa, ne mo\u017ee se disat ve\u0107 tri dana. Ne znamo je li gore kad zatvorimo ili otvorimo prozor; ne mo\u017ee se spavati od dima&#8221;.<\/p>\n<p><iframe loading=\"lazy\" title=\"NP Skadarsko jezero pod pepelom i gare\u017ei\" width=\"1080\" height=\"608\" src=\"https:\/\/www.youtube.com\/embed\/Hp4xOU7j4VQ?feature=oembed\" frameborder=\"0\" allow=\"accelerometer; autoplay; clipboard-write; encrypted-media; gyroscope; picture-in-picture; web-share\" allowfullscreen><\/iframe><\/p>\n<p>Na putu preko Virpazara, Rijeke Crnojevi\u0107a i Dodo\u0161a sretali smo stra\u0161ne prizore pusto\u0161i koje za sobom ostavlja vatra, a dim i gare\u017e se ose\u0107aju kilometrima.<\/p>\n<p><iframe loading=\"lazy\" title=\"Dim nad NP Skadarsko jezero\" width=\"1080\" height=\"608\" src=\"https:\/\/www.youtube.com\/embed\/XSCgJJGS-Tg?feature=oembed\" frameborder=\"0\" allow=\"accelerometer; autoplay; clipboard-write; encrypted-media; gyroscope; picture-in-picture; web-share\" allowfullscreen><\/iframe><\/p>\n<p>Na FB stranici Podgori\u010dki vremeplov pojavili su se snimci i slike najnovijeg po\u017eara na Virpazaru.<\/p>\n<p><img loading=\"lazy\" decoding=\"async\" class=\"aligncenter size-full wp-image-302739\" src=\"https:\/\/www.pcnen.com\/portal\/wp-content\/uploads\/2020\/09\/Virpazar-pozar.jpg\" alt=\"\" width=\"700\" height=\"640\" \/><\/p>\n<p><img loading=\"lazy\" decoding=\"async\" class=\"aligncenter size-full wp-image-302749\" src=\"https:\/\/www.pcnen.com\/portal\/wp-content\/uploads\/2020\/09\/pozar-Skadarsko-jezero.jpg\" alt=\"\" width=\"700\" height=\"781\" srcset=\"https:\/\/www.pcnen.com\/portal\/wp-content\/uploads\/2020\/09\/pozar-Skadarsko-jezero.jpg 700w, https:\/\/www.pcnen.com\/portal\/wp-content\/uploads\/2020\/09\/pozar-Skadarsko-jezero-269x300.jpg 269w, https:\/\/www.pcnen.com\/portal\/wp-content\/uploads\/2020\/09\/pozar-Skadarsko-jezero-580x647.jpg 580w\" sizes=\"(max-width: 700px) 100vw, 700px\" \/><\/p>\n<p>Iz Koalicije za odr\u017eiv razvoj navode da su ove scene, pogotovo jer se de\u0161avaju na dan kada je Crna Gora progla\u0161ena ekolo\u0161kom dr\u017eavom<\/p>\n<p>&#8220;Nacionalni park Skadarsko jezero je bukvalno postao spr\u017eena zemlja. Sramota je da se dopusti da jedno nacionalno blago ba\u0161 danas na godi\u0161njicu progla\u0161enja Crne Gore ekolo\u0161kom dr\u017eavom taj &#8216;praznik&#8217; do\u010deka pretvoren u prah i pepeo&#8221;, ka\u017eu u KOR-u<\/p>\n<p>Predstavnici KOR-a su danas obi\u0161li dio teritorije NP Skadarsko jezero i zatekli &#8220;u\u017easavaju\u0107e i sramne prizore&#8221;. Postavljaju pitanja &#8220;za\u0161to na\u0161a ekolo\u0161ka dr\u017eava nema razvijen sistem za ga\u0161enje po\u017eara iz vazduha?; za\u0161to moramo da ula\u017eemo svake godine milione u slu\u017ebena vozila, ali ne i u avione za ga\u0161enje po\u017eara, iako svake godine imamo hektare spr\u017eene zemlje i to \u010desto za\u0161ti\u0107ena podru\u010dja?&#8221;<\/p>\n<p><img loading=\"lazy\" decoding=\"async\" class=\"aligncenter size-full wp-image-302748\" src=\"https:\/\/www.pcnen.com\/portal\/wp-content\/uploads\/2020\/09\/pozar-Skadasko-jezero.jpg\" alt=\"\" width=\"700\" height=\"526\" srcset=\"https:\/\/www.pcnen.com\/portal\/wp-content\/uploads\/2020\/09\/pozar-Skadasko-jezero.jpg 700w, https:\/\/www.pcnen.com\/portal\/wp-content\/uploads\/2020\/09\/pozar-Skadasko-jezero-300x225.jpg 300w, https:\/\/www.pcnen.com\/portal\/wp-content\/uploads\/2020\/09\/pozar-Skadasko-jezero-580x436.jpg 580w\" sizes=\"(max-width: 700px) 100vw, 700px\" \/><\/p>\n<p>&#8220;NP Skadarsko jezero \u0107e se sigurno godinama oporavljati od nastale \u0161tete, jer je ovo ogroman udarac za biljke i \u017eivotinje koje ne\u0107e tako brzo uspjeti da se vrate na stanje prije po\u017eara&#8221;, zaklju\u010duju u KOR-u.<\/p>\n<p><strong>Vuk Vujisi\u0107<\/strong><\/p>\n<p>&nbsp;<\/p>\n","protected":false},"excerpt":{"rendered":"<p>Ve\u0107 tre\u0107i dan po\u017ear u NP Skadarsko jezero ne jenjava, jo\u0161 nije prestalo da tinja na Vranjini, a ve\u010deras je planulo na Virpazaru gdje su trenutno vatrogasne ekipe iz Bara. (Foto: Podgori\u010dki vremeplov)<\/p>\n","protected":false},"author":1,"featured_media":0,"comment_status":"open","ping_status":"closed","sticky":false,"template":"","format":"standard","meta":{"_seopress_robots_primary_cat":"","_seopress_titles_title":"","_seopress_titles_desc":"","_seopress_robots_index":"","_et_pb_use_builder":"","_et_pb_old_content":"","_et_gb_content_width":"","inline_featured_image":false,"footnotes":""},"categories":[14,12],"tags":[],"class_list":["post-302738","post","type-post","status-publish","format-standard","hentry","category-vijesti","category-prica-dana"],"_links":{"self":[{"href":"https:\/\/www.pcnen.com\/portal\/wp-json\/wp\/v2\/posts\/302738","targetHints":{"allow":["GET"]}}],"collection":[{"href":"https:\/\/www.pcnen.com\/portal\/wp-json\/wp\/v2\/posts"}],"about":[{"href":"https:\/\/www.pcnen.com\/portal\/wp-json\/wp\/v2\/types\/post"}],"author":[{"embeddable":true,"href":"https:\/\/www.pcnen.com\/portal\/wp-json\/wp\/v2\/users\/1"}],"replies":[{"embeddable":true,"href":"https:\/\/www.pcnen.com\/portal\/wp-json\/wp\/v2\/comments?post=302738"}],"version-history":[{"count":6,"href":"https:\/\/www.pcnen.com\/portal\/wp-json\/wp\/v2\/posts\/302738\/revisions"}],"predecessor-version":[{"id":302751,"href":"https:\/\/www.pcnen.com\/portal\/wp-json\/wp\/v2\/posts\/302738\/revisions\/302751"}],"wp:attachment":[{"href":"https:\/\/www.pcnen.com\/portal\/wp-json\/wp\/v2\/media?parent=302738"}],"wp:term":[{"taxonomy":"category","embeddable":true,"href":"https:\/\/www.pcnen.com\/portal\/wp-json\/wp\/v2\/categories?post=302738"},{"taxonomy":"post_tag","embeddable":true,"href":"https:\/\/www.pcnen.com\/portal\/wp-json\/wp\/v2\/tags?post=302738"}],"curies":[{"name":"wp","href":"https:\/\/api.w.org\/{rel}","templated":true}]}}