{"id":302675,"date":"2020-09-20T12:35:02","date_gmt":"2020-09-20T10:35:02","guid":{"rendered":"https:\/\/www.pcnen.com\/portal\/?p=302675"},"modified":"2020-09-20T12:47:26","modified_gmt":"2020-09-20T10:47:26","slug":"pregovaracki-timovi-tri-koalicije-popodne-nastavljaju-razgovore","status":"publish","type":"post","link":"https:\/\/www.pcnen.com\/portal\/2020\/09\/20\/pregovaracki-timovi-tri-koalicije-popodne-nastavljaju-razgovore\/","title":{"rendered":"Pregovara\u010dki timovi tri koalicije popodne nastavljaju razgovore"},"content":{"rendered":"<p>Razgovori predstavnika tri koalicije koje su dobile ve\u0107insku podr\u0161ku na parlamentranim izborima nastavljaju se danas poslijepodne u istom sastavu kao i prethodnih dana, odnosno na nivou pregovara\u010dkih timova koje su delegirale partije \u010dlanice tih koalicija, <a href=\"https:\/\/www.vijesti.me\/vijesti\/politika\/470739\/pregovaracki-timovi-tri-koalicije-popodne-nastavljaju-razgovore\">potvr\u0111eno je Vijestima.<\/a><\/p>\n<p>Ju\u010de je razgovarano, kao i na prethodnim sastancima, o na\u010delnim principima formiranja nove vlasti koji <a href=\"https:\/\/www.pcnen.com\/portal\/2020\/09\/09\/izborni-pobjednici-saradnja-sa-nato-neupitni-nezavisnost-kosova-zastava-grb-i-himna\/\">se naslanjaju na Sporazum koji su ranije potpisali lideri<\/a> koalicija &#8220;Za budu\u0107nost Crne Gore&#8221;, &#8220;Mir je na\u0161a nacija&#8221; i Crno na bijelo&#8221;, Zdravko Krivokapi\u0107, Aleksa Be\u010di\u0107 i Dritan Abazovi\u0107 .<\/p>\n<p>Konstitutivna sjednica Skup\u0161tine zakazana je za srijedu 23. septembar, kada bi trebalo birati predsjednika parlamenta, potpredsjednike i predsjednika Administrativnog odbora Skup\u0161tine koji je va\u017ean za dalja kadrovska rje\u0161enja.<\/p>\n<p>Razgovori se vode na nivou poregovara\u010dkih timova kako bi se tehni\u010dki postigao dogovor, nakon \u010deka slijedi politi\u010dki &#8211; lidera koalicija, obja\u0161njeno je ranije Vijestima.<\/p>\n<p>Koaliciju &#8220;Za budu\u0107nost Crne Gore&#8221; predstavljaju Slaven Radunovi\u0107 (Nova), Predrag Bulatovi\u0107 (DNP) i Branko Radulovi\u0107 (PzP), &#8220;Mir je na\u0161a nacija&#8221; Boris Bogdanovi\u010d i Momo Koprivica iz Demokrata i Miodrag Leki\u0107 (Demos) a &#8220;Crno na bijelo&#8221; Zoran Miki\u0107 i Filip Ad\u017ei\u0107 (GP URA) i Sr\u0111a Pavi\u0107evi\u0107 (Civis).<\/p>\n<p>Ju\u010de je na sastanku od Gra\u0111anskog pokreta URA tra\u017eeno obja\u0161njenje stava sa sjednice Glavnog odbora tog pokreta, da u ovom \u201cdelikatnom trenutku i podijeljenom dru\u0161tvu kakvo je crnogorsko, ljudi koji svojom djelovanjem dijele Crnu Goru i izazivaju negativnu emociju kod izvjesnog broja gra\u0111ana ne mogu dobiti resore u novoj vladi\u201c.<\/p>\n<p>Predstavnici koalicije &#8220;Za budu\u0107nost Crne Gore&#8221; tra\u017eili su poja\u0161njenje na koga se to odnosi.<\/p>\n","protected":false},"excerpt":{"rendered":"<p>Razgovori se vode na nivou poregovara\u010dkih timova kako bi se tehni\u010dki postigao dogovor, nakon \u010deka slijedi politi\u010dki &#8211; lidera koalicija, obja\u0161njeno je ranije Vijestima.<\/p>\n","protected":false},"author":1,"featured_media":301387,"comment_status":"open","ping_status":"closed","sticky":false,"template":"","format":"standard","meta":{"_seopress_robots_primary_cat":"","_seopress_titles_title":"","_seopress_titles_desc":"","_seopress_robots_index":"","_et_pb_use_builder":"","_et_pb_old_content":"","_et_gb_content_width":"","inline_featured_image":false,"footnotes":""},"categories":[14],"tags":[],"class_list":["post-302675","post","type-post","status-publish","format-standard","has-post-thumbnail","hentry","category-vijesti"],"_links":{"self":[{"href":"https:\/\/www.pcnen.com\/portal\/wp-json\/wp\/v2\/posts\/302675","targetHints":{"allow":["GET"]}}],"collection":[{"href":"https:\/\/www.pcnen.com\/portal\/wp-json\/wp\/v2\/posts"}],"about":[{"href":"https:\/\/www.pcnen.com\/portal\/wp-json\/wp\/v2\/types\/post"}],"author":[{"embeddable":true,"href":"https:\/\/www.pcnen.com\/portal\/wp-json\/wp\/v2\/users\/1"}],"replies":[{"embeddable":true,"href":"https:\/\/www.pcnen.com\/portal\/wp-json\/wp\/v2\/comments?post=302675"}],"version-history":[{"count":2,"href":"https:\/\/www.pcnen.com\/portal\/wp-json\/wp\/v2\/posts\/302675\/revisions"}],"predecessor-version":[{"id":302681,"href":"https:\/\/www.pcnen.com\/portal\/wp-json\/wp\/v2\/posts\/302675\/revisions\/302681"}],"wp:featuredmedia":[{"embeddable":true,"href":"https:\/\/www.pcnen.com\/portal\/wp-json\/wp\/v2\/media\/301387"}],"wp:attachment":[{"href":"https:\/\/www.pcnen.com\/portal\/wp-json\/wp\/v2\/media?parent=302675"}],"wp:term":[{"taxonomy":"category","embeddable":true,"href":"https:\/\/www.pcnen.com\/portal\/wp-json\/wp\/v2\/categories?post=302675"},{"taxonomy":"post_tag","embeddable":true,"href":"https:\/\/www.pcnen.com\/portal\/wp-json\/wp\/v2\/tags?post=302675"}],"curies":[{"name":"wp","href":"https:\/\/api.w.org\/{rel}","templated":true}]}}