{"id":302419,"date":"2020-09-17T07:36:27","date_gmt":"2020-09-17T05:36:27","guid":{"rendered":"https:\/\/www.pcnen.com\/portal\/?p=302419"},"modified":"2020-09-17T07:36:27","modified_gmt":"2020-09-17T05:36:27","slug":"lingvisticka","status":"publish","type":"post","link":"https:\/\/www.pcnen.com\/portal\/2020\/09\/17\/lingvisticka\/","title":{"rendered":"Lingvisti\u010dka"},"content":{"rendered":"<p><strong>Pi\u0161e: Bora \u0106osi\u0107<\/strong><\/p>\n<p>\u010cudi me da se niko nije pozabavio jezikom kojim se slu\u017ei gospo\u0111a Josipa Rimac, visoka hrvatska dr\u017eavna du\u017enosnica, osumnji\u010dena u jednoj korupcijskoj aferi.<\/p>\n<p>Tu se odmah ispostavlja jedna gramati\u010dka gre\u0161ka, jer ova osoba nije nikakva gospo\u0111a, jo\u0161 manje dama, nego goli polusvet, arogantna, neodgojena provincijalka, koja se domogla okolnosti bez stvarnih prava da u njima bude.<\/p>\n<p>Ona, dakle, u svojim telefonskim kolokvijima psuje, govori prostote i izra\u017eava se ko\u010dija\u0161ki, mada ko\u010dija\u0161tvo mo\u017eda je pogre\u0161an izraz za neminovno grub odnos prema potla\u010denim konjima.<\/p>\n<p>Prosta\u0161tvo u govoru, psovanje i leksika koju osetljivi smatraju skarednim, ima mno\u0161tvo varijanti.<\/p>\n<p>Da li je ono samo u pominjanju naziva tih nekoliko \u010dovekovih delova za razmno\u017eavanje, te njihovih me\u0111usobnih akcija, ili se odnosi na kojekakve neuljudne radnje mimo njihove upotrebe.<\/p>\n<p>Jer \u010dak i u ozlogla\u0161enosti arhierotskih tekstova De Sadeovih, kao i u veselim sprda\u010dinama Jarryja, skaredno se vi\u0161e odnosi na \u010ditavu atmosferu pripovedanja, a ne na onih par re\u010di iz izabrane zbirke Vuka Karad\u017ei\u010da.<\/p>\n<p>U vreme nema\u010dke okupacije, dolazio nam je iz susedstva petogodi\u0161nji de\u010dak, penjao se na stolicu, i u mrtvu slu\u0161alicu nekada\u0161njeg ku\u0107nog telefona sasuo bi ki\u0161u de\u010djih prostakluka, sve ono \u0161to doma branili su mu da izlane. Moji uku\u0107ani pucali su od smeha, otac je govorio, pustite ga, on je spiker slobodne Evrope!<\/p>\n<p>Se\u0107am se toga kao pozitivnog prostakluka koji ozario je okupacijske dane na \u201eZelenom vencu\u201c, ali to je bilo ne\u0161to drugo.<\/p>\n<p>E, te re\u010di sada nalaze se u prona\u0111enim snimcima ove osumnji\u010dene dr\u017eavne du\u017enosnice, u velikoj koli\u010dini i u neprestanoj upotrebi, izazivaju\u0107i odmah pitanje koliko jedna govorna svinjarija ima realne potke, ili je uvek u pitanju nekakav simbol, metafora. (Kod toga, katoli\u010dki zatucani prislu\u0161kiva\u010d govornih \u0161porkarija, citira ove u skra\u0107enicama, k\u2026p\u2026j\u2026 \u2013 sad vidim da tako dobio sam monogram biv\u0161e jugoslovenske partije.)<\/p>\n<p>Ljudi dakle kazuju \u201eru\u017ene re\u010di\u201c, kako bi rekla deca, a svaki put, na svoj na\u010din poetizuju to \u0161to je re\u010deno, pokazuju\u0107i drugo od onog \u0161to se \u010duje.<\/p>\n<p>Kad neko nekome ka\u017ee \u201ejeba\u0107u ti majku!\u201c, to ne zna\u010di da \u0107e ovaj odmah oti\u0107i kod one stare gospo\u0111e, skinuti joj oporavu i staviti je na krevet, jer mu do toga, osim retko, uop\u0161te nije.<\/p>\n<p>Tako doministarka, ili \u0161ta je ve\u0107 bila, kad veli \u201ekoji kurac\u201c, svakako nema u vidu poseban primerak nekog svog poznanika, nego joj ovaj slu\u017ei vi\u0161e kao ukras u njenom kninskom, ili kakvom ve\u0107 govoru.<\/p>\n<p>Malo je komplikovanije kad neko ka\u017ee \u201ezajeba\u0107emo\u201c ili \u201enemoj zajebavat\u201c, jer ovo je ionako jedna radnja, koja, nejasna ba\u0161 do kraja, odnosi se na one igrice, kuplerajske, pre no \u0161to se pre\u0111e na glavnu stvar.<\/p>\n<p>Ostaje, da ljudi govore u metaforama, pa kad ja danas ka\u017eem kako sve u toj aferi pokazuje da je sveti hrvatski sabor obi\u010dan kupleraj, ne mislim time da po onim klupama kopuliraju mu\u0161ki sa \u017eenskima, mu\u0161ki sa mu\u0161kima, i levi sa desnima, nego da su prilike koje onde skupno su po\u010dinili i \u010dine, nalik manufakturi jedne javne ku\u0107e.<\/p>\n<p>Silno je va\u017eno zbog toga obratiti pa\u017enju na jezik te osumnji\u010dene subjektice, jer olakost kojom ona tim jezikom se slu\u017ei, obznanjuje sve ostalo, vanjezi\u010dko, u tom ustrojstvu, u toj vladavini, u toj dr\u017eavi.<\/p>\n<p>Sve u obliku simbola i metafore. Pa kad ova veli \u201ekrvi \u0107u im se napit\u201c, ne zna\u010di da \u0107e odmah baciti se na svoje protivnike, zabadaju\u0107i im svoje zubi\u0107e u vrat, kad opominje \u201eda i ona konja za trku imade\u201c, niko ne pomi\u0161lja da je vlasnica ergele.<\/p>\n<p>Ali idu\u0107i tim tragom, onda ni ostale, sasvim nepsova\u010dke, benigne i \u010desto umiljate re\u010di glavara i du\u017enosnika, mo\u017eda uop\u0161te ne zna\u010de ono \u0161to se \u010duje, nego ne\u0161to sasvim posredno, i vrlo \u010desto dvosmisleno.<\/p>\n<p>Gledajte kako leksika jedne prosta\u010dke psova\u010dice, u stanju je da formuli\u0161e problem, sasvim vanprosta\u010dke i nepsova\u010dke prirode, koji zadire u znanost.<\/p>\n<p>A nakon \u0161to bi neko znala\u010dki i stiudiozno obradio praksu te pojedina\u010dne osobe, utvrdilo bi se kako nema ni jedne re\u010di, ni jedne re\u010denice, koju izreknu ne\u010dija usta, a da u ovom nema ne\u0161to ka\u017enjivo, ne po nekoj zakonskoj regulativi (\u201esve \u0161to ka\u017eete mo\u017ee slu\u017eiti kao dokaz\u201c), nego onoj koja se pokazuje kao psihogram.<\/p>\n<p>Nema zapravo nikakve svrhe da se kazivanje drugarice Rimac, blati kao prosta\u010dko, jer ono drugoja\u010dije ne mo\u017ee ni biti, ali je velika svrha da se to govorenje osvetli kao rezime \u010ditave jedne prakse, dru\u0161tvene, strana\u010dke, politi\u010dke.<\/p>\n<p>Kao \u0161to ovde nije posebno re\u010d o jednom od stotinu sli\u010dnih dru\u0161tava, hrvatskom, nego se dogodio slu\u010daj da se u toj malenoj zemlji i u tom minijaturnom jeziku na\u0161lo pogodnih primera za jedno op\u0161tije i \u0161ire stanje.<\/p>\n<p>Ljudi psuju, oni govore ru\u017ene re\u010di, jer ne\u0161to u njihovom \u017eivotu ru\u017eno je, pa nije ni u \u017eivotu plemenite Josipe Rimac bilo sve potaman, kad je kroz skupocenu elektronsku opremu morala da pizdara i da jebe majku kome ve\u0107 treba.<\/p>\n<p><a href=\"https:\/\/www.danas.rs\/nedelja\/lingvisticka\/\">Danas<\/a><\/p>\n","protected":false},"excerpt":{"rendered":"<p>Prosta\u0161tvo u govoru, psovanje i leksika koju osetljivi smatraju skarednim, ima mno\u0161tvo varijanti<\/p>\n","protected":false},"author":1,"featured_media":225891,"comment_status":"open","ping_status":"closed","sticky":false,"template":"","format":"standard","meta":{"_seopress_robots_primary_cat":"","_seopress_titles_title":"","_seopress_titles_desc":"","_seopress_robots_index":"","_et_pb_use_builder":"","_et_pb_old_content":"","_et_gb_content_width":"","inline_featured_image":false,"footnotes":""},"categories":[5],"tags":[],"class_list":["post-302419","post","type-post","status-publish","format-standard","has-post-thumbnail","hentry","category-drugi-pisu"],"_links":{"self":[{"href":"https:\/\/www.pcnen.com\/portal\/wp-json\/wp\/v2\/posts\/302419","targetHints":{"allow":["GET"]}}],"collection":[{"href":"https:\/\/www.pcnen.com\/portal\/wp-json\/wp\/v2\/posts"}],"about":[{"href":"https:\/\/www.pcnen.com\/portal\/wp-json\/wp\/v2\/types\/post"}],"author":[{"embeddable":true,"href":"https:\/\/www.pcnen.com\/portal\/wp-json\/wp\/v2\/users\/1"}],"replies":[{"embeddable":true,"href":"https:\/\/www.pcnen.com\/portal\/wp-json\/wp\/v2\/comments?post=302419"}],"version-history":[{"count":1,"href":"https:\/\/www.pcnen.com\/portal\/wp-json\/wp\/v2\/posts\/302419\/revisions"}],"predecessor-version":[{"id":302420,"href":"https:\/\/www.pcnen.com\/portal\/wp-json\/wp\/v2\/posts\/302419\/revisions\/302420"}],"wp:featuredmedia":[{"embeddable":true,"href":"https:\/\/www.pcnen.com\/portal\/wp-json\/wp\/v2\/media\/225891"}],"wp:attachment":[{"href":"https:\/\/www.pcnen.com\/portal\/wp-json\/wp\/v2\/media?parent=302419"}],"wp:term":[{"taxonomy":"category","embeddable":true,"href":"https:\/\/www.pcnen.com\/portal\/wp-json\/wp\/v2\/categories?post=302419"},{"taxonomy":"post_tag","embeddable":true,"href":"https:\/\/www.pcnen.com\/portal\/wp-json\/wp\/v2\/tags?post=302419"}],"curies":[{"name":"wp","href":"https:\/\/api.w.org\/{rel}","templated":true}]}}