{"id":302269,"date":"2020-09-15T06:59:14","date_gmt":"2020-09-15T04:59:14","guid":{"rendered":"https:\/\/www.pcnen.com\/portal\/?p=302269"},"modified":"2020-09-15T06:59:14","modified_gmt":"2020-09-15T04:59:14","slug":"papa-franjo-i-bozanski-uzitak","status":"publish","type":"post","link":"https:\/\/www.pcnen.com\/portal\/2020\/09\/15\/papa-franjo-i-bozanski-uzitak\/","title":{"rendered":"Papa Franjo i &#8216;bo\u017eanski u\u017eitak&#8217;"},"content":{"rendered":"<p><strong>Autor: Ivan Lovrenovi\u0107<\/strong><\/p>\n<p>\u201eMra\u010dna stvar, krst! Mra\u010dno je sve \u0161to se krstom krsti. Hiljadu godina mijesite mrak, pa nikad ni\u0161ta! Ne di\u017eete glavu ispod krsta. To vam je kazna. Vi ste protiv bo\u017ejeg dara i stvorenja. \u0160ta se mo\u017ee? Kr\u0161ten narod, \u0107orav narod, nesre\u0107an narod. (\u2026) Imate o\u010di tek da ne pronesete zalogaj mimo usta i da potrefite u vrata. (\u2026) Krst na o\u010dima, pa \u0161ta mo\u017ee\u0161 da vidi\u0161? Krst i krst. A ima da se vidi, siroto moja, ima!\u201c<\/p>\n<p>Gornje rije\u010di napisao je \u2013 Ivo Andri\u0107. Govori ih njegov fiktivni lik Mehmedbeg u dijalogu s fra Markom u pri\u010di Kod kazana (objavljenoj 1931. godine).<\/p>\n<p>Danas, glavni \u010dovjek rimskoga katolicizma papa Franjo, tvrdi: \u201eU\u017eitak dolazi izravno od Boga, on nije ni katoli\u010dki, ni kr\u0161\u0107anski, ni ne\u0161to tre\u0107e, on je jednostavno bo\u017eanski\u201c, pa jo\u0161 precizira: \u201eU\u017eivanje u hrani odr\u017eava vas u dobrom zdravlju, kao \u0161to spolni u\u017eitak \u010dini ljubav ljep\u0161om i jam\u010di produ\u017eenje vrste\u201c, i protive\u0107i se \u201elicemjernom moralu koji ne priznaje pojam u\u017eitka i koji je postojao u povijesti Katoli\u010dke Crkve\u201c, \u0161to je \u201epogre\u0161no tuma\u010denje kr\u0161\u0107anske poruke\u201c, pritvr\u0111uje: \u201eNaprotiv, u\u017eivanje u hrani kao i spolni u\u017eitak dolaze od Boga\u201c. Taman kao da parafrazira Andri\u0107eva Mehmedbega: \u201cBo\u017eji dar i stvorenje\u201c.<\/p>\n<p>Ka\u017ee papa jo\u0161 i to, da su taj licemjerni moral i izvanjska pobo\u017enost na\u010dinili \u201egolemu \u0161tetu koja se i danas sna\u017eno osjeti u nekim slu\u010dajevima\u201c.<\/p>\n<p>Za tradicionalno katoli\u010dko uho, kao i za hijerarhijsku nomenklaturu, papine izjave su sigurno \u0161okantne i hereti\u010dne. Upravo \u2013 revolucionarne. Odricanje od u\u017eitka, kao od grijeha, jedan je od temelja te zgrade, a nemogu\u0107nost ljudske prirode da mu se odupre \u2013 izvor najgorih manifestacija licemjernoga morala i izvanjske pobo\u017enosti.<\/p>\n<p>Mo\u017ee li argentinski sve\u0107enik i profesor Jorge Mario Bergoglio, makar bio i rimski papa, izvr\u0161iti prevratno oslobo\u0111enje od toga hiljadugodi\u0161njeg \u201epogre\u0161nog tuma\u010denja kr\u0161\u0107anske poruke\u201c?<\/p>\n<p>Bojat se \u2013 slabi su mu izgledi na kr\u0161\u0107anskim kladionicama.<\/p>\n<p><a href=\"http:\/\/www.ivanlovrenovic.com\/clanci\/zapisi\/papa-franjo-i-bozanski-uzitak-\">ivanlovrenovic.com<\/a><\/p>\n","protected":false},"excerpt":{"rendered":"<p>Glavni \u010dovjek rimskoga katolicizma papa Franjo, tvrdi: \u201eU\u017eitak dolazi izravno od Boga, on nije ni katoli\u010dki, ni kr\u0161\u0107anski, ni ne\u0161to tre\u0107e, on je jednostavno bo\u017eanski\u201c<\/p>\n","protected":false},"author":1,"featured_media":286423,"comment_status":"open","ping_status":"closed","sticky":false,"template":"","format":"standard","meta":{"_seopress_robots_primary_cat":"","_seopress_titles_title":"","_seopress_titles_desc":"","_seopress_robots_index":"","_et_pb_use_builder":"","_et_pb_old_content":"","_et_gb_content_width":"","inline_featured_image":false,"footnotes":""},"categories":[5],"tags":[],"class_list":["post-302269","post","type-post","status-publish","format-standard","has-post-thumbnail","hentry","category-drugi-pisu"],"_links":{"self":[{"href":"https:\/\/www.pcnen.com\/portal\/wp-json\/wp\/v2\/posts\/302269","targetHints":{"allow":["GET"]}}],"collection":[{"href":"https:\/\/www.pcnen.com\/portal\/wp-json\/wp\/v2\/posts"}],"about":[{"href":"https:\/\/www.pcnen.com\/portal\/wp-json\/wp\/v2\/types\/post"}],"author":[{"embeddable":true,"href":"https:\/\/www.pcnen.com\/portal\/wp-json\/wp\/v2\/users\/1"}],"replies":[{"embeddable":true,"href":"https:\/\/www.pcnen.com\/portal\/wp-json\/wp\/v2\/comments?post=302269"}],"version-history":[{"count":1,"href":"https:\/\/www.pcnen.com\/portal\/wp-json\/wp\/v2\/posts\/302269\/revisions"}],"predecessor-version":[{"id":302270,"href":"https:\/\/www.pcnen.com\/portal\/wp-json\/wp\/v2\/posts\/302269\/revisions\/302270"}],"wp:featuredmedia":[{"embeddable":true,"href":"https:\/\/www.pcnen.com\/portal\/wp-json\/wp\/v2\/media\/286423"}],"wp:attachment":[{"href":"https:\/\/www.pcnen.com\/portal\/wp-json\/wp\/v2\/media?parent=302269"}],"wp:term":[{"taxonomy":"category","embeddable":true,"href":"https:\/\/www.pcnen.com\/portal\/wp-json\/wp\/v2\/categories?post=302269"},{"taxonomy":"post_tag","embeddable":true,"href":"https:\/\/www.pcnen.com\/portal\/wp-json\/wp\/v2\/tags?post=302269"}],"curies":[{"name":"wp","href":"https:\/\/api.w.org\/{rel}","templated":true}]}}