{"id":302022,"date":"2020-09-11T07:23:41","date_gmt":"2020-09-11T05:23:41","guid":{"rendered":"https:\/\/www.pcnen.com\/portal\/?p=302022"},"modified":"2020-09-11T07:23:41","modified_gmt":"2020-09-11T05:23:41","slug":"nova-vlast-u-crnoj-gori-mora-demontirati-mrezu-povlascenih","status":"publish","type":"post","link":"https:\/\/www.pcnen.com\/portal\/2020\/09\/11\/nova-vlast-u-crnoj-gori-mora-demontirati-mrezu-povlascenih\/","title":{"rendered":"Nova vlast u Crnoj Gori mora demontirati mre\u017eu povla\u0161\u0107enih"},"content":{"rendered":"<p><strong>Autorka: Ivana \u0160undi\u0107 Mihovilovi\u0107<\/strong><\/p>\n<p>Postizbornu Crnu Goru bih voleo da vidim kao zajednicu koja \u0107e, simboli\u010dki re\u010deno, nakon 30. imati i 31. avgust, ka\u017ee u razgovoru za Danas Sr\u0111an Peri\u0107 iz podgori\u010dke organizacije KOD, komentari\u0161u\u0107i politi\u010dke promene u Crnoj Gori nakon tri decenije vladavine DPS-a.<\/p>\n<p>Uz podse\u0107anje da se \u010desto mo\u017ee \u010duti da je u Srbiji izostao 6. oktobar u smislu potpunog otklona u odnosu na nepo\u017eeljne politi\u010dke prakse, na\u0161 sagovornik ukazuje da bi bilo \u201edragoceno i po\u0161tedjeli bismo sebe dodatnih politi\u010dkih, pa i istorijskih trauma\u201c ukoliko bi se moglo ne\u0161to nau\u010diti iz iskustva drugih.<\/p>\n<p>Peri\u0107 dalje ukazuje da je sasvim razumljiva euforija kod ve\u0107eg dela gra\u0111ana jer je nakon trideset godina usvojena jedna od podrazumevaju\u0107ih pretpostavki demokratije \u2013 smjenjivost vlasti.<\/p>\n<p>\u201eOno \u0161to je, tako\u0111e, jasno jeste da je okon\u010dana faza pretpoliti\u010dkog djelovanja i da \u0107emo sada, po prirodi stvari, u\u0107i u dinami\u010dniju fazu parlamentarizma kada nijedna partija ne\u0107e mo\u0107i ra\u010dunati na toliku \u201einstitucionalnu prednost\u201c \u2013 \u0161to je eufemizam za zloupotrebu dr\u017eavnih resursa u partijske svrhe, a \u010disto sumnjam da \u0107e ijedan lider vi\u0161e biti u prilici da ima toliku koncentraciju mo\u0107i u svojim rukama. Sve su to impulsi koji bi trebalo da demokratizuju politi\u010dke procese\u201c.<\/p>\n<p>Peri\u0107 je uveren da ima razloga za odre\u0111eni optimizam, ali da jo\u0161 nije jasno \u0161ta \u0107e realnost pokazati.<\/p>\n<p><strong>Kako gledate na najave formiranja ekspertske vlade?<\/strong><\/p>\n<p>\u2013 Taj model je sam po sebi izazovan, ali izvjesno i mjera kompromisa kako bi se amortizovale zna\u010dajne ideolo\u0161ke razlike konstituenata budu\u0107e vlasti. Sa jedne strane vi promovi\u0161ete autoritet znanja i struke \u2013 \u0161to je pohvalno, a sa druge strane ste pred izazovom kako prona\u0107i kadrovska rje\u0161enja koja \u0107e zadovoljiti tako visoke standarde, a da pritom nemaju politi\u010dku mo\u0107.<\/p>\n<p>Ta Vlada \u0107e izvjesno morati donositi seriju nepopularnih mjera kako bi sredila javne finansije i otvorila prostor za ekonomski oporavak.<\/p>\n<p>To obavezuje politi\u010dke lidere koji su predlo\u017eili koncept ekspertske vlade da daju punu politi\u010dku podr\u0161ku onima koje delegiraju i da, sljedstveno tome, i preuzmu odgovornost za kadrovska rje\u0161enja koja ponude. To bi zna\u010dilo da smo ne samo u politi\u010dkom, nego i u su\u0161tinskom smislu, napravili ogroman iskorak.<\/p>\n<p>Nova rukovode\u0107a struktura \u0107e morati da poka\u017ee da je spremna da promijeni politi\u010dku paradigmu a to je, po meni, prije svega da poka\u017ee volju da radikalno umanji \u2013 ako se ve\u0107 ne mo\u017ee iskorijeniti u ovoj fazi \u2013 partokratsku praksu, da izvr\u0161i korjenite zakonodavne promjene u oblasti pravosu\u0111a i da se u ovoj sferi izbori za kadrovsku politiku koja \u0107e biti oslobo\u0111ena partijskih stega.<\/p>\n<p>Nova vlast, tako\u0111e, mora osloboditi tr\u017ei\u0161te za inicijativnost i inventivnost, \u0161to automatski zna\u010di demontiranje mre\u017ee povla\u0161\u0107enih i od strane gra\u0111ana subvencioniranih tajkuna.<\/p>\n<p>To su ogromna isku\u0161enja koja \u0107e ova vlada imati pred sobom.<\/p>\n<p>Nadam se da \u0107e to i u\u010diniti, ali \u017eivim u uvjerenju da u javnoj politici nikome ne treba pru\u017eati blanko i neoro\u010denu podr\u0161ku. Valja biti dobronamjeran, a o rezultatima se izjasnimo kada oni budu vidljivi.<\/p>\n<p>Ipak, \u010dini mi se da \u0107e ubjedljivo najve\u0107i izazov biti zadovoljiti sva o\u010dekivanja koja su usmjerena ka radu budu\u0107e Vlade. Odgovor na ovo isku\u0161enje \u0107e biti osnov uspjeha ili neuspjeha nove rukovode\u0107e garniture.<\/p>\n<p><strong>Na koji na\u010din bi nove vlasti mogle da ubla\u017ee o\u010dite podele u crnogorskom dru\u0161tvu?<\/strong><\/p>\n<p>\u2013 Na\u017ealost, crnogorsko dru\u0161tvo jeste duboko podijeljeno i ako bude mudrosti vi\u0161e od politikanstva, ovo je prilika za njegovo iscjeljenje.<\/p>\n<p>Ne mislim da to mo\u017ee i\u0107i brzo, ali je prilika da se uspostavi po\u017eeljan pravac. U prirodi je svake zajednice da ima podijeljene stavove o razli\u010ditim pitanjima.<\/p>\n<p>U kona\u010dnom, uniformnost i obaveznost jednog mi\u0161ljenja je prije odlika diktature nego li demokratije.<\/p>\n<p>Me\u0111utim, ono \u0161to je u Crnoj Gori posebno osjetljivo je \u0161to sve na\u0161e podjele nisu po jednom \u0161avu, one imaju razli\u010dite razloge i istorijsku genezu, a \u010dini mi se da se u okru\u017eenju one sasvim pogre\u0161no interpretiraju. Mogu\u0107e da je spolja najuo\u010dljivija podjela po nacionalnom pitanju.<\/p>\n<p>Ona nije jedina, ali svakako najsna\u017enije upu\u0107uje na, po mom dubokom uvjerenju, pogre\u0161an zaklju\u010dak da je situacija do krajnjih granica pojednostavljena \u2013 odnosno da je pola zajednice zlo, a pola pravedno \u2013 zavisno iz koje optike i kroz \u010diji interes sagledavate realnost.<\/p>\n<p>Ako promjena vlasti ispuni makar dio o\u010dekivanja koje je probudila, uvjeren sam da \u0107e se i ta percepcija mijenjati \u2013 dodu\u0161e ne u kratkom periodu.<\/p>\n<p>Po mom sudu, klasna podjela je mogu\u0107e i jedina stvarna i realna podjela koja se prikrivala sve ovo vrijeme i \u010dije je premo\u0161\u0107avanje klju\u010d za otvaranje dru\u0161tva koje integri\u0161e a ne ko je se dijeli do granice njegovog neprepoznavanja.<\/p>\n<p>Skretanje pa\u017enje na tu komponentu moglo bi biti blagotvorno za cio region, ne samo za Crnu Goru.<\/p>\n<blockquote><p><strong>Promena dobra ali nedovoljna<\/strong><\/p>\n<p>Jasno je da je kohezivni faktor tri opozicione koalicije \u2013 \u017eelja za smjenom vlasti \u0161to su pokazale i blagovremene i s mjerom izre\u010dene izjave lidera dosada\u0161nje opozicije neposredno nakon izbora, a \u0161to je zapravo bio samo logi\u010dan slijed predizbornih poruka.<\/p>\n<p>Kada je promjena glavni pokreta\u010dki motiv, to zna\u010di pove\u0107an entuzijazam, ali i velike opasnosti kada se radi o ideolo\u0161koj kompoziciji budu\u0107e Vlade.<\/p>\n<p>Odmah da ka\u017eem da tu ne razmi\u0161ljam samo o identitetskoj komponenti, ve\u0107 o orijentaciji u kojem pravcu vidite dalji razvoj cjelokupne zajednice \u2013 po principima koje promovi\u0161e ljevica, desnica, kombinacijom tih pristupa ili na neki sasvim druga\u010diji na\u010din.<\/p>\n<p>Nekoliko rje\u0161enja koja su promovisana, a tu prije svega mislim na najavljeno usvajanje zakona kojim bi se utvr\u0111ivalo porijeklo imovine, su vi\u0161e nego zanimljiva, ali na drugom koraku vi morate da ponudite viziju razvoja zemlje i sna\u017ean otklon od dosada\u0161nje partitokratske prakse.<\/p>\n<p>Drugim rije\u010dima, sama promjena jeste dobra, ali nije dovoljna da bismo transformisali zajednicu u pravcu efikasnog i pravednog dru\u0161tva. Za to \u0107e biti potrebno ulo\u017eiti veliki napor.<\/p><\/blockquote>\n<p><a href=\"https:\/\/www.danas.rs\/svet\/srdjan-peric-nova-vlast-u-crnoj-gori-mora-demontirati-mrezu-povlascenih\/\">Danas<\/a><\/p>\n","protected":false},"excerpt":{"rendered":"<p>Sr\u0111an Peri\u0107: Nekoliko rje\u0161enja koja su promovisana, a tu prije svega mislim na najavljeno usvajanje zakona kojim bi se utvr\u0111ivalo porijeklo imovine, su vi\u0161e nego zanimljiva, ali na drugom koraku vi morate da ponudite viziju razvoja zemlje i sna\u017ean otklon od dosada\u0161nje partitokratske prakse.<\/p>\n","protected":false},"author":1,"featured_media":215355,"comment_status":"open","ping_status":"closed","sticky":false,"template":"","format":"standard","meta":{"_seopress_robots_primary_cat":"","_seopress_titles_title":"","_seopress_titles_desc":"","_seopress_robots_index":"","_et_pb_use_builder":"","_et_pb_old_content":"","_et_gb_content_width":"","inline_featured_image":false,"footnotes":""},"categories":[5],"tags":[],"class_list":["post-302022","post","type-post","status-publish","format-standard","has-post-thumbnail","hentry","category-drugi-pisu"],"_links":{"self":[{"href":"https:\/\/www.pcnen.com\/portal\/wp-json\/wp\/v2\/posts\/302022","targetHints":{"allow":["GET"]}}],"collection":[{"href":"https:\/\/www.pcnen.com\/portal\/wp-json\/wp\/v2\/posts"}],"about":[{"href":"https:\/\/www.pcnen.com\/portal\/wp-json\/wp\/v2\/types\/post"}],"author":[{"embeddable":true,"href":"https:\/\/www.pcnen.com\/portal\/wp-json\/wp\/v2\/users\/1"}],"replies":[{"embeddable":true,"href":"https:\/\/www.pcnen.com\/portal\/wp-json\/wp\/v2\/comments?post=302022"}],"version-history":[{"count":1,"href":"https:\/\/www.pcnen.com\/portal\/wp-json\/wp\/v2\/posts\/302022\/revisions"}],"predecessor-version":[{"id":302023,"href":"https:\/\/www.pcnen.com\/portal\/wp-json\/wp\/v2\/posts\/302022\/revisions\/302023"}],"wp:featuredmedia":[{"embeddable":true,"href":"https:\/\/www.pcnen.com\/portal\/wp-json\/wp\/v2\/media\/215355"}],"wp:attachment":[{"href":"https:\/\/www.pcnen.com\/portal\/wp-json\/wp\/v2\/media?parent=302022"}],"wp:term":[{"taxonomy":"category","embeddable":true,"href":"https:\/\/www.pcnen.com\/portal\/wp-json\/wp\/v2\/categories?post=302022"},{"taxonomy":"post_tag","embeddable":true,"href":"https:\/\/www.pcnen.com\/portal\/wp-json\/wp\/v2\/tags?post=302022"}],"curies":[{"name":"wp","href":"https:\/\/api.w.org\/{rel}","templated":true}]}}