{"id":301959,"date":"2020-09-10T07:15:32","date_gmt":"2020-09-10T05:15:32","guid":{"rendered":"https:\/\/www.pcnen.com\/portal\/?p=301959"},"modified":"2020-09-10T07:15:32","modified_gmt":"2020-09-10T05:15:32","slug":"partijski-iskorak-nova-stranka-ljevice-u-srbiji","status":"publish","type":"post","link":"https:\/\/www.pcnen.com\/portal\/2020\/09\/10\/partijski-iskorak-nova-stranka-ljevice-u-srbiji\/","title":{"rendered":"Partijski iskorak: nova stranka ljevice u Srbiji"},"content":{"rendered":"<p><strong>Autor: Marko Kostani\u0107\u00a0\u00a0<\/strong><\/p>\n<p>Transformacijom Socijaldemokratske unije na 12. redovnom kongresu odr\u017eanom pro\u0161log vikenda u Beogradu je osnovana nova lijeva stranka \u2013 Partija radikalne levice. O samoj stranci, njenoj pretpovijesti i idejama na kojima po\u010diva razgovarali smo s \u010dlanom predsjedni\u0161tva, dramaturgom i filmskim radnikom I<strong>vanom Velisavljevi\u0107em.<\/strong><\/p>\n<p><strong>Mo\u017ee\u0161 li ukratko opisati pretpovijest nastanka stranke?<\/strong><\/p>\n<p>Socijaldemokratska unija (SDU) je pre pet-\u0161est godina promenila rukovodstvo i udarila ulevo. Njenu okosnicu \u010dinili su radnici i radnice Jugoremedije iz Zrenjanina i Prvog maja iz Pirota, na \u010delu sa Ivanom Zlati\u0107em, dugogodi\u0161njim aktivistom Koordinacionog odbora radni\u010dkih protesta koji je nastao 2009. u Ra\u010di (Kragujevac) i ubrzo okupio veliki broj radnika i radnica u Srbiji koji su se protivili privatizacijama i plja\u010dkanju radnika i malih akcionara. Nakon ulaska nas nekoliko u rukovodstvo stranke sa idejom da podr\u017eimo proces transformacije u antikapitalisti\u010dku, levu radni\u010dku partiju, SDU je u\u010destvovala u osnivanju Zdru\u017eene akcije Krov nad glavom (za borbu protiv delo\u017eacija i pravo na dom) i iza\u0161la na gradske izbore u Beogradu kao deo liste inicijative Ne da(vi)mo Beograd, da bi 2018. poslala Poziv snagama levice na ujedinjenu parlamentarnu borbu. Tom pozivu, koji je sadr\u017eao i samokritiku razvoja SDU, ali i odluku da se nastavi na svoju slavnu istoriju antiratne i antinacionalisti\u010dke politike s kraja 1990-ih, odazvali su se ljudi iz organizacija Levi samit Srbije, Diem25, studentskog pokreta u Novom Sadu i Beogradu\u2026 Neki od tih ljudi u\u0161li su u rukovodstvo SDU i ne\u0161to vi\u0161e od godinu dana trajao je sam proces zajedni\u010dkog rada unutar partije da bi se transformacija dogodila. Jedan vanredni, jedan redovni Kongres i jednu pandemiju kasnije \u2013 desilo se.<\/p>\n<p><strong>Koji su prvi naredni koraci? Na \u010demu \u0107ete graditi prepoznatljivost na samom po\u010detku?<\/strong><\/p>\n<p>Na borbi za radni\u010dka prava pre svega, ali i na pravo na krov nad glavom. Po tome nas svakako prepoznaju. Usvojili smo Deklaraciju o radni\u010dkim pravima kao temeljan programski dokument, a uskoro nas \u010deka i formiranje Radni\u010dke omladine, autonomnog omladinskog tela unutar partije. Deklaracija o regionalnoj solidarnosti, koju smo potpisali i inicirali sa Levicom (Slovenija), Radni\u010dkom frontom i Novom ljevicom (Hrvatska), naglasak stavlja na regionalnu saradnju levih aktera, borbu protiv \u0161ovinizma i raspirivanja etni\u010dke mr\u017enje, kao i antifa\u0161isti\u010dko opredeljenje. Tu su potom borbe za \u017eivotnu sredinu, zdravstvo i obrazovanje\u2026 A naro\u010dito za \u017eensko oslobo\u0111enje \u2013 osim programskih ciljeva u tom domenu, odlu\u010dni smo da principe \u017eenskog oslobo\u0111enja sprovodimo i na unutra\u0161njem planu. Mi smo valjda jedina partija u Srbiji koja u kolektivnom predsedni\u0161tvu ima ve\u0107inu \u017eena (tri od pet) i \u010diji Statut propisuje jednak broj \u017eena i mu\u0161karaca u rukovode\u0107im telima. U tom smislu o\u010dekujem da \u0107e rad na\u0161ih stalnih i autonomnih odbora \u2013 Fronta \u017eena, Radni\u010dke omladine, Odbora za socijalna pitanja i Odbora za me\u0111unarodnu saradnju \u2013 postaviti temelje na\u0161e prepoznatljivosti.<\/p>\n<p><strong>\u0160to izbor pridjeva \u201cradikalno\u201d govori o tome kako vidite politi\u010dku scenu u Srbiji? Za\u0161to ljevica mora biti nominalno radikalna da bi se prepoznala kao prava ljevica?<\/strong><\/p>\n<p>Zato \u0161to je stvarnost u\u017easna a levica prokazana. Levica je prokazana jer se kod ve\u0107ine ljudi povezivala \u2013 i jo\u0161 uvek se povezuje \u2013 sa Milo\u0161evi\u0107evim\/Da\u010di\u0107evim SPS-om i Vulinovim \u201cPokretom socijalista\u201d, koji su odavno deo svake vlade koja privatizuje dok \u0161tedi, uru\u0161ava radni\u010dka prava dok se hvali pove\u0107anjem BDP-a i prodaje \u0161ovinizam pod nacionalni interes dok stremi ka EU. A sa strane stvarnosti, kad \u010dujete da radnicama u supermarketu nije dozvoljeno da sede, da su radnike u fabrikama terali da rade tokom pandemije bez propisane za\u0161tite od zaraze, da je u danu bespravno otpu\u0161teno preko 300 radnika i da su zbog straha odustali od tu\u017ebe, da prakti\u010dno svake nedelje na gradili\u0161tima pogine radnik i da se to zata\u0161kava, da minimalac nije dovoljan za pre\u017eivljavanje, da je \u010detvrtina stanovni\u0161tva ispod granice siroma\u0161tva, da se stranim investitorima poklanjaju parcele, zgrade i firme a subvencije upla\u0107uju nemilice, a da se doma\u0107oj mafiji omogu\u0107ava da nesmetano plja\u010dka javni sektor i strate\u0161ke resurse\u2026 Kad to sve \u010dujete, u kakve umerene zahteva za boljim kapitalizmom da poverujete? U kakve razumne i umilnim glasom izre\u010dene zahteve nekakve socijaldemokratske levice, koja \u0107e tobo\u017ee da popravi \u017eivot svim tim obespravljenim ljudima, da se nadate? Re\u0107i da ste radikalni levi\u010dar u Srbiji zna\u010di vratiti levici samopo\u0161tovanje. Pa \u010dak i prokazanom pridevu \u201cradikalno\u201d \u2013 za\u0161to da ne? To je borba za interpretaciju. Treba se u nju upustiti.<\/p>\n<p><strong>Mo\u017eete li se usporediti s nekim politi\u010dkim akterima u regiji i Europi? Jeste li imali neku konkretniju inspiraciju?<\/strong><\/p>\n<p>Konkretna inspiracija su nam ljudi koje svakodnevno sre\u0107emo, s kojima se borimo, koji su nam, na kraju krajeva, \u010dlanovi i \u010dlanice \u2013 oni koji krpe kraj s krajem, \u017eive bez ikakvih prava, besni, nemo\u0107ni, zaposleni na odre\u0111eno ili na fiktivne ugovore o privremeno-povremenim poslovima, iznajmljivani od agencija kao robovi, siroma\u0161ni, pod opsadom da \u0107e ih izbaciti iz jedinog doma, u dugovima, sa strahom od otkaza, bez budu\u0107nosti u Srbiji, sa \u017eeljom da zavr\u0161e fakultete i pobegnu\u2026 Od politi\u010dkih partija, svakako su nam u regiji najbli\u017ee one koje sam ve\u0107 pomenuo, a s kojima smo potpisali Deklaraciju o regionalnoj solidarnosti.<\/p>\n<p><strong>Da se na kraju dotaknemo jednog konkretnijeg pitanja. Nakon Vu\u010di\u0107evog debakla u Washingtonu pitanje Kosova i dalje dominira srpskom politi\u010dkom scenom. Imate li razvijen stav i strategiju oko tog pitanja? Ili smatrate da ga na samom po\u010detku treba takti\u010dki zaobilaziti?<\/strong><\/p>\n<p>Ne mislim da to pitanje treba zaobilaziti. Pretenciozno bi bilo re\u0107i da mi imamo odgovor na tzv. pitanje Kosova, o\u010dito ga nema pola sveta, ali smo odlu\u010dni u stavu da tom pitanju treba pristupiti nenacionalisti\u010dki. Pregovarati se mora o svim spornim i slo\u017eenim pitanjima koja nadilaze prosto pitanje statusa Kosova \u2013 a to su pitanja o tome kako ljudi \u017eive pod stalnom tenzijom \u201czamrznutog konflikta\u201d i raspirivanja mr\u017enje i nerazumevanja. Pravo pitanje za nas je \u2013 kako zami\u0161ljamo srpsko-albanske odnose u budu\u0107nosti i kako zami\u0161ljamo tu budu\u0107nost? Kao kapitalisti\u010dku periferiju jeftine radne snage u kojoj tinjanju etni\u010dki sukobi, na kojima stalno profitiraju nacionalisti\u010dke elite i njihovi organizovani kriminalci s obe strane \u201cadministrativnih prelaza\u201d? Ili \u0107e to biti odnosi koji po\u010divaju na istoj polazi\u0161noj ta\u010dki \u2013 da se povrati vi\u0161evekovni su\u017eivot i da se odnosi baziraju na me\u0111usobnom po\u0161tovanju i saradnji? Mi mislimo da je ovo drugo put i smatramo da treba otvoriti naj\u0161iri dru\u0161tveni dijalog o tome. Ali isto tako smatramo da taj dijalog ne mogu da predvode doma\u0107e nacionalisti\u010dke elite, niti da on treba da se vodi pod protektoratom NATO-a, EU, Rusije ili bilo koje druge velike sile. Zato se, pored dijaloga izvan nacionalisti\u010dkog klju\u010da, pre svega na nivou dru\u0161tva a ne dr\u017eave, zala\u017eemo i za pregovore o statusu pod okriljem UN, kao i za povla\u010denja NATO-a sa Kosova.<\/p>\n<p><a href=\"https:\/\/www.bilten.org\/?p=34302\">Bilten<\/a><\/p>\n","protected":false},"excerpt":{"rendered":"<p>Ivan Velisavljevi\u0107: Re\u0107i da ste radikalni levi\u010dar u Srbiji zna\u010di vratiti levici samopo\u0161tovanje. Pa \u010dak i prokazanom pridevu \u201cradikalno\u201d \u2013 za\u0161to da ne? To je borba za interpretaciju. Treba se u nju upustiti.<\/p>\n","protected":false},"author":1,"featured_media":301960,"comment_status":"open","ping_status":"closed","sticky":false,"template":"","format":"standard","meta":{"_seopress_robots_primary_cat":"","_seopress_titles_title":"","_seopress_titles_desc":"","_seopress_robots_index":"","_et_pb_use_builder":"","_et_pb_old_content":"","_et_gb_content_width":"","inline_featured_image":false,"footnotes":""},"categories":[5],"tags":[],"class_list":["post-301959","post","type-post","status-publish","format-standard","has-post-thumbnail","hentry","category-drugi-pisu"],"_links":{"self":[{"href":"https:\/\/www.pcnen.com\/portal\/wp-json\/wp\/v2\/posts\/301959","targetHints":{"allow":["GET"]}}],"collection":[{"href":"https:\/\/www.pcnen.com\/portal\/wp-json\/wp\/v2\/posts"}],"about":[{"href":"https:\/\/www.pcnen.com\/portal\/wp-json\/wp\/v2\/types\/post"}],"author":[{"embeddable":true,"href":"https:\/\/www.pcnen.com\/portal\/wp-json\/wp\/v2\/users\/1"}],"replies":[{"embeddable":true,"href":"https:\/\/www.pcnen.com\/portal\/wp-json\/wp\/v2\/comments?post=301959"}],"version-history":[{"count":2,"href":"https:\/\/www.pcnen.com\/portal\/wp-json\/wp\/v2\/posts\/301959\/revisions"}],"predecessor-version":[{"id":301962,"href":"https:\/\/www.pcnen.com\/portal\/wp-json\/wp\/v2\/posts\/301959\/revisions\/301962"}],"wp:featuredmedia":[{"embeddable":true,"href":"https:\/\/www.pcnen.com\/portal\/wp-json\/wp\/v2\/media\/301960"}],"wp:attachment":[{"href":"https:\/\/www.pcnen.com\/portal\/wp-json\/wp\/v2\/media?parent=301959"}],"wp:term":[{"taxonomy":"category","embeddable":true,"href":"https:\/\/www.pcnen.com\/portal\/wp-json\/wp\/v2\/categories?post=301959"},{"taxonomy":"post_tag","embeddable":true,"href":"https:\/\/www.pcnen.com\/portal\/wp-json\/wp\/v2\/tags?post=301959"}],"curies":[{"name":"wp","href":"https:\/\/api.w.org\/{rel}","templated":true}]}}