{"id":301773,"date":"2020-09-08T07:08:50","date_gmt":"2020-09-08T05:08:50","guid":{"rendered":"https:\/\/www.pcnen.com\/portal\/?p=301773"},"modified":"2020-09-08T11:59:28","modified_gmt":"2020-09-08T09:59:28","slug":"problem-vlasti-kako-je-pao-milo-dukanovic","status":"publish","type":"post","link":"https:\/\/www.pcnen.com\/portal\/2020\/09\/08\/problem-vlasti-kako-je-pao-milo-dukanovic\/","title":{"rendered":"Problem vlasti: Kako je pao Milo \u0110ukanovi\u0107"},"content":{"rendered":"<div class=\"header reader-header reader-show-element\">\n<p class=\"reader-title\"><strong>Autor: Veljko Lali\u0107<\/strong><\/p>\n<\/div>\n<hr \/>\n<div class=\"content\">\n<div class=\"moz-reader-content reader-show-element\">\n<div id=\"readability-page-1\" class=\"page\">\n<div>\n<p>Vlast je \u010dudo. I tu nema boljeg primera od Mila \u0110ukanovi\u0107a.<\/p>\n<p>Izvuku te kao klinca iz nekog \u0161e\u0161ira, politi\u010dki ubije\u0161 \u010doveka koji te je doveo na vlast, pre\u017eivi\u0161 ratne godine, zaborave ti se \u0161ta si govorio, sa zemljom od pola miliona igra\u0161 na svetskoj pozornici u kojoj bombe ne padaju po tebi. Postaje\u0161 demokrata, pa posle toga neko kome toleri\u0161u soft diktaturu.<\/p>\n<p>Misli\u0161 da su politi\u010dari poput Zorana \u0110in\u0111i\u0107a, koji je imao 24 nau\u010dna rada, amateri jer su zavr\u0161ili kako su zavr\u0161ili.<\/p>\n<p>Postane\u0161 prvi predsednik novouspostavljene dr\u017eave, i jedini takav po kojem nije nazvan aerodrom.<\/p>\n<p>Napu\u0161taju te prijatelji, i ti napu\u0161ta\u0161 njih. Ne shvata\u0161 da normalni ljudi ne prelaze stalno isti nivo na igrici.<\/p>\n<p>Ne shvata\u0161 da je jednako va\u017eno kako se odlazi sa vlasti, kao i kako se dolazi na nju.<\/p>\n<p>Nema\u0161 ni sre\u0107e, ne \u017eivi\u0161 u demokratskom svetu u kojem postoji ograni\u010denje mandata ili parlamentarna demokratija u kojoj to ograni\u010denje gra\u0111ani obavljaju.<\/p>\n<p>Ali ti si napravio taj sistem. I ne pada ti na pamet da ga promeni\u0161. Iako bi tebi najvi\u0161e odgovaralo.<\/p>\n<p>Toliko laganih izlaza, i na kraju jedan jedini \u2013 da civilizovano preda\u0161 vlast.<\/p>\n<p>Ili da poslednji put vidi\u0161 zemlju koju si vodio tri decenije, sa aerodroma koji je mogao da nosi tvoje ime.<\/p>\n<p>I? Kako se to desi najiskusnijem politi\u010daru na Balkanu? Kako nije video jednu tako jednostavnu stvar? Ne mo\u017ee\u0161 20 godina da brani\u0161 dr\u017eavu od nekoga ko je ne napada.<\/p>\n<p>Treba ti neprijatelj. Okej. Ali gde si ga ba\u0161 na\u0161ao u svojoj ku\u0107i? Odakle ti ideja da pravi\u0161 svoju crkvu? Kako ne shvata\u0161 da britva nije za tu bradu? Pri\u010da\u0161 o \u0110in\u0111i\u0107u koji je protiv sebe imao pola sveta, mafiju, politiku, ratno nasle\u0111e koje je morao da re\u0161ava.<\/p>\n<p>I ubila ga je dr\u017eavna bezbednost, kao Kenedija. A mogao je i on nju.<\/p>\n<p>Tebe je smenio \u010dovek od 82 godine koji nikad nije glasao na izborima.<\/p>\n<p>I univerzitetski profesor koji nikad nije u\u010destvovao na izborima.<\/p>\n<p>Nema bolje slike pada poslednjeg evropskog vladara od slike njegovog premijera sa rukama na glavi dok on govori kako jo\u0161 nije sve gotovo.<\/p>\n<p>U zemlji u kojoj se vlast nikada nije promenila na izborima malo ko je to ovako o\u010dekivao.<\/p>\n<p>I opozicija je dobila nevi\u0111enu \u0161ansu.<\/p>\n<p>Bolju od one na pro\u0161lim izborima, i pro\u0161lim, i onim pro\u0161lim.<\/p>\n<p>Malo ko u ovakvim hibridnim sistemima dolazi na vlast a da ne duguje nikome ni\u0161ta, osim mo\u017eda tom starijem \u010doveku koga samo zanima da ga ostave na miru.<\/p>\n<p>Kakav je to kapital. Nema duga nijednoj ambasadi, uklju\u010duju\u0107i srpsku, koja je poja\u010danom retorikom samo mogla da pomogne Milu.<\/p>\n<p>Uostalom, zar to nije bila njegova agenda? Ne damo dr\u017eavu. Srbiji, kome drugom.<\/p>\n<p>Zar nije on stvarao referendumsku atmosferu, koja mu je na kraju do\u0161la glave, kad je opozicija prihvatila igru i rekla \u201eMi ili on\u201d, a ne \u201eCrna Gora ili Srbija\u201d\u2026<\/p>\n<p>Na kraju, pomogao je i svom zami\u0161ljenom neprijatelju.<\/p>\n<p>Ne se\u0107am se stvari oko koje su se Srbi toliko slo\u017eili u poslednjih 20 godina, po\u0161to niko slobodouman ne mo\u017ee da se raduje sistemu u kojem nema promene sistema.<\/p>\n<p>Sve da se Tomas D\u017eeferson kandiduje.<\/p>\n<p>Mo\u017eda neke krajnosti kojih ima u svakom dru\u0161tvu, i koje su potrebne, ili moralni i politi\u010dki oportunisti, koji su zatrovali svako dru\u0161tvo.<\/p>\n<p>Ali zar Milo nije bio simbol tog oportunizma? I zar mirni Krivokapi\u0107 upravo nije njegova suprotnost? Zar to nije sloboda kojoj svi treba da te\u017eimo? Makar i da je pogre\u0161na. Na\u0161a je\u2026<\/p>\n<p><a href=\"https:\/\/www.nedeljnik.rs\/kolumna-veljka-lalica-problem-vlasti\/\">Nedeljnik<\/a><\/p>\n<\/div>\n<\/div>\n<\/div>\n<\/div>\n","protected":false},"excerpt":{"rendered":"<p>Toliko laganih izlaza, i na kraju jedan jedini \u2013 da civilizovano preda\u0161 vlast.<\/p>\n","protected":false},"author":1,"featured_media":277008,"comment_status":"open","ping_status":"closed","sticky":false,"template":"","format":"standard","meta":{"_seopress_robots_primary_cat":"","_seopress_titles_title":"","_seopress_titles_desc":"","_seopress_robots_index":"","_et_pb_use_builder":"","_et_pb_old_content":"","_et_gb_content_width":"","inline_featured_image":false,"footnotes":""},"categories":[5],"tags":[],"class_list":["post-301773","post","type-post","status-publish","format-standard","has-post-thumbnail","hentry","category-drugi-pisu"],"_links":{"self":[{"href":"https:\/\/www.pcnen.com\/portal\/wp-json\/wp\/v2\/posts\/301773","targetHints":{"allow":["GET"]}}],"collection":[{"href":"https:\/\/www.pcnen.com\/portal\/wp-json\/wp\/v2\/posts"}],"about":[{"href":"https:\/\/www.pcnen.com\/portal\/wp-json\/wp\/v2\/types\/post"}],"author":[{"embeddable":true,"href":"https:\/\/www.pcnen.com\/portal\/wp-json\/wp\/v2\/users\/1"}],"replies":[{"embeddable":true,"href":"https:\/\/www.pcnen.com\/portal\/wp-json\/wp\/v2\/comments?post=301773"}],"version-history":[{"count":2,"href":"https:\/\/www.pcnen.com\/portal\/wp-json\/wp\/v2\/posts\/301773\/revisions"}],"predecessor-version":[{"id":301815,"href":"https:\/\/www.pcnen.com\/portal\/wp-json\/wp\/v2\/posts\/301773\/revisions\/301815"}],"wp:featuredmedia":[{"embeddable":true,"href":"https:\/\/www.pcnen.com\/portal\/wp-json\/wp\/v2\/media\/277008"}],"wp:attachment":[{"href":"https:\/\/www.pcnen.com\/portal\/wp-json\/wp\/v2\/media?parent=301773"}],"wp:term":[{"taxonomy":"category","embeddable":true,"href":"https:\/\/www.pcnen.com\/portal\/wp-json\/wp\/v2\/categories?post=301773"},{"taxonomy":"post_tag","embeddable":true,"href":"https:\/\/www.pcnen.com\/portal\/wp-json\/wp\/v2\/tags?post=301773"}],"curies":[{"name":"wp","href":"https:\/\/api.w.org\/{rel}","templated":true}]}}