{"id":300649,"date":"2020-08-27T19:41:29","date_gmt":"2020-08-27T17:41:29","guid":{"rendered":"https:\/\/www.pcnen.com\/portal\/?p=300649"},"modified":"2020-08-27T19:41:29","modified_gmt":"2020-08-27T17:41:29","slug":"policija-potvrdila-da-je-georgijevu-zabranjen-ulazak-u-crnu-goru","status":"publish","type":"post","link":"https:\/\/www.pcnen.com\/portal\/2020\/08\/27\/policija-potvrdila-da-je-georgijevu-zabranjen-ulazak-u-crnu-goru\/","title":{"rendered":"Policija potvrdila da je Georgijevu zabranjen ulazak u Crnu Goru"},"content":{"rendered":"<p>\u201eV.G. je shodno \u010dlanu 8. Zakona o strancima zabranjen ulazak u Crnu Goru\u201c, navodi se u saop\u0161tenju Uprave policije.<\/p>\n<p>\u010clan 8 Zakona o strancima predvi\u0111a da se strancu ne\u0107e dozvoliti ulazak u Crnu Goru, ako ne posjeduje va\u017ee\u0107u putnu ispravu ili drugu ispravu; upotrijebi tu\u0111u, neva\u017ee\u0107u, odnosno falsifikovanu putnu ili drugu ispravu; ne posjeduje va\u017ee\u0107u vizu ili dozvolu boravka; upotrijebi tu\u0111u, neva\u017ee\u0107u, odnosno falsifikovanu vizu ili dozvolu boravka; ne posjeduje dokaz koji opravdava svrhu i uslove namjeravanog boravka; ako je ve\u0107 boravio 90 dana u periodu od 180 dana na teritoriji Crne Gore; ako nema dovoljno sredstava za izdr\u017eavanje za vrijeme namjeravanog boravka u Crnoj Gori i za povratak u dr\u017eavu iz koje je do\u0161ao ili za putovanje u tre\u0107u dr\u017eavu.<\/p>\n<p>Osim toga, po ovom \u010dlanu zakona strancu se ne\u0107e dozvoliti da u\u0111e u Crnu Goru i ako je na snazi mjera bezbjednosti protjerivanje stranca iz zemlje, za\u0161titna mjera protjerivanja stranca sa teritorije Crne Gore ili mjera iz \u010dlana 110 ovog zakona, ili mu je izre\u010dena zabrana ulaska kao i ukoliko to zahtijevaju razlozi nacionalne, odnosno unutra\u0161nje bezbijednosti ili javnog zdravlja.<\/p>\n<p>Muzi\u010dar Vlado Georgiev je objavio danas na svom tviter nalogu<a href=\"https:\/\/www.pcnen.com\/portal\/2020\/08\/27\/vladu-georgijevu-zabranjen-ulazak-u-crnu-goru\/\"> da mu je na granici uru\u010deno re\u0161enje zabrane ulaska u Crnu Goru.<\/a><\/p>\n<p>Razlozi su nacionalne i unutra\u0161nje bezbijednosti, napisao je Georgiev.<\/p>\n<p>Opoziciona koalicija \u201eMir je na\u0161a nacija\u201c reagovala je ovim povodom uz tvrdnju da re\u017eim udara na sve koji su ih podr\u017eali, \u201epa \u010dak i na umjetnike koji su \u0161irom regiona proslavili na\u0161u dr\u017eavu\u201c.<\/p>\n<p>Oni smatraju da je rije\u010d o osveti premijera Du\u0161ka Markovi\u0107a i direktora policije Veselina Veljovi\u0107a i oblik javnog izra\u017eavanja mr\u017enje prema gra\u0111anima, umjetnicima i \u201enajboljim predstavnicima svoga grada i svoje dr\u017eave, samo zato \u0161to ne podr\u017eavaju autokratski re\u017eim.\u201c<\/p>\n<p>Ta koalicija navodi da im je Georgijev, na svom Tviter nalogu, veoma otvoreno, uputio podr\u0161ku .<\/p>\n","protected":false},"excerpt":{"rendered":"<p>Uprava policije je saop\u0161tila da je pjeva\u010d Vlado Georgijev vra\u0107en za Bosnu i Hercegovinu sa grani\u010dnog prelaza Sitnica \u201ezbog zabrane ulaska u Crnu Goru\u201c.<\/p>\n","protected":false},"author":1,"featured_media":271566,"comment_status":"open","ping_status":"closed","sticky":false,"template":"","format":"standard","meta":{"_seopress_robots_primary_cat":"","_seopress_titles_title":"","_seopress_titles_desc":"","_seopress_robots_index":"","_et_pb_use_builder":"","_et_pb_old_content":"","_et_gb_content_width":"","inline_featured_image":false,"footnotes":""},"categories":[14],"tags":[],"class_list":["post-300649","post","type-post","status-publish","format-standard","has-post-thumbnail","hentry","category-vijesti"],"_links":{"self":[{"href":"https:\/\/www.pcnen.com\/portal\/wp-json\/wp\/v2\/posts\/300649","targetHints":{"allow":["GET"]}}],"collection":[{"href":"https:\/\/www.pcnen.com\/portal\/wp-json\/wp\/v2\/posts"}],"about":[{"href":"https:\/\/www.pcnen.com\/portal\/wp-json\/wp\/v2\/types\/post"}],"author":[{"embeddable":true,"href":"https:\/\/www.pcnen.com\/portal\/wp-json\/wp\/v2\/users\/1"}],"replies":[{"embeddable":true,"href":"https:\/\/www.pcnen.com\/portal\/wp-json\/wp\/v2\/comments?post=300649"}],"version-history":[{"count":1,"href":"https:\/\/www.pcnen.com\/portal\/wp-json\/wp\/v2\/posts\/300649\/revisions"}],"predecessor-version":[{"id":300650,"href":"https:\/\/www.pcnen.com\/portal\/wp-json\/wp\/v2\/posts\/300649\/revisions\/300650"}],"wp:featuredmedia":[{"embeddable":true,"href":"https:\/\/www.pcnen.com\/portal\/wp-json\/wp\/v2\/media\/271566"}],"wp:attachment":[{"href":"https:\/\/www.pcnen.com\/portal\/wp-json\/wp\/v2\/media?parent=300649"}],"wp:term":[{"taxonomy":"category","embeddable":true,"href":"https:\/\/www.pcnen.com\/portal\/wp-json\/wp\/v2\/categories?post=300649"},{"taxonomy":"post_tag","embeddable":true,"href":"https:\/\/www.pcnen.com\/portal\/wp-json\/wp\/v2\/tags?post=300649"}],"curies":[{"name":"wp","href":"https:\/\/api.w.org\/{rel}","templated":true}]}}