{"id":300303,"date":"2020-08-23T19:19:53","date_gmt":"2020-08-23T17:19:53","guid":{"rendered":"https:\/\/www.pcnen.com\/portal\/?p=300303"},"modified":"2020-08-23T19:19:53","modified_gmt":"2020-08-23T17:19:53","slug":"praznik-demokratije","status":"publish","type":"post","link":"https:\/\/www.pcnen.com\/portal\/2020\/08\/23\/praznik-demokratije\/","title":{"rendered":"Praznik demokratije"},"content":{"rendered":"<p>Za sedam dana \u0107e kod nas biti jo\u0161 jedan \u201epraznik demokratije\u201c, kako la\u017ene izbore nazva predsjednik la\u017enog parlamenta, koji bi u svakoj iole pristojnoj i pravnoj dr\u017eavi bio u zatvoru. Ovaj \u201epraznik demokratije\u201c ve\u0107 obilje\u017eavaju \u2013 a tek \u0107e ga obilje\u017eiti, takve manipulacije i pritisci, da su se svakom pristojnom gra\u0111aninu zgadili izbori i demokratija na crnogorski na\u010din. Sre\u0107a u nesre\u0107i je \u0161to pristojnih gra\u0111ana ima malo, pa sve gutaju i mogu progutati. Tako su oni koji su do ju\u010de zagovarali bojkot izbora zbog nepostajanja uslova za njih, preko no\u0107i promijenili mi\u0161ljenje, u toj mjeri, da principijelne zagovornike bojkota progla\u0161avaju sumnjivim i izdajnicima. Nedeljno otre\u017enjenje \u0107e im biti bolno, ali \u0107e do narednih izbora opet sve zaboraviti.<\/p>\n<p>Poslije 46 mjeseci bjesomu\u010dnih me\u0111usobnih prozivki i najgorih podmetanja, opozicija je najzad sklopila pre\u0107utan pakt o nenapadanju. Borba za mandate je ipak va\u017enija: kako onda, tako sad.<\/p>\n<p>Uzavrele predizborne strasti dodatno je podigao kontroverzni Zakon o slobodi vjeroispovijesti. Crkva na \u010delu sa mitropolitom Amfilohijem se o\u0161tro suprostavila tom zakonskom rje\u0161enju i krenula u najmasovnije proteste ikad odr\u017eane u Crnoj Gori. Uz pomo\u0107 DPS-a, ali i dijela opozicije, sve je vra\u0107eno u \u201enormalu\u201c. A crnogorska normala su podjele i mr\u017enja, od kojoj se ne vidi \u00a0potpuni ekonomski sunovrat zemlje, korupcija i kriminal koji nas pojedo\u0161e, nepostajanje institucija.<\/p>\n<p>Poslije dana\u0161njeg otvorenog poziva mitropolita Amfilohija da se ne glasa za DPS, \u010deka nas paklena poslednja predizborna nedjelja. U njoj \u0107e biti takvih gadosti, optu\u017ebi i podmetanja, da bih je najradije prespavao. Zbog mentalnog zdravlja, prije svega. U finalu \u0107e biti, skoro sam siguran, prikazivan film \u201eZavjera\u201c, \u201eistra\u017eiva\u010dkog novinara\u201c \u0160ekija Radon\u010di\u0107a.<\/p>\n<p>Svi izbori u Crnoj Gori su bili neregularni i pokradeni. Iako jedanaesti po redu, ovaj \u201epraznik demokratije\u201c \u0107e biti poseban, jer \u0107e ga obilje\u017eiti najve\u0107e neregularnosti, pritisci, kupovina glasova i kra\u0111e do sad. Na ovim \u201eizborima\u201c DPS sa satelitima nema ve\u0107inu. Poslije dana\u0161njeg poziva Crkve da se ne glasa za njega, izgleda da opozicija ima nedosti\u017enu prednost koja se ni kra\u0111om ne mo\u017ee nadomjestiti. Ali, samo izgleda. Jer nema te razlike u glasovima koje DPS, u ovakvim izbornim uslovima i sa ovakvim \u201einstitucijama\u201c ne mo\u017ee nadoknaditi \u2013 pritiscima, kupovinom glasova i kra\u0111om &#8211; koju vi\u0161e i ne krije. Luka\u0161enkova gre\u0161ka je bila \u0161to nije do\u0161ao kod nas na obuku i po instrukcije. Ipak je trebao potra\u017eiti savjet, od, na vlasti dugovje\u010dnijeg kolege.<\/p>\n<p>Stalne podjele koja ova vlast iz izbore u izbore forsira, a koje dijelu opozicije na \u010delu sa DF-om odgovaraju \u2013 dodatno ih podgrijavaju\u0107i, napravila je nepremostivi jaz izme\u0111u Bo\u0161njaka, Albanaca i nacionalnih Crnogoraca sa jedne strane, i Srba iz Crne Gore sa druge strane. Bezrezervna vjera i podr\u0161ka SPC-u jednih, te otvoreno neprijateljstvo prema crkvi drugih, jo\u0161 vi\u0161e podgrijava tu me\u0111unacionalnu mr\u017enju. Pogotovu sad u predizbornoj kampanji, \u0161to se najbolje mo\u017ee vidjeti po komentarima na dru\u0161tvenim mre\u017eama. Mjesta za one koji su neutralni ili poku\u0161avaju zauzeti pomirljiv stav, prosto nema: ili ste bespogovorno sa nama i podr\u017eavate nas bezrezervno u svemu, ili ste nam neprijatelj i izdajnik. U najboljem slu\u010daju dobijate epitet grad\u017eaniste.<\/p>\n<p>Iako trenutno la\u017eno pomirena, opozicija nema makar neki zajedni\u010dki \u0161tab \u2013 \u010disto tehni\u010dki, sa kojim bi koliko-toliko usagla\u0161eno kontrolisala izbore i jedinstveno reagovala na izborne mahinacije i kra\u0111e, nakon izbornog dana i zavr\u0161etka glasanja izdala zajedni\u010dko saop\u0161tenje o (ne)regularnosti izbora.<\/p>\n<p>Ako DPS pobijedi na ovim izborima \u2013 \u0161to \u0107e se po mom mi\u0161ljenju desiti, opozicija ih ne\u0107e priznati. To je ve\u0107 sada svima jasno. Opozicioni glasa\u010di \u0107e u slu\u010daju novog izbornog poraza biti prosto rezignirani, vjernici SPC jo\u0161 vi\u0161e. Opozicija \u0107e biti prinu\u0111ena, voljno ili nevoljno, da u tom slu\u010daju reaguje, organizuje proteste, mo\u017eda ve\u0107 na izborno ve\u010de. Vlast \u0107e u tom slu\u010daju \u201ebraniti dr\u017eavu i izbornu volju ve\u0107ine\u201c, silom.<\/p>\n<p>Dakle, poslije nedeljnog \u201epraznika demokratije\u201c u Crnoj Gori \u0107e se samo uslo\u017eniti ionako slo\u017eena politi\u010dka situacija. Bez po\u0161tenih izbora koji \u0107e priznati svi, politi\u010dka kriza \u0107e biti stalna.<\/p>\n<p>Fer i po\u0161teni izbori su prvi preduslov vladavine prava i prvi znak osloba\u0111anja institucija. Njih mo\u017ee organizovati jedino Vlada gra\u0111anskog jednistva uz slobodan Javni servis. Postoje\u0107oj vlasti nije interes ni prvo mi drugo. Bez jakog pritiska, doma\u0107eg i inostranog, ona nije spremna na to. Potrebna nam je i kredibilna alternativa, koju, na \u017ealost, trenutno nemamo.<\/p>\n<p>P.S. Ekonomija \u0107e nam do\u0107i na red tek poslije la\u017enih i rizi\u010dnih izbora. Ekonomski kolaps, du\u017eni\u010dko ropstvo, siroma\u0161tvo i glad koji nas \u010dekaju ve\u0107 na jesen, nijesu trenutno interesantne teme pri srpstvu, crnogorstvu, dr\u017eavi i crkvi.<\/p>\n","protected":false},"excerpt":{"rendered":"<p>Pi\u0161e: Omer \u0160ARKI\u0106<\/p>\n","protected":false},"author":12,"featured_media":286086,"comment_status":"open","ping_status":"closed","sticky":false,"template":"","format":"standard","meta":{"_seopress_robots_primary_cat":"","_seopress_titles_title":"","_seopress_titles_desc":"","_seopress_robots_index":"","_et_pb_use_builder":"","_et_pb_old_content":"","_et_gb_content_width":"","inline_featured_image":false,"footnotes":""},"categories":[17],"tags":[],"class_list":["post-300303","post","type-post","status-publish","format-standard","has-post-thumbnail","hentry","category-blogovi"],"_links":{"self":[{"href":"https:\/\/www.pcnen.com\/portal\/wp-json\/wp\/v2\/posts\/300303","targetHints":{"allow":["GET"]}}],"collection":[{"href":"https:\/\/www.pcnen.com\/portal\/wp-json\/wp\/v2\/posts"}],"about":[{"href":"https:\/\/www.pcnen.com\/portal\/wp-json\/wp\/v2\/types\/post"}],"author":[{"embeddable":true,"href":"https:\/\/www.pcnen.com\/portal\/wp-json\/wp\/v2\/users\/12"}],"replies":[{"embeddable":true,"href":"https:\/\/www.pcnen.com\/portal\/wp-json\/wp\/v2\/comments?post=300303"}],"version-history":[{"count":3,"href":"https:\/\/www.pcnen.com\/portal\/wp-json\/wp\/v2\/posts\/300303\/revisions"}],"predecessor-version":[{"id":300311,"href":"https:\/\/www.pcnen.com\/portal\/wp-json\/wp\/v2\/posts\/300303\/revisions\/300311"}],"wp:featuredmedia":[{"embeddable":true,"href":"https:\/\/www.pcnen.com\/portal\/wp-json\/wp\/v2\/media\/286086"}],"wp:attachment":[{"href":"https:\/\/www.pcnen.com\/portal\/wp-json\/wp\/v2\/media?parent=300303"}],"wp:term":[{"taxonomy":"category","embeddable":true,"href":"https:\/\/www.pcnen.com\/portal\/wp-json\/wp\/v2\/categories?post=300303"},{"taxonomy":"post_tag","embeddable":true,"href":"https:\/\/www.pcnen.com\/portal\/wp-json\/wp\/v2\/tags?post=300303"}],"curies":[{"name":"wp","href":"https:\/\/api.w.org\/{rel}","templated":true}]}}