{"id":299503,"date":"2020-08-13T12:39:51","date_gmt":"2020-08-13T10:39:51","guid":{"rendered":"https:\/\/www.pcnen.com\/portal\/?p=299503"},"modified":"2020-08-13T13:34:02","modified_gmt":"2020-08-13T11:34:02","slug":"savjet-za-gradansku-kontrolu-rada-policije-i-veselin-veljovic","status":"publish","type":"post","link":"https:\/\/www.pcnen.com\/portal\/2020\/08\/13\/savjet-za-gradansku-kontrolu-rada-policije-i-veselin-veljovic\/","title":{"rendered":"Savjet za gra\u0111ansku kontrolu rada policije i Veselin Veljovi\u0107"},"content":{"rendered":"<p>Ju\u010de mi je od Savjeta za gra\u0111ansku kontrolu rada policije stigao odgovor Uprave policije upu\u0107en Savjetu 26.06.2020. godine, povodom mojih pritu\u017ebi na pona\u0161anje policije po privo\u0111enju.<\/p>\n<p>Moje izja\u0161njenje Savjetu na taj pamflet neistina koji je potpisao Veselin Veljovi\u0107 uputio sam danas. Integralno ga prenosim ovdje, na svom blogu.<\/p>\n<p>SAVJETU ZA GRA\u0110ANSKU KONTROLU RADA POLICIJE<\/p>\n<p>Predmet: Izja\u0161njenje na odgovor Uprave policije poslat od strane Savjeta, pod Br: 029\/20-18773<\/p>\n<p>Dana 12.08.2020. godine sma primio imejl od Savjeta za Gra\u0111ansku kontrolu rada policije u kome Uprava policije demantuje moje pritu\u017ebe. Odgovor Uprave policije je stigao 50 dana nakon mojih pritu\u017ebi, \u0161to samo po sebi govori o tome koliko je policija u pravu, i koliko za ozbiljno uzima Savjet za gra\u0111ansku kontrolu rada policije, te mene kao gra\u0111anina.<\/p>\n<p>Usput, isti Savjet je pri policijskoj intervenciji u Budvi, koja je prethodila protestu na kojem sam uhap\u0161en, istog dana reagovao i stao u odbrani reagovanja policije, dok meni, kao gra\u0111aninu, \u0161alje odgovor poslije 50 dana, i to od Uprave policije, a da se sam Savjet ne izja\u0161njava, niti je, o\u010digledno,\u00a0 provjerio ni\u0161ta od mojih navoda, iako je za to imao mogu\u0107nost jer sam siguran da u zgradi Uprave policije gdje smo privedeni postoji video nadzor. Tako\u0111e, neko iz Savjeta je mogao posjetiti makar pritvorsku jedinicu u kojoj sam bio smje\u0161ten odmah poslije prijema moje pritu\u017ebe, i ako ima \u010dulo mirisa i vida, uvidjeti kako pritvorska jedinica bazdi (ne smrdi, ve\u0107 bazdi) i u kakvom je stanju.<\/p>\n<p>Evo mog izja\u0161njenja povodom odgovora Uprave policije na pomenuti slu\u010daj.<\/p>\n<p>Kompletan odgovor Uprave policije je gola i drska la\u017e. Ne neistina, ve\u0107 la\u017e, koju je potpisao njen direktor Veselin Veljovi\u0107 i niko drugi sem njega, te stoga smatram da je on li\u010dno provjeravao navode iz mojih pritu\u017ebi i izrekao ovakve i ovoliko la\u017ei.<\/p>\n<p><img loading=\"lazy\" decoding=\"async\" class=\"size-full wp-image-299511 aligncenter\" src=\"https:\/\/www.pcnen.com\/portal\/wp-content\/uploads\/2020\/08\/omer1.jpg\" alt=\"\" width=\"640\" height=\"595\" srcset=\"https:\/\/www.pcnen.com\/portal\/wp-content\/uploads\/2020\/08\/omer1.jpg 640w, https:\/\/www.pcnen.com\/portal\/wp-content\/uploads\/2020\/08\/omer1-300x279.jpg 300w, https:\/\/www.pcnen.com\/portal\/wp-content\/uploads\/2020\/08\/omer1-580x539.jpg 580w\" sizes=\"(max-width: 640px) 100vw, 640px\" \/><\/p>\n<p><img loading=\"lazy\" decoding=\"async\" class=\"aligncenter size-full wp-image-299512\" src=\"https:\/\/www.pcnen.com\/portal\/wp-content\/uploads\/2020\/08\/omer2.jpg\" alt=\"\" width=\"640\" height=\"548\" srcset=\"https:\/\/www.pcnen.com\/portal\/wp-content\/uploads\/2020\/08\/omer2.jpg 640w, https:\/\/www.pcnen.com\/portal\/wp-content\/uploads\/2020\/08\/omer2-300x257.jpg 300w, https:\/\/www.pcnen.com\/portal\/wp-content\/uploads\/2020\/08\/omer2-580x497.jpg 580w\" sizes=\"(max-width: 640px) 100vw, 640px\" \/><\/p>\n<p>Idem redom:<\/p>\n<ul>\n<li>Skoro tre\u0107ina odgovora\/demantija mojih navoda poslata od strane Uprave policije se odnosi na to kako i za\u0161to sam uhap\u0161en, iako na to nijesam pisao pritu\u017ebu, ve\u0107 na postupanja nakon hap\u0161enja.<\/li>\n<\/ul>\n<p>I u tom dijelu direktor policije Veselin Veljovi\u0107 je izrekao isklju\u010divo la\u017ei, usput pokazuju\u0107i elementarno nepoznavanje me\u0111unarodnih zakona i prakse, \u010diji je potpisnik i Crna Gora, prije svega Zakona o pravu na mirno okupljanje i Slobodi na pravo mirnog okupljanja u praksi Evropskog suda za ljudska prava.<\/p>\n<p>Naime, u odgovoru UP pi\u0161e da je okupljanje bilo neprijavljeno i bez odobrenja, pa je i to valjda bio jedan od razloga za intervenciju policije. Po navedenim zakonima mirno okupljanje, ako je spontano, mo\u017ee biti neprijavljeno.<\/p>\n<p>U daljem obrazlo\u017eenju UP pi\u0161e da su u\u010desnici protesta napali policiju, a onda je policija razbila protest upotrebljavaju\u0107i sredstva<\/p>\n<p>prinude i hemijska sredstva, \u0161to je opet la\u017e. Policija je krenula da silom rastjeruje okupljene gra\u0111ane, a onda je manji dio njih zasuo policiju kamenicama. Za svo to vrijeme ja sam mirno sjedio na trotoaru, ne u\u010destvuju\u0107i ni u kakvim sukobima. Kada je intervencije policije zavr\u0161ena, tada sam priveden dok sam i dalje mirno sjedio na trotaaru, ta\u010dno preko puta ulaza u zgradu UP. Za to postoji video dokaz koji mo\u017eete vidjeti na linku:<\/p>\n<p><a href=\"https:\/\/www.vijesti.me\/vijesti\/politika\/445495\/gradjani-ispred-cb-podgorica-policija-ih-upozorila-da-se-razidju\">https:\/\/www.vijesti.me\/vijesti\/politika\/445495\/gradjani-ispred-cb-podgorica-policija-ih-upozorila-da-se-razidju<\/a> (sjedim na trotaoaru pored crvenog automobila, u plavo-bijeloj ko\u0161ulji kratkih rukava sa maskom preko lica, dok traje intervencija policije i sukobi sa protestantima).<\/p>\n<p>Po ve\u0107 pomeutim, evropskim standardima, pritvaraju se i primjenjuje se sila samo na one u\u010desnike protesta koji izazivaju nemire ili pru\u017eaju otpor, a ne na one koji na miran na\u010din izra\u017eavaju protest, kao \u0161to sam to radio ja.<\/p>\n<p>No, sve \u0107u to dokazati u postupku \u010dak i pred zarobljeniom sudstvom, zato sami \u010din pritvaranja \u00a0nije bilo predmet moje pritu\u017ebe.<\/p>\n<ol>\n<li>U odgovoru Uprave policije se dalje ka\u017ee kako se dr\u017eavni tu\u017eilac izjasnio da postoji osnovana sumnja da sam izvr\u0161io krivi\u010dno djelo nepostupanja po naredbi za udaljavanje iz \u010dlana 379. stav 1 KZ CG, \u0161to, ponavljam nije bio predmet moje pritu\u017ebe, ali\u00a0 jasno pokazaju da zarobljeno, partijsko i nestru\u010dno tu\u017eila\u0161to u zemlji koja su gu\u0161i\u00a0 u korupciji i kriminalu, ne poznaje evropske zakone o mirnom okupljanju koje garantuje pravo na spontano i mirno iskazivanje protesta i kada je neprijavljeno, kako sam ja protestovao \u2013 \u0161to dokazuje pomenuti snimak.<\/li>\n<li>U odgovoru Veselina Veljovi\u0107a se ka\u017ee da smo zbog zauzetosti pritvorskih prostorija, bili zadr\u017eani u drugim adekvatnim (?) prostorijama. Ako je adekvatna prostorija prostor od oko 40 kvm u kojoj je bilo smje\u0161teno nas oko 25, na stolicama, cijelu no\u0107, ta\u010dnije 12 sati, bez mogu\u0107nosti za san, onda je sve u na\u0161oj policiji \u201eadekvatno\u201c. Mene kao (neosnovano) pritvorenog gra\u0111anina ne interesuje i ne treba da interesuje \u0161to nam je policija postalo jedino \u201eprofitabilno\u201c preduze\u0107e u kome nema mjesta u pritvorima od njihovih (neosnovanih) hap\u0161enja.<\/li>\n<li>Napominje se da su u navedenim prostorijama po\u0161tovane mjere i preporuke NKT-a, \u0161to je la\u017e nad la\u017eima Veselina Veljovi\u0107a. U navedenoj prostoriji niko nije nosio maske osim mene, kasnije i pritvorenik Kadi\u0107. Niko od desetak policajaca\/\u010duvara koji su se smjenjivali nije nosio za\u0161titnu masku \u2013 kako tvrdi Veselin Veljovi\u0107, a svi smo sjedjeli jedni do drugih, bez ikakvog odstojanja.<\/li>\n<li>U odgovoru Veselina Veljovi\u0107a pi\u0161e da sam potpisao nekakav informativni list preko koga sam upoznat sa pravima i obavezama i na pravo da upoznam svoje najbli\u017ee i obavijestim ih o li\u0161enju slobode. Jo\u0161 jedna drska la\u017e Veselina Veljovi\u0107a. Nikakav informativni list nijesam primio, jo\u0161 manje potpisao, a na kulturno upu\u0107en zahtjev da mi se omogu\u0107i da javim telefonom svom malodobnom sinu od devet godina, kako bih ga obavijestio da sam uhap\u0161en i da se nekako sna\u0111e jer sam mu jedini staratelj, pretpostavljeni komandir se oglu\u0161io o zahtjev. To mi je omogu\u0107eno oko 22.00 sata, jedan ipo sat poslije privo\u0111ena, na moju ponovni zahtjev. Dijete se u mu\u0111evremenu uzele moje poznanice koje su preko sredstava informisanja \u010dule za hap\u0161enje.<\/li>\n<\/ol>\n<p>Napominjem da su uslovi da mi se omogu\u0107i taj poziv ste\u010deni odmah poslije privo\u0111enja u navedenu prostoriju jer su tada prestale sve policijska aktivnosti, a u prostoriji je vladao potpuni mir i nije bilo nikakvih ekscesa, tako da je to jo\u0161 jedna drska la\u017e Veselina Veljovi\u0107a, jedinog potpisnika ovog policijskog izvje\u0161taja tj. konglomerata drskih la\u017ei.<\/p>\n<ul>\n<li>U izvje\u0161taju se ka\u017ee da mi je poslu\u017een obrok i omogu\u0107eno to pravo.<\/li>\n<\/ul>\n<p>\u201eObrok\u201c mi je poslu\u017een poslije 13.30 sati (kao i svima ostalima) od momenta hap\u0161enja. Privedni smo u 20.30, \u201eobrok\u201c nam je poslu\u017een sjutradan u 10.00 sati. \u201eObrok\u201c se sastoja od dva par\u010deta hljeba sa sirom i par\u010detopm svinjske salame. Po njegovom dostavljanu (\u0161to nijesam opisao u pritu\u017ebi), isti sam samo odlo\u017eio sa strane jer sam islamske vjeroispovjesti (\u0161to je UP mogla zaklju\u010diti iz mog imena). Tada je pritvorenik Milun Zogovi\u0107 koji je bio sa mnom u pritvorskoj jedinici pozvao stra\u017eara, rekao mu da sam musliman i da ne jedem svinjsku salamu, nakon \u010dega je stra\u017ear donio sendvi\u010d sa sirom, bez salame.<\/p>\n<p>Toliko o ovom izvje\u0161taju Veselina Veljovi\u0107a i njegovom ta\u010dno\u0161\u0107u.<\/p>\n<p>Pored ovoliko izre\u010denih la\u017ei od strane direktora policije povodom relativno benignog slu\u010daja, sada jo\u0161 vi\u0161e sumnjam da je bio jedan od glavnih aktera etni\u010dkog \u010di\u0161\u0107enja Bo\u0161njaka iz Bukovice svojevremeno, za \u0161to mi godinama sti\u017eu informacije i tvrdnje, kao jednom od osniva\u010da REKOM-a za Crnu Goru. Jer, ako ovoliko la\u017ee za ovaj slu\u010daj, mogu pretpostaviti koliko je spreman da la\u017ee i koliko je lagao u tom slu\u010daju.<\/p>\n<p>Na samom kraju, spreman sam da se podvrgem dektoru la\u017ei za sve moje tvrdnje u prvoj pritu\u017ebi i ovom odgovoru, kao i da se suo\u010dim sa svim policijskim slu\u017ebenicima koje tvrde da ne\u0161to od nevedenog nije ta\u010dno, kao i \u00a0sa Veselinom Veljovi\u0107em \u2013 potpisnikom ovih drskih neistina i la\u017ei.<\/p>\n<p>Omer \u0160arki\u0107<\/p>\n<p>&nbsp;<\/p>\n<p>&nbsp;<\/p>\n","protected":false},"excerpt":{"rendered":"<p>Pi\u0161e: Omer \u0160ARKI\u0106<\/p>\n","protected":false},"author":12,"featured_media":286086,"comment_status":"open","ping_status":"closed","sticky":false,"template":"","format":"standard","meta":{"_seopress_robots_primary_cat":"","_seopress_titles_title":"","_seopress_titles_desc":"","_seopress_robots_index":"","_et_pb_use_builder":"","_et_pb_old_content":"","_et_gb_content_width":"","inline_featured_image":false,"footnotes":""},"categories":[17],"tags":[],"class_list":["post-299503","post","type-post","status-publish","format-standard","has-post-thumbnail","hentry","category-blogovi"],"_links":{"self":[{"href":"https:\/\/www.pcnen.com\/portal\/wp-json\/wp\/v2\/posts\/299503","targetHints":{"allow":["GET"]}}],"collection":[{"href":"https:\/\/www.pcnen.com\/portal\/wp-json\/wp\/v2\/posts"}],"about":[{"href":"https:\/\/www.pcnen.com\/portal\/wp-json\/wp\/v2\/types\/post"}],"author":[{"embeddable":true,"href":"https:\/\/www.pcnen.com\/portal\/wp-json\/wp\/v2\/users\/12"}],"replies":[{"embeddable":true,"href":"https:\/\/www.pcnen.com\/portal\/wp-json\/wp\/v2\/comments?post=299503"}],"version-history":[{"count":9,"href":"https:\/\/www.pcnen.com\/portal\/wp-json\/wp\/v2\/posts\/299503\/revisions"}],"predecessor-version":[{"id":299520,"href":"https:\/\/www.pcnen.com\/portal\/wp-json\/wp\/v2\/posts\/299503\/revisions\/299520"}],"wp:featuredmedia":[{"embeddable":true,"href":"https:\/\/www.pcnen.com\/portal\/wp-json\/wp\/v2\/media\/286086"}],"wp:attachment":[{"href":"https:\/\/www.pcnen.com\/portal\/wp-json\/wp\/v2\/media?parent=299503"}],"wp:term":[{"taxonomy":"category","embeddable":true,"href":"https:\/\/www.pcnen.com\/portal\/wp-json\/wp\/v2\/categories?post=299503"},{"taxonomy":"post_tag","embeddable":true,"href":"https:\/\/www.pcnen.com\/portal\/wp-json\/wp\/v2\/tags?post=299503"}],"curies":[{"name":"wp","href":"https:\/\/api.w.org\/{rel}","templated":true}]}}