{"id":299207,"date":"2020-08-09T22:39:22","date_gmt":"2020-08-09T20:39:22","guid":{"rendered":"https:\/\/www.pcnen.com\/portal\/?p=299207"},"modified":"2020-08-10T12:16:07","modified_gmt":"2020-08-10T10:16:07","slug":"mjestani-kuti-traze-da-se-zastite-puti","status":"publish","type":"post","link":"https:\/\/www.pcnen.com\/portal\/2020\/08\/09\/mjestani-kuti-traze-da-se-zastite-puti\/","title":{"rendered":"Mje\u0161tani Kuti tra\u017ee da se za\u0161tite puti"},"content":{"rendered":"<p>Ispod Grebena, gdje su uo\u010di balkanskih ratova Crnogorci vodili odlu\u010duju\u0107e bitke sa osmanlijskom vojskom, mje\u0161tani sela Kuti, kako tvrde, istim intenzitetom vode bitku za odbranu seoskog puta.<\/p>\n<p>Podgori\u010danin Ranko Novovi\u0107 ro\u0111en je u Kutima, tamo ljetuje, i ka\u017ee da su mu dva djeda poginula u toj bici i da \u0107e istim \u017earom braniti te\u0161kim pretovarenim kamionima da novoizgra\u0111enim putem izvoze \u0161umu.<\/p>\n<p>Mje\u0161tani su jutros na nekoliko sati blokirali osam kamiona drvne (ve\u0107inom bukove) gra\u0111e i uspjeli nadle\u017ene da natjeraju da izmjere te\u017einu vozila, kako bi se utvrdilo da li je do\u0161lo do prekora\u010denja nosivosti. Nekoliko puta u tome nijesu uspjeli, ve\u0107 su samo &#8220;popili\u201c prekr\u0161ajne prijave zbog ometanja saobra\u0107aja. Komunalni inspektor i saobra\u0107ajni policajci jutros su utvrdili da je jedan kamion prekora\u010dio zakonsku nosivost, dok je dogovoreno da ni ostali ne voze te\u0161ke tovare nezavr\u0161enim kutskim putem.<\/p>\n<p><iframe loading=\"lazy\" title=\"Mje\u0161tani blokirali put, nakon rasprava kamioni izvagani\" width=\"1080\" height=\"608\" src=\"https:\/\/www.youtube.com\/embed\/BFF1ulksynM?feature=oembed\" frameborder=\"0\" allow=\"accelerometer; autoplay; clipboard-write; encrypted-media; gyroscope; picture-in-picture; web-share\" allowfullscreen><\/iframe><\/p>\n<h2>Prvi seoski asfalt uni\u0161tili koncesionari<\/h2>\n<p>Andrijevi\u010dko selo na Kutskoj rijeci, kako pri\u010daju mje\u0161tani, prvo je u toj op\u0161tini prije skoro 40 godina dobilo kvalitetan asfaltiran put. Saobra\u0107ajnicu je izgradila vojska tada\u0161nje Jugoslavije.<\/p>\n<p>Njihovi problemi, kako tvrde, kre\u0107u po\u010detkom devedesetih sa privatizacijom \u0160umsko-industrijskog kombinata &#8220;Polimlje\u201c. To dr\u017eavno preduze\u0107e tada je pre\u0161lo u ruke kompanije &#8220;Boj commerce\u201c, \u010diji vlasnici \u2013 bra\u0107a Dobroslav i Dragoslav Bojovi\u0107 imaju veze sa Kutima, odakle im je majka. Bojovi\u0107i su iz Boji\u0107a i poznati su biznismeni i u Beogradu.<\/p>\n<p>Od kada su njihove kom\u0161ije preuzele koncesije nad \u0161umama iznad Kuti, mje\u0161tani ka\u017eu da su te\u0161kim kamionima put totalno uni\u0161tili. Nedavno su uspjeli rekonstrukciju i afaltiranje puta da dogovore sa kompanijom &#8220;Igma Energy\u201c, koja gradi male hidrocentrale na Kutskoj rijeci. Me\u0111utim, iako put jo\u0161 nijesu zavr\u0161ili (postavljen je jedan sloj asfalta), kompanija \u201eBoj commerce\u201c je iznenada, nakon pauze od \u0161est mjeseci, ponovo po\u010dela da izvozi \u0161umu. Na nekoliko mjesta je o\u0161te\u0107en novoasfaltirani put, a mje\u0161tani strahuju da \u0107e ga kamioni ponovo uni\u0161titi, s obzirom na to da jo\u0161 nije zavr\u0161en.<\/p>\n<p>&#8220;Taj put koji nije zavr\u0161en, niti pu\u0161ten u funkciju neko koristi tako da ga devastira i da fakti\u010dki od puta nemamo a ma ba\u0161 ni\u0161ta\u201c, ka\u017ee Novovi\u0107 za PCNEN.<\/p>\n<p>Jovica Vu\u010delji\u0107, predsjednik Savjeta Mjesne zajednice (MZ) tri sela \u0110uli\u0107i, Cecuni i Kuti, tvrdi da je rije\u010d o organizovanoj kriminalnoj grupi &#8220;koja ne preza ni od \u010dega i koja vr\u0161i pravno nasilje nad stanovni\u0161tvom\u201c.<\/p>\n<p>&#8220;Za dvadeset i ne\u0161to godina postojanja firme \u2019Boj commerce\u2019, svi asfaltni putevi koji su postojali na teritoriji op\u0161tine Andrijevica su uni\u0161teni. Tako je uni\u0161ten i ovaj na\u0161 put\u201c, ka\u017ee Vu\u010delji\u0107 za PCNEN.<\/p>\n<p>Na\u0161i reporteri su se uvjerili u istinitiost njegovih rije\u010di da je put gotovo netaknut izvi\u0161e mjesta gdje kamioni skre\u0107u za \u0161umu.<\/p>\n<p>&#8220;Izdejstvovali smo preko privrednika koji rade hidrocentrale da ne\u0161to urade po pitanju odr\u017eavanja ovog sela i po pitanju razvoja seoskog turizma i zapo\u0161ljavanja mladih ljudi koji nemaju gdje da se zaposle. Me\u0111utim, pojedinci koji su pre\u010di i iznad zakona jednostavno ne dozvoljavaju da se nastavi \u017eivot ovdje\u201c, ocjenjuje Vu\u010delji\u0107.<\/p>\n<p>On tvrdi da je sa grupom mje\u0161tana posjetio gradona\u010delnika Andrijevice Sr\u0111ana Ma\u0161ovi\u0107a i sa njim su dogovorili da se ne kre\u0107u kamioni kutskom saobra\u0107ajnicom dok se put ne zavr\u0161i. Me\u0111utim, kako ka\u017ee, koncesionari ne po\u0161tuju dogovor, dok predstavnici op\u0161tine, umjesto njih, ka\u017enjavaju mje\u0161tane.<\/p>\n<p>&#8220;Bili smo samo za to da se put zavr\u0161i, da se postavi saobra\u0107ajni znak. Ako znak ka\u017ee nosivost sedam tona, a nosivost je sedam tona &#8211;\u00a0 neka \u0107eraju, niko im ne\u0107e braniti\u201c, isti\u010de Vu\u010delji\u0107.<\/p>\n<p>Ranko Novovi\u0107 ka\u017ee da su se njihovi preci borili da Kuti budu dio Crne Gore, a ve\u0107 trideset godina ne mogu da u\u017eivaju u ljepotama tog kraja.<\/p>\n<p>&#8220;Ovo selo ne bi ni bilo sad dio Crne Gore da nije bilo na\u0161ih predaka. Ovdje se granica obilje\u017eavala krvlju. Tu su moja dva \u0111eda poginula i iz svake ku\u0107e ima \u017ertava. I umjesto da u\u017eivamo i jedva smo do\u010dekali posle trideset godina put da dobijemo\u201c, ka\u017ee Novovi\u0107.<\/p>\n<p>Njegov kom\u0161ija Bratislav \u0110uki\u0107 tvrdi da oni ne brane \u0161umu, niti put, ve\u0107 da se put adekvatno izgradi i napravi.<\/p>\n<p>&#8220;Koncesionari treba da sa\u010dekaju da se to zavr\u0161i, a oni su nestrpljivi. Ne znamo iz kojih razloga. A onda smo gre\u0161ni mi, seljani, \u0161to branimo interese gra\u0111ana, dr\u017eave, dru\u0161tva, a ne ljudi koji vr\u0161e eksploataciju \u00a0\u0161ume u nedozvoljenim koli\u010dinama, na nedozvoljenom putu, i oni treba da budu sankcionisani i njihovi predstavnici\u201c, smatra \u0110uki\u0107.<\/p>\n<h2>Inspektora Stojanovi\u0107a do\u010dekali &#8216;na no\u017e&#8217;<\/h2>\n<p>Jovica Vu\u010delji\u0107 pozvao je komunalnu inspekciju op\u0161tine Andrijevica i policiju kako bi se blokirani kamioni izmjerili zbog sumnje da su pretovareni, ali i da bi se donijelo rje\u0161enje o zabrani izvoza \u0161ume dok se put ne zavr\u0161i.<\/p>\n<p>Dugo o\u010dekivanog komunalnog inspektora Gorana Stojanovi\u0107a desetak okupljenih mje\u0161tana do\u010dekalo je &#8220;na no\u017e\u201c, s obzriom na to da im je isti ranije napisao nekoliko prekr\u0161ajnih prijava. Gra\u0111ane je iznervirao i drski nastup Stojanovi\u0107a, naro\u010dito bra\u0107u \u0110uki\u0107, koji su &#8220;popili\u201c vi\u0161e prijava.<\/p>\n<p>Imanje Nova \u0110uki\u0107a se sa obje strane grani\u010di sa putem koji vodi do \u0161ume, a, kako tvrdi, put zalazi i u njegovo imanje. Me\u0111utim, Stojanovi\u0107 mu je napisao prijavu jer je svoj kamion parkirao neposredno uz put, na svom imanju. Zbog toga je \u0110uki\u0107 najavio tu\u017ebu protiv inspektora. Stojanovi\u0107 se pravdao time da nije morao da zna da je put privatni, jer nije bio postavljen znak koji ka\u017ee da je privatan posjed.<\/p>\n<p>Stojanovi\u0107 je gra\u0111anima saop\u0161tio da nemaju takozvanu &#8220;mobilnu vagu\u201c, ve\u0107 da bi morali propustiti kamione kako bi se izmjerili u andrijevi\u010dkoj kompaniji &#8220;Biotel\u201c.<\/p>\n<p>Mje\u0161tanima se nije previ\u0161e svidjela ideja, ali su pristali uz uslov da sami prisustvuju mjerenju.<\/p>\n<p>Me\u0111utim, kada su kamioni do\u0161li do &#8220;Biotela\u201c, iz te kompanije su obavijestiili inspektora i gra\u0111ane da vaga ne radi. Stojanovi\u0107 je tada rekao da se prethodno nije \u010duo sa tom kompanijom, ve\u0107 da su nenajavljeni do\u0161li da mjere osam kamiona natovarenih drvnom gra\u0111om. Okupljeni nijesu povjerovali u tu pri\u010du, dok je Stojanovi\u0107 nadle\u017enost prebacao na policiju.<\/p>\n<p>Nakon revolta gra\u0111ana, Stojanovi\u0107 je iznio novi predlog \u2013 da se kamioni vagaju na carinskom terminalu u Beranama, smje\u0161tenom u kompleksu fabrike &#8220;Polimlje\u201c, \u010diji je vlasnik andrijevi\u010dki koncesionar \u0161uma &#8220;Boj commerce\u201c. Iako ni ta ideja nije odu\u0161evila mje\u0161tane, pristali su na to \u2013 samo da bi istrajali na mjerenju kamiona.<\/p>\n<p>U Beranama je vaga radila i kamioni su izmjereni. Jedan od kamiona je bio pretovaren, dok su ostali bili u granicama nosivosti. Me\u0111utim, kako su pojasnili, te granice nosivosti va\u017ee za puteve sa utvr\u0111enom saobra\u0107ajnom signalizacijom, dok su prete\u0161ki za puteve u izgradnji.<\/p>\n<p>Stojanovi\u0107 je gra\u0111anima rekao da \u0107e donijeti rje\u0161enje o zabrani izvoza \u0161ume kutskim putem, dok se ne izgradi saobra\u0107ajnica, kako se dana\u0161nje nemile scene ne bi ponavljale.<\/p>\n<p><iframe loading=\"lazy\" title=\"Komunalni inspektor legitimi\u0161e i novinare\" width=\"1080\" height=\"608\" src=\"https:\/\/www.youtube.com\/embed\/In1F3bPMuI4?feature=oembed\" frameborder=\"0\" allow=\"accelerometer; autoplay; clipboard-write; encrypted-media; gyroscope; picture-in-picture; web-share\" allowfullscreen><\/iframe><\/p>\n<blockquote><p>&#8212;&#8212;&#8212;&#8212;&#8212;&#8212;&#8212;&#8212;&#8212;&#8212;&#8211;<\/p>\n<h2>Komunalni inspektor legitimisao novinara PCNEN-a<\/h2>\n<p>Komunalni inspektor Goran Stojanovi\u0107 imao je krajnje neobi\u010dan pristup na terenu u Kutima. Pored toga \u0161to je rekao\u00a0 da ako \u017eeli\u00a0 svoje vozilo mo\u017ee da parkira mje\u0161tanima i &#8220;u ba\u0161ti\u201c i da ima &#8220;vi\u0161e \u0161kole\u201c od svog kolege inspektora iz op\u0161tine, njegova prva slu\u017ebena radnja nakon \u0161to je stigao bila je legitimisanje novinara PCNEN-a Vuka Vujisi\u0107a.<\/p>\n<p>Iako je izrazio sumnju u nadle\u017enost komunalnog inspektora da ga legitimi\u0161e i pitao da li\u010dni dokument poka\u017ee prisutnim policijskim slu\u017ebenicima, Stojanovi\u0107 je to odbio i kazao kako njemu Zakon daje to pravo. Nakon toga mu je Vujisi\u0107 dao svoju li\u010dnu kartu na uvid, ali mu nije dozvolio da istu fotografi\u0161e &#8220;radi u\u0161tede na vremenu\u201c.<\/p>\n<p>Na pitanje o razlogu legitimisanja, Stojanovi\u0107 je pojasnio da &#8220;mora znati koje \u0107e informacije da se objave i gdje\u201c.<\/p>\n<p>Stojanovi\u0107, me\u0111utim, nije na isti na\u010din legitimisao ostale novinare koji su tamo bili prisutni sa kamerom u rukama.<\/p>\n<p>U Zakonu o komunalnim djelatnostima, koji reguli\u0161e nadle\u017enosti komunalnih inspektora i komunalnih policajaca, ne pi\u0161e da ti slu\u017ebenici mogu legitimisati lica koja nijesu predmet nadzora. U Zakonu o inspekcijskom nadzoru, na koji se Stojanovi\u0107 pozvao, pi\u0161e da inspektori mogu da utvr\u0111uju identitet &#8220;subjekta nadzora i drugih lica\u201c.\u00a0 Me\u0111utim, iz teksta zakona nije jasno da li se termin &#8220;druga lica\u201c odnosi na sva ostala fizi\u010dka lica ili na lica povezana sa subjektom nadzora.<\/p>\n<p>Pravni eksperti, me\u0111utim, tvrde da komunalni inspektori ne bi smjeli da legitimi\u0161u lica koja nijesu povezani sa predmetom inspekcije, pogotovo ne ako je rije\u010d o predstavnicima javnosti.<\/p>\n<p>Na konstataciju Vujisi\u0107a da je inspektor prekora\u010dio svoje nadle\u017enosti, Stojanovi\u0107 mu je dao druga\u010dije obrazlo\u017eenje u odnosu na prvi put:<\/p>\n<p>&#8220;Ja moram da znam ko mene legitimi\u0161e.\u201c<\/p>\n<p>Ostaje nejasno na koji na\u010din je novinar PCNEN-a legitimisao Stojanovi\u0107a, za\u0161to inspektor nije legitimisao i druge novinare i koji je pravni osnov legitimisanja Vujisi\u0107a.<\/p><\/blockquote>\n<p><strong>Ivan \u010cA\u0110ENOVI\u0106<\/strong><br \/>\n<strong>Vuk VUJISI\u0106<\/strong><\/p>\n","protected":false},"excerpt":{"rendered":"<p>Stanovnici sela u andrijeva\u010dkoj op\u0161tini sprije\u010dili koncesionare da voze nezavr\u0161enom saobra\u0107ajnicom<\/p>\n","protected":false},"author":1,"featured_media":299208,"comment_status":"open","ping_status":"closed","sticky":false,"template":"","format":"standard","meta":{"_seopress_robots_primary_cat":"","_seopress_titles_title":"","_seopress_titles_desc":"","_seopress_robots_index":"","_et_pb_use_builder":"","_et_pb_old_content":"","_et_gb_content_width":"","inline_featured_image":false,"footnotes":""},"categories":[14,12],"tags":[],"class_list":["post-299207","post","type-post","status-publish","format-standard","has-post-thumbnail","hentry","category-vijesti","category-prica-dana"],"_links":{"self":[{"href":"https:\/\/www.pcnen.com\/portal\/wp-json\/wp\/v2\/posts\/299207","targetHints":{"allow":["GET"]}}],"collection":[{"href":"https:\/\/www.pcnen.com\/portal\/wp-json\/wp\/v2\/posts"}],"about":[{"href":"https:\/\/www.pcnen.com\/portal\/wp-json\/wp\/v2\/types\/post"}],"author":[{"embeddable":true,"href":"https:\/\/www.pcnen.com\/portal\/wp-json\/wp\/v2\/users\/1"}],"replies":[{"embeddable":true,"href":"https:\/\/www.pcnen.com\/portal\/wp-json\/wp\/v2\/comments?post=299207"}],"version-history":[{"count":5,"href":"https:\/\/www.pcnen.com\/portal\/wp-json\/wp\/v2\/posts\/299207\/revisions"}],"predecessor-version":[{"id":299244,"href":"https:\/\/www.pcnen.com\/portal\/wp-json\/wp\/v2\/posts\/299207\/revisions\/299244"}],"wp:featuredmedia":[{"embeddable":true,"href":"https:\/\/www.pcnen.com\/portal\/wp-json\/wp\/v2\/media\/299208"}],"wp:attachment":[{"href":"https:\/\/www.pcnen.com\/portal\/wp-json\/wp\/v2\/media?parent=299207"}],"wp:term":[{"taxonomy":"category","embeddable":true,"href":"https:\/\/www.pcnen.com\/portal\/wp-json\/wp\/v2\/categories?post=299207"},{"taxonomy":"post_tag","embeddable":true,"href":"https:\/\/www.pcnen.com\/portal\/wp-json\/wp\/v2\/tags?post=299207"}],"curies":[{"name":"wp","href":"https:\/\/api.w.org\/{rel}","templated":true}]}}