{"id":298780,"date":"2020-08-05T13:22:28","date_gmt":"2020-08-05T11:22:28","guid":{"rendered":"https:\/\/www.pcnen.com\/portal\/?p=298780"},"modified":"2020-08-05T14:28:18","modified_gmt":"2020-08-05T12:28:18","slug":"ombudsman","status":"publish","type":"post","link":"https:\/\/www.pcnen.com\/portal\/2020\/08\/05\/ombudsman\/","title":{"rendered":"Ombudsman"},"content":{"rendered":"<p>Po\u0161tom mi je 03.8.2020. godine stigao poziv od Kancelarije Ombudsmana u kojim me obavje\u0161tavaju da su iz medija saznali za moj slu\u010daj i\u00a0 postupanju policijskih slu\u017ebenika, te da su samoinicijativno odlu\u010dili da ga istra\u017ee, uz moju saglasnost. Poslije davanja pismene saglasnosti, zamoljen sam za dopunska obavje\u0161tenja o oba slu\u010daja.<\/p>\n<p>Prijatno me je iznenadilo da se je neka institucija, samoinicijativno, zainterosavala za rje\u0161avanja problema u dru\u0161tvu, jer sve institucije u Crnoj Gori smatram partijskim i zarobljenim, \u0161to sam im napisao u prvom odgovoru.<\/p>\n<p><img loading=\"lazy\" decoding=\"async\" class=\"aligncenter size-full wp-image-298787\" src=\"https:\/\/www.pcnen.com\/portal\/wp-content\/uploads\/2020\/08\/Ombudsman.jpg\" alt=\"\" width=\"640\" height=\"675\" srcset=\"https:\/\/www.pcnen.com\/portal\/wp-content\/uploads\/2020\/08\/Ombudsman.jpg 640w, https:\/\/www.pcnen.com\/portal\/wp-content\/uploads\/2020\/08\/Ombudsman-284x300.jpg 284w, https:\/\/www.pcnen.com\/portal\/wp-content\/uploads\/2020\/08\/Ombudsman-580x612.jpg 580w\" sizes=\"(max-width: 640px) 100vw, 640px\" \/><\/p>\n<p>&nbsp;<\/p>\n<p>Moj drugi odgovor &#8211; iskaz\u00a0 upu\u0107en Kancelariji Za\u0161titniku ljudskih prava i sloboda, prenosim integralno.<\/p>\n<p>Po\u0161tovani,<\/p>\n<p>Povodom dopisa broj 01-598\/20-2 u kojem ste samoninicijativno izrazili interesovanje o postupanju policijskih slu\u017ebenika Uprave policije u mom slu\u010daju, radi pokretanja postupka ispitivanja povrede ljudskih prava, te telefonskog razgovora koji sam obavio sa Va\u0161im upo\u0161ljenikom 04.08.2020. godine u kojem sam zamoljen da detaljnije i pismeno opi\u0161em postupanja policije, a zbog nemogu\u0107nosti Va\u0161e kancelarije da me li\u010dno ispita zbog aktuelne epidimiolo\u0161ke situacije, u skladu sa dogovorom, dajem Vam slede\u0107i, pismeni iskaz\/obavje\u0161tenje:<\/p>\n<p>Prvi slu\u010daj:<\/p>\n<ol start=\"24\">\n<li>juna sam do\u0161ao na spontani protest koji je organizovan ispred Centra bezbijednosti Podgorica, a zbog policijske torture koja se prethodnog dana dogodila u Budvi, kr\u0161enja Usatava i slobodno izra\u017eene volje gra\u0111ana na izborima, o\u010diglednom politi\u010dkom korupcijom. Dakle, protestovao sam mirno, sjede\u0107i na trotoar. Kada su izbili sukobi policije i protestanata, nastavio sam da sjedim mirno, ne u\u010destvuju\u0107i u sukobima. Dokaz je snimak koji mo\u017eete vidjeti na slede\u0107em linku <a href=\"https:\/\/borba.me\/represija-i-u-podgorici-uhapseni-poslanici-df-a-milun-zogovic-i-marina-jocic-vise-lica-privedeno\/\">https:\/\/borba.me\/represija-i-u-podgorici-uhapseni-poslanici-df-a-milun-zogovic-i-marina-jocic-vise-lica-privedeno\/<\/a>. Na snimku se mo\u017ee jasno vidjeti da cijelo vrijeme mirno sjedim na trotoaru, preko puta CB Podgorica, dok policija interveni\u0161e i potiskuje demonstrante duboko iza mojih le\u0111a, gdje i nastaju sukobi. Cijelo vrijeme \u2013 \u0161to pokazuje snimak, ja mirno sjedim, sa za\u0161titnom maskom preko lica (osoba u kariranoj, plavoj ko\u0161ulji, kratkih rukava, sjedim na trotoaru pored autmobila \u201cGolf\u201d crvene boje).<\/li>\n<\/ol>\n<p>Po zavr\u0161etku intervencije prilazi mi policijski slu\u017ebenik, pita me za\u0161to sjedim tu, obja\u0161njavam mu da na taj na\u010din izra\u017eavam protest. On me tada, bez upotrebe sile privodi.<\/p>\n<p>\u0160to se de\u0161avalo po privo\u0111enju mo\u017eete se informisati u slede\u0107em tekstu: <a href=\"https:\/\/www.pcnen.com\/portal\/2020\/06\/26\/savjetu-za-gradansku-kontrolu-rada-policije\/\">https:\/\/www.pcnen.com\/portal\/2020\/06\/26\/savjetu-za-gradansku-kontrolu-rada-policije\/<\/a><\/p>\n<p>Kako mi Savjet za kontrolu rada policije nije odgovorio o preduzetim mjerama u razumnom roku, 24.07.2020. godine (mjesec dana kasnije) sam im poslao mail, tra\u017ee\u0107i obavje\u0161tenje da li su ne\u0161to preduzeli po navedenoj pritu\u017ebi. Odgovor sam dobio tako\u0111e elektronskom po\u0161tom, dan kasnije, citiram ga:<\/p>\n<p>\u201cUvazeni gdine Sarkicu,<\/p>\n<p>povodom e maila a koji ste uputili obavjestavamo da je Savjet u ocekivanju odgovora Uprave policije povodom Vaseg slucaja, te da je stim u vezi uputio urgenciju u cilju njegovog pribavljanja u sto skorijem roku.<\/p>\n<p>IZ SAVJETA\u201d(bez potpisa, moja primjedba)<\/p>\n<p>Do danas jo\u0161 nijesam dobio odgovor.<\/p>\n<p>Drugi slu\u010daj:<\/p>\n<p>Dana 09.07.2020. godine sam napisao slede\u0107i status na svojoj fejsbuk stranici:<\/p>\n<p>\u201cVanredna vijest:<\/p>\n<p>Danas \u0107e DF organizovati protest ispred ambasade Srbije u Podgorici, zbog torture policije nad demonstrantima u Beogradu. Protest \u0107e medijski pokrivati in4s i borba.me.<\/p>\n<p>U saop\u0161tenju DF-a povodom dana\u0161njeg protesta, pored ostalog se ka\u017ee:<\/p>\n<p>\u201cOgor\u010deni smo postupanjem Vu\u010di\u0107eve policije i krvni\u010dkog batinjanja srpskog naroda na protestima u Beogradu. Ne moramo se slagati sa demonsteantima, ali principijelno stajemo u podr\u0161ci da svi ljudi imaju pravo da protestima iskazuju svoj stav. I mi smo tu\u010deni, prebijani, gu\u0161eni suzavcem od strane \u0110ukanovi\u0107eve policije, stoga nam je moralna obaveza da stanemo u za\u0161titu protestanata u Beogradu.\u201d<\/p>\n<p>Na protestu ispred ambasade Srbije u Crnoj Gori govori\u0107e Marina Jo\u010di\u0107, a pismo solidarnisti sa demonstrantima iz Beograda koje je napisao Andrija Mandi\u0107, pro\u010dita\u0107e \u010dasni i po\u0161teni profesor Branko Radulovi\u0107.\u201d<\/p>\n<p>Ko god imalo prati politi\u010dka zbivanja jasno vidi iz objave, da je on ironi\u010dan, da nije nikakav poziv na protest, ve\u0107 sarkasti\u010dna prozivka \u010delnika Demokratskog fronta i navedenih portala, koji su nalazili opravdanja za torturu policije u Beogradu, a \u00a0veoma su glasni u osudama sli\u010dnih policijskih intervencija u Crnoj Gori. Uz to, moje fejsbuk objave nijesu javne, ve\u0107 samo za moje fejsbuk prijatelje. Me\u0111utim, nekoliko sati poslije ove objave, do\u0161la su dva policajca na moj ku\u0107ni prag, sa pismenim nalogom da se javim radi saslu\u0161anja povodom \u201csporne\u201d objave. Policajci su bili veoma korektni. Ponudili su mi da mogu sam do\u0107i u Cengtar bezbijednosti na saslu\u0161anje \u201cali najkasnije u narednih pola sata, da kom\u0161ije ne bi gledale kako me policija privodi\u201d.<\/p>\n<p>U nazna\u010denom roku sam se pojavio u Centar bezbjednosti Podgorica. Poslije \u010dekanja od nekih pola sata, saslu\u0161ao me je policijski slu\u017ebenik, kome je o\u010digledno bilo neprijatno kada je vidio razlog zbog \u010dega sam pozvan na saslu\u0161anje. Saop\u0161tio mi je da mu je jasno da je u pitanju ironi\u010dna objava, a ne nikakav poziv na protest, ali kako je obavije\u0161ten tu\u017eioc, mora uraditi sve procesne radnje, obavijestiti tu\u017eioca, koji \u0107e me, siguran je, odmah osloboditi.<\/p>\n<p>Tako se i desilo. U policiji sam se, sa pomenutim \u010dekanjem, zadr\u017eao oko 1,30 sat i(od 19.30 do 21.00), kada sam poslije davanja izjave i konsultacije sa tu\u017eiocem pu\u0161ten, bez ikakve prijave.<\/p>\n<p>To privo\u0111enje je izazvalo op\u0161ti podsmijeh ali i zabrinutost u javnosti, o njemu su izvijestili skoro svi doma\u0107i, ali i puno regionalnih medija. Mene kao gra\u0111anina ono nije zastra\u0161ilo, ali sam se zapitao, ko to ima pravo da me tek-tako, bez ikakvog osnova privodi\/poziva na saslu\u0161anje, oduzima mi vrijeme, ipak izaziva neku vrstu stresa, a da za to ne bude sankcionisan, odnosno, da ja kao gra\u0111anin ne dobijem izvinjenje uz materijalnu satisifakciju?<\/p>\n<p>U slu\u010daju da su Vam potrebna bilo kakva dopunska obavje\u0161tenja ili \u017eelite postaviti dopunska pitanja, stojim Vam na raspolaganju.<\/p>\n<p>Napomena: Poslije slanja obavje\u0161tenja va\u0161oj kancelariji, isto \u0107u objaviti na svom blogu koji pi\u0161em na portalu PCNEN.<\/p>\n<p>S po\u0161tovanjem,<\/p>\n<p>Omer \u0160arki\u0107<\/p>\n","protected":false},"excerpt":{"rendered":"<p>Pi\u0161r: Omer \u0160ARKI\u0106<\/p>\n","protected":false},"author":12,"featured_media":286086,"comment_status":"open","ping_status":"closed","sticky":false,"template":"","format":"standard","meta":{"_seopress_robots_primary_cat":"","_seopress_titles_title":"","_seopress_titles_desc":"","_seopress_robots_index":"","_et_pb_use_builder":"","_et_pb_old_content":"","_et_gb_content_width":"","inline_featured_image":false,"footnotes":""},"categories":[17],"tags":[],"class_list":["post-298780","post","type-post","status-publish","format-standard","has-post-thumbnail","hentry","category-blogovi"],"_links":{"self":[{"href":"https:\/\/www.pcnen.com\/portal\/wp-json\/wp\/v2\/posts\/298780","targetHints":{"allow":["GET"]}}],"collection":[{"href":"https:\/\/www.pcnen.com\/portal\/wp-json\/wp\/v2\/posts"}],"about":[{"href":"https:\/\/www.pcnen.com\/portal\/wp-json\/wp\/v2\/types\/post"}],"author":[{"embeddable":true,"href":"https:\/\/www.pcnen.com\/portal\/wp-json\/wp\/v2\/users\/12"}],"replies":[{"embeddable":true,"href":"https:\/\/www.pcnen.com\/portal\/wp-json\/wp\/v2\/comments?post=298780"}],"version-history":[{"count":7,"href":"https:\/\/www.pcnen.com\/portal\/wp-json\/wp\/v2\/posts\/298780\/revisions"}],"predecessor-version":[{"id":298792,"href":"https:\/\/www.pcnen.com\/portal\/wp-json\/wp\/v2\/posts\/298780\/revisions\/298792"}],"wp:featuredmedia":[{"embeddable":true,"href":"https:\/\/www.pcnen.com\/portal\/wp-json\/wp\/v2\/media\/286086"}],"wp:attachment":[{"href":"https:\/\/www.pcnen.com\/portal\/wp-json\/wp\/v2\/media?parent=298780"}],"wp:term":[{"taxonomy":"category","embeddable":true,"href":"https:\/\/www.pcnen.com\/portal\/wp-json\/wp\/v2\/categories?post=298780"},{"taxonomy":"post_tag","embeddable":true,"href":"https:\/\/www.pcnen.com\/portal\/wp-json\/wp\/v2\/tags?post=298780"}],"curies":[{"name":"wp","href":"https:\/\/api.w.org\/{rel}","templated":true}]}}