{"id":298324,"date":"2020-07-30T20:18:36","date_gmt":"2020-07-30T18:18:36","guid":{"rendered":"https:\/\/www.pcnen.com\/portal\/?p=298324"},"modified":"2020-07-30T20:45:08","modified_gmt":"2020-07-30T18:45:08","slug":"in-memoriam-mijo-miranovic-grof-1943-2020","status":"publish","type":"post","link":"https:\/\/www.pcnen.com\/portal\/2020\/07\/30\/in-memoriam-mijo-miranovic-grof-1943-2020\/","title":{"rendered":"Mijo Miranovi\u0107 Grof (1939-2020)"},"content":{"rendered":"<p><strong>In memoriam<\/strong><\/p>\n<p>Ode i Grof&#8230;\u00a0 Aforisti\u010darsko \u00a0bo\u017eje stado sa one strane neba je sve ve\u0107e. Mora da im tamo nije dosdadno jer se nalaze u najboljem mogu\u0107em dru\u0161tvu. Sigurno se ima \u0161ta i popiti, makar ambrozije &#8211; hrane bogova, ako ve\u0107 nema ni\u0161ta bolje. A jemac sam da se ima sa kim sesti i popri\u010dati jer nas tamo \u010dekaju mnogi koje znam. Sa nekima sam proveo mnoge sate, dane i godine u blago\u010destivom razgovoru o svemu, sva\u010demu i aforizmu kao knji\u017eevnom izrazu. Na\u017ealost, niko od njih ne do\u010deka da aforizam bude prepoznat i priznat kao na\u0161a autenti\u010dna knji\u017eevna forma sa kojom mo\u017eemo pred Veliki svet, pa ni na\u0161 Mijo, a kako stoje stvari ne\u0107emo ni mi sa ove strane neba.<\/p>\n<p>Grofa sam upoznao, kako to obi\u010dno biva, prvo kao autora, jer dobar glas se daleko \u010duje i ide daleko ispred aforisti\u010dara, a tek mnogo kasnije kao ljudsko bi\u0107e. Vre\u0111alo ga je nepoznavanje i nepo\u0161tovanje aforizma i njegovih autora. Umeo je o tome naduga\u010dko da pri\u010da ne skrivaju\u0107i razo\u010daranje povi\u0161enim tonom. Znao je da prevali daleki put, jo\u0161 u njegovom slabo pokretnom stanju, od Berana do Danilovgrada samo da bi u\u010destvovao na festivalu i pro\u010ditao nekoliko aforizama, pa bih ga ja vozio kod neke familije u Lje\u0161kopolje da preno\u0107i. Nije bio zadovoljan sopstvenim ni tretmanom aforizma uop\u0161te. Umeli smo se \u010duti telefonom i \u010desto je tra\u017eio da mu nabavim noviju aforisti\u010darsku literaturu, autori su rado izlazili u susret pa su knjige posle festivala po\u0161tom putovale u Berane. Njegova zahvalnost je \u010desto nadma\u0161ivala moj trud.<\/p>\n<p>Grofova smrt podse\u0107a da se \u017eivot ne uzima zdravo za gotovo jer kad te zaboli ispod ple\u0107ke, kao \u0161to se\u00a0 njemu desilo, pa \u010deka\u0161 da se razvedri kako bi odozgo pogledao na zemlju obi\u010dno bude kasno za sve. Za pohvale i pokude.<\/p>\n<p>Iako je zavr\u0161io ekonomski \u00a0fakultet \u00a0najvi\u0161e i najuspe\u0161nije je pisao o \u017eenama, zbog \u010dega je nagra\u0111ivan. Zastupljen je u vi\u0161e antologija i izbora aforizama, kao i u na\u0161oj Antologiji crnogorskog aforizma &#8211; Rijetke \u010destice. Napisao je knjige Padanje na pamet i Romani u prahu.<\/p>\n<p><strong>Vi\u0161e volim crne nego plave \u017eene. Manje se prljaju.<\/strong><\/p>\n<p><strong>On ima vatrenu \u017eenu, a ona vatrogasno dru\u0161tvo<\/strong><\/p>\n<p><strong>Narod vi\u0161e ne \u0107uti. Sad je zanijemio.<\/strong><\/p>\n<p><strong>U razvoju sto\u010darstva nije se odmaklo dalje od blejanja.<\/strong><\/p>\n<p><strong>Najopasnije oru\u017eje su ljudi malog kalibra.<\/strong><\/p>\n<p><strong>Srebrna svadba mo\u017ee se do\u017eivjeti samo sa zlatnom \u017eenom.<\/strong><\/p>\n<p><strong>Djevojka ima samo jednu \u017eelju &#8211; da se uda. A kad se uda &#8211; \u017eeli sve.<\/strong><\/p>\n<p><strong>Prva \u017eena mu je bila crna, druga &#8211; jo\u0161 crnja.<\/strong><\/p>\n<p><strong>Udala se. Sada je na konju.<\/strong><\/p>\n<p><strong>Sre\u0107na \u017eena ima potkovicu, a pametna konja.<\/strong><\/p>\n<p><strong>Slika svake dr\u017eave je lijepa ako se slika dr\u017eavnim aparatom.<\/strong><\/p>\n","protected":false},"excerpt":{"rendered":"<p>Pi\u0161e: Dejan TOF\u010cEVI\u0106<\/p>\n","protected":false},"author":1490,"featured_media":298323,"comment_status":"open","ping_status":"closed","sticky":false,"template":"","format":"standard","meta":{"_seopress_robots_primary_cat":"","_seopress_titles_title":"","_seopress_titles_desc":"","_seopress_robots_index":"","_et_pb_use_builder":"","_et_pb_old_content":"","_et_gb_content_width":"","inline_featured_image":false,"footnotes":""},"categories":[17],"tags":[],"class_list":["post-298324","post","type-post","status-publish","format-standard","has-post-thumbnail","hentry","category-blogovi"],"_links":{"self":[{"href":"https:\/\/www.pcnen.com\/portal\/wp-json\/wp\/v2\/posts\/298324","targetHints":{"allow":["GET"]}}],"collection":[{"href":"https:\/\/www.pcnen.com\/portal\/wp-json\/wp\/v2\/posts"}],"about":[{"href":"https:\/\/www.pcnen.com\/portal\/wp-json\/wp\/v2\/types\/post"}],"author":[{"embeddable":true,"href":"https:\/\/www.pcnen.com\/portal\/wp-json\/wp\/v2\/users\/1490"}],"replies":[{"embeddable":true,"href":"https:\/\/www.pcnen.com\/portal\/wp-json\/wp\/v2\/comments?post=298324"}],"version-history":[{"count":7,"href":"https:\/\/www.pcnen.com\/portal\/wp-json\/wp\/v2\/posts\/298324\/revisions"}],"predecessor-version":[{"id":298331,"href":"https:\/\/www.pcnen.com\/portal\/wp-json\/wp\/v2\/posts\/298324\/revisions\/298331"}],"wp:featuredmedia":[{"embeddable":true,"href":"https:\/\/www.pcnen.com\/portal\/wp-json\/wp\/v2\/media\/298323"}],"wp:attachment":[{"href":"https:\/\/www.pcnen.com\/portal\/wp-json\/wp\/v2\/media?parent=298324"}],"wp:term":[{"taxonomy":"category","embeddable":true,"href":"https:\/\/www.pcnen.com\/portal\/wp-json\/wp\/v2\/categories?post=298324"},{"taxonomy":"post_tag","embeddable":true,"href":"https:\/\/www.pcnen.com\/portal\/wp-json\/wp\/v2\/tags?post=298324"}],"curies":[{"name":"wp","href":"https:\/\/api.w.org\/{rel}","templated":true}]}}