{"id":297828,"date":"2020-07-25T21:53:53","date_gmt":"2020-07-25T19:53:53","guid":{"rendered":"https:\/\/www.pcnen.com\/portal\/?p=297828"},"modified":"2020-07-26T09:21:45","modified_gmt":"2020-07-26T07:21:45","slug":"rijeku-bagerima-napali-na-prepad","status":"publish","type":"post","link":"https:\/\/www.pcnen.com\/portal\/2020\/07\/25\/rijeku-bagerima-napali-na-prepad\/","title":{"rendered":"Rijeku bagerima napali na prepad"},"content":{"rendered":"<p>Kola\u0161inske rje\u010dice \u010cestogaz, Ljuba\u0161tica i Crnja zajedno formiraju rijeku Drcku \u2013 jednu od ja\u010dih pritoka Tare. Prema koncesijama, koje je jo\u0161 2008. godine dobila firma Dekar, sve tri rje\u010dice bi\u0107e stavljene u cijevi, kako bi se na krajevima njihovih vodotoka izgradile tri male hidroelektrane (MHE). To zna\u010di da \u0107e rijeka Drcka u budu\u0107nosti, umjesto iz bistrih planinskih potoka, izvirati iz turbina za proizvodnju elektri\u010dne energije.<\/p>\n<p>Iako su mislili da se u selu Bare Kraljske odustalo od izgradnje malih hidroelektrana, mje\u0161tani su bili iznena\u0111eni kada su vidjeli cijevi na \u010cestogazu. Tvrde da im je prije desetak dana bilo sumnjivo mutnost ina\u010de bistre i pija\u0107e voda Ljuba\u0161tice.<\/p>\n<p>Prizor, kojem su tada svjedo\u010dili mje\u0161tani Bara Kraljskih, vidjeli su i na\u0161i reporteri na u\u0161\u0107u rje\u010dice \u010cestogaz u Ljuba\u0161ticu. Metalne cijevi oblo\u017eene plastikom, pre\u010dnika malo manjeg od metra, nizale su se uz vodotok raskopanog \u010cestogaza. Ma\u0161inama andrijevi\u010dkog preduze\u0107a \u201eIgma Grand\u201c cijevi su se spu\u0161tale u vodu, punoj \u0161uta i drvenog otpada posje\u010dene \u0161ume.<\/p>\n<p>Mje\u0161tani tvrde da se idila male \u0161umske rijeke pretvorila u grozno gradili\u0161te. Jo\u0161 gore je \u0161to se \u010dini da \u0107e mali vodostaj rje\u010dice cio stati u velike metalne cijevi. Ista sudbina, tvrde, \u010deka i ostale dvije rijeke.<\/p>\n<p>Na kilometar uzvodno od u\u0161\u0107a \u010cestogaza, gdje se gradi vodozahvat, situacija izgleda mnogo gore. Izgradnja brane na rje\u010dici Crni Potok, pritoci \u010cestogaza, je u za\u010detku, a bi\u0107e izgra\u0111ena ta\u010dno na sastavcima njihovih vodotoka. Tu je postavljena jedna cijev, a vidljivo je da sve vode iz obje rje\u010dice u potpunosti ulaze u cijevi.<\/p>\n<p><img loading=\"lazy\" decoding=\"async\" class=\"aligncenter size-large wp-image-297834\" src=\"https:\/\/www.pcnen.com\/portal\/wp-content\/uploads\/2020\/07\/bager-580x326.jpg\" alt=\"\" width=\"580\" height=\"326\" \/><\/p>\n<h2><strong>Za radove nije znao ni predsjednik Op\u0161tine<\/strong><\/h2>\n<p>Predsjednik Mjesne zajednice (MZ) Milovan Labovi\u0107 ve\u0107 je po\u010deo da skuplja potpise nezadovoljnih kom\u0161ija, kojih je, tvrdi, stotinjak, kako bi donosioci odluka zaustavili gradnju \u0161tetnih hidrocentrala.<\/p>\n<p>On isti\u010de da niko od mje\u0161tana nije obavije\u0161ten o po\u010detku radova, niti je bila odr\u017eana javna rasprava, na kojoj bi izrazili svoje nezadovoljstvo. Me\u0111utim, sumnja da je investitor, ipak, stigao do nekih kom\u0161ija kako bi mu oni ustupili svoje parcele za pristupne puteve i objekte.<\/p>\n<p>\u201eTamo se nalazi privatna imovina, koju su, na \u017ealost, neki na\u0161i \u2019mje\u0161tani dobri\u2019 dali na upotrebu koncesionaru. Ja ovom prilikom ho\u0107u da ka\u017eem da nikada nije odr\u017ean nijedan sastanak na tu temu, niti je bilo ikad ikakva inicijativa od strane investitora prema mjesnoj zajednici, niti od strane op\u0161tine, niti od strane dr\u017eave, niti su mje\u0161tani, kako stalni stanovnici, tako oni koji nam povremeno dolaze\u2026 niko nas nije obavijestio o tome\u201c, kazao je Labovi\u0107 za PCNEN.<\/p>\n<p><iframe loading=\"lazy\" title=\"Na prepad prekopali Crni potok za mHE\" width=\"1080\" height=\"608\" src=\"https:\/\/www.youtube.com\/embed\/k_aid31dF2s?feature=oembed\" frameborder=\"0\" allow=\"accelerometer; autoplay; clipboard-write; encrypted-media; gyroscope; picture-in-picture; web-share\" allowfullscreen><\/iframe><\/p>\n<p>On tvrdi da je bio kod predsjednika Op\u0161tine Milosava Bata Bulatovi\u0107a da se informi\u0161e o radovima, ali da ni prvi \u010dovjek Kola\u0161ina nije \u010duo za radove u Barama Kraljskim.<\/p>\n<p>Bulatovi\u0107 je PCNEN-u potvrdio da je za radove \u010duo od mje\u0161tana, jer oni, kao lokalna vlast, nemaju ingerencije nad poslovima koje odobrava Vlada Crne Gore.<\/p>\n<p>On ka\u017ee da je mje\u0161tane uputio da prvo porazgovaraju sa investitorom i vide da li mogu da prevazi\u0111u problem, dok \u0107e kao predsjednik op\u0161tine \u201ebiti tu za sve \u0161ta je u njegovoj nadle\u017enosti\u201c. Ne isklju\u010duje mogu\u0107nost da komunalni inspektori Kola\u0161ina obi\u0111u sporne radove, ukoliko ne do\u0111e do dogovora.<\/p>\n<p>\u201eNama je u interesu da se problem rije\u0161i u korist svih\u201c, kazao je Bulatovi\u0107.<\/p>\n<p>Labovi\u0107, me\u0111utim, strahuje da \u0107e njegovo selo ostati bez pija\u0107e i tehni\u010dke vode kada se izgrade sve tri mHE. Smatra da je vodostaj jako mali na svim rje\u010dicama, zbog \u010dega \u0107e cijeli vodotok zavr\u0161iti u tri cjevovoda.<\/p>\n<p>\u201eOva voda ne mo\u017ee da pokvasi onu cijev\u201c, ka\u017ee Labovi\u0107.<\/p>\n<p>Tvrdi da se osje\u0107aju ugro\u017eenim i, ako ne uspiju druga\u010dije, spremni su \u017eivotima da brane svoje vode.<\/p>\n<h2><strong>Novovi\u0107: Rijeku \u0107emo braniti i fizi\u010dki<\/strong><\/h2>\n<p>Njegov kom\u0161ija Vladimir Novovi\u0107 sumnja da \u0107e rijeke iz njegovog kraja do\u017eivjeti sudbinu Bistrice, slike \u010dijeg presu\u0161enog korita danima kru\u017ei po internetu i dru\u0161tvenim mre\u017eema. On nas je odveo do prelijepog izvora rijeke Ljuba\u0161tice, koji se nalazi odmah ispod istoimenog sto\u010darskog katuna Vasojevskog Koma. Tu se planira vodozahvat MHE \u201eLjuba\u0161tica\u201c.<\/p>\n<p>\u201eOva rijeka ima porozno (\u0161upljikavo) korito, u gornjem dijelu je ponornica, a mi, stanovnici okolnih imanja, imamo izvore sa ove rijeke, i oni zavise od vodostaja rijeke. Ukoliko investitor ostvari svoje namjere, prvo \u0161to \u0107emo ostati bez vode za svoja doma\u0107instva. Mi ne mo\u017eemo da vjerujemo da neko dolazi da uni\u0161tava ovakvu rje\u010dicu\u201c, kazao je Novovi\u0107 za PCNEN.<\/p>\n<p>Smatra da je po svakom osnovu negativan uticaj mHE na rijekama ispod Koma.<\/p>\n<p>\u201eNe mogu da vam opi\u0161em \u0161to osje\u0107am prema ovoj rijeci. Ali \u0107emo zbog hidrocentrala imati suvo korito, uz nemogu\u0107nost vlage, uz pretjeranu sje\u010du \u0161ume, i dolazimo do formule koju, vjerovatno, djeca iz osnovne \u0161kole mogu da izra\u010dunaju, da \u0107emo za blsiki broj godina imati suvo korito, suve \u0161ume, suv vazduh, i da \u0107e to da uti\u010de najprije na zdravlje ljudi, na \u017eivotinsjki i biljni svijet i na demografsku strukturu ovog stanovni\u0161tva\u201c, rekao je on.<\/p>\n<p><iframe loading=\"lazy\" title=\"Ljuba\u0161ticu \u0107emo braniti \u010dak i fizi\u010dki, ne damo je!\" width=\"1080\" height=\"608\" src=\"https:\/\/www.youtube.com\/embed\/eUo_dwu8L8w?feature=oembed\" frameborder=\"0\" allow=\"accelerometer; autoplay; clipboard-write; encrypted-media; gyroscope; picture-in-picture; web-share\" allowfullscreen><\/iframe><\/p>\n<p>On tvrdi da ne postoji novac za koji bi dao svoju zemlju u svrhu izgradnje mHE.<\/p>\n<p>\u201eJa svoju zemlju ne\u0107u dati nipo\u0161to. Ne postoje pare, ne postoji bilo kakav materijalni dio zbog koga bih dozvolio da bilo koji dio ovih mini hidrocentrala pro\u0111e preko moga imanja\u201c, ka\u017ee Novovi\u0107.<\/p>\n<p>On isti\u010de da su sa mjesnom zajednicom poku\u0161ali da naprave bilo kakav korak u rje\u0161avanju tog problema, jer je ve\u0107ina stanovnika Bara Kraljskih protiv svake namjere da se izgrade male hidroelektrane u njegovom kraju.\u00a0 Tvrdi da je 179 vlasnika imanja iz sela potpisalo peticiju protiv izgradnje mHE.<\/p>\n<p>Novovi\u0107 poja\u0161njava da nivo rijeke opada svake godine zbog sve manjih koli\u010dina padavina i snijega na planinama, zbog \u010dega misli da \u0107e mala hidrocentrala potpuno uni\u0161titi vodostaje rijeka ispod Vasojevskog Koma.<\/p>\n<p>\u201eMi \u0107emo se boriti na sve mogu\u0107e na\u010dine, a na kraju \u0107e nam, vjerovatno, ostati onaj drugi koji niko ne \u017eeli. A to je da fizi\u010dki odbranimo na\u0161a imanja i na\u0161e rijeke, odnosno rijeke svih gra\u0111ana Crne Gore\u201c, isti\u010de Novovi\u0107.<span style=\"color: #993300;\"> \u00a0 <\/span><span style=\"color: #993300;\">\u00a0<\/span><\/p>\n<blockquote>\n<h2>Radove po\u010deli 12 godina nakon koncesije<\/h2>\n<\/blockquote>\n<blockquote><p><span style=\"color: #993300;\">Vlada Crne Gore je prvi ugovor o koncesiji sa podgori\u010dkim preduze\u0107em \u201eDekar\u201c zaklju\u010dila 2008. godine.<\/span><\/p>\n<p style=\"text-align: left;\"><span style=\"color: #993300;\">U Informaciji sa sjednice Vlade Crne Gore od pro\u0161le godine navodi se da je na osnovu\u00a0\u00a0 prihva\u0107enog idejnog rje\u0161enja predvi\u0111ena izgradnja i eksploatacija tri male hidroelektrane &#8211;\u00a0 MHE Crnja, MHE Ljuba\u0161tica i MHE Crni potok. Kompanija Dekar, podgori\u010dkog biznismena Mom\u010dila Miranovi\u0107a, u me\u0111uvremenu, je u Andrijevici osnovao \u0107erku firmu \u201eDekar Energy\u201c.<\/span><\/p>\n<p style=\"text-align: left;\"><span style=\"color: #993300;\">Iako je rok zavr\u0161etka radova bio 2016. godine, investitior nije uspio u tom roku da zavr\u0161i male hidrocentrale. U me\u0111uvremenu, podnosio je vi\u0161e zahtjeva i dobijao vi\u0161e rokova da se dogovoreno zavr\u0161i. Va\u017eenje koncesije Vlada je spustila sa 30, na 29 godina od prijema postrojenja.<\/span><\/p>\n<p style=\"text-align: left;\"><span style=\"color: #993300;\">Me\u0111utim, pro\u0161le godine su Vlada Crne Gore i \u201eDekar Energy\u201c sklopile novi ugovor i investitor je dobio nove dvije godine da zavr\u0161i posao. Preduze\u0107e \u201eIgma Grand\u201c, \u010dije smo ma\u0161ine vidjeli u Barama Kraljskim, u vlasni\u0161tvu je brata prvog \u010dovjeka Andrijevice Sr\u0111ana Ma\u0161ovi\u0107a &#8211; Igora Ma\u0161ovi\u0107a. On je sa njegovim preduze\u0107em \u201eIgma Energy\u201c izgradio vi\u0161e MHE na teritoriji grada, na \u010dijem \u010delu je njegov brat.<\/span><\/p>\n<\/blockquote>\n<p>Ivan \u010cA\u0110ENOVI\u0106<\/p>\n<p>Vuk VUJISI\u0106<\/p>\n<p>&nbsp;<\/p>\n<p>&nbsp;<\/p>\n","protected":false},"excerpt":{"rendered":"<p>Kompanija \u201eDekar Energy\u201c po\u010dela sa izgradnjom tri MHE u Barama Kraljskim<\/p>\n","protected":false},"author":1,"featured_media":297829,"comment_status":"open","ping_status":"closed","sticky":false,"template":"","format":"standard","meta":{"_seopress_robots_primary_cat":"","_seopress_titles_title":"","_seopress_titles_desc":"","_seopress_robots_index":"","_et_pb_use_builder":"","_et_pb_old_content":"","_et_gb_content_width":"","inline_featured_image":false,"footnotes":""},"categories":[546,12],"tags":[],"class_list":["post-297828","post","type-post","status-publish","format-standard","has-post-thumbnail","hentry","category-feature","category-prica-dana"],"_links":{"self":[{"href":"https:\/\/www.pcnen.com\/portal\/wp-json\/wp\/v2\/posts\/297828","targetHints":{"allow":["GET"]}}],"collection":[{"href":"https:\/\/www.pcnen.com\/portal\/wp-json\/wp\/v2\/posts"}],"about":[{"href":"https:\/\/www.pcnen.com\/portal\/wp-json\/wp\/v2\/types\/post"}],"author":[{"embeddable":true,"href":"https:\/\/www.pcnen.com\/portal\/wp-json\/wp\/v2\/users\/1"}],"replies":[{"embeddable":true,"href":"https:\/\/www.pcnen.com\/portal\/wp-json\/wp\/v2\/comments?post=297828"}],"version-history":[{"count":12,"href":"https:\/\/www.pcnen.com\/portal\/wp-json\/wp\/v2\/posts\/297828\/revisions"}],"predecessor-version":[{"id":297869,"href":"https:\/\/www.pcnen.com\/portal\/wp-json\/wp\/v2\/posts\/297828\/revisions\/297869"}],"wp:featuredmedia":[{"embeddable":true,"href":"https:\/\/www.pcnen.com\/portal\/wp-json\/wp\/v2\/media\/297829"}],"wp:attachment":[{"href":"https:\/\/www.pcnen.com\/portal\/wp-json\/wp\/v2\/media?parent=297828"}],"wp:term":[{"taxonomy":"category","embeddable":true,"href":"https:\/\/www.pcnen.com\/portal\/wp-json\/wp\/v2\/categories?post=297828"},{"taxonomy":"post_tag","embeddable":true,"href":"https:\/\/www.pcnen.com\/portal\/wp-json\/wp\/v2\/tags?post=297828"}],"curies":[{"name":"wp","href":"https:\/\/api.w.org\/{rel}","templated":true}]}}