{"id":296808,"date":"2020-07-13T18:18:28","date_gmt":"2020-07-13T16:18:28","guid":{"rendered":"https:\/\/www.pcnen.com\/portal\/?p=296808"},"modified":"2020-07-13T18:39:27","modified_gmt":"2020-07-13T16:39:27","slug":"13-jul-antifasizam-i-zuvdija-hodzic","status":"publish","type":"post","link":"https:\/\/www.pcnen.com\/portal\/2020\/07\/13\/13-jul-antifasizam-i-zuvdija-hodzic\/","title":{"rendered":"13. jul, antifa\u0161izam i Zuvdija Hod\u017ei\u0107"},"content":{"rendered":"<p>Bila je 1992. ili 1993. godina. LSCG je ispred Skup\u0161tine organizavao miting, mislim za mir &#8211; protiv rata. Bio je to pravi antifa\u0161isti\u010dki protest, a ne ova licemjerna propagandisti\u010dka sranja, koja upravo gledate i slu\u0161ate. Na tzv. Javnom servisu, najvi\u0161e.<\/p>\n<p>Na mitingu ispred Skup\u0161tine se okupilo oko 3 000 do 4000 ljudi, koji su mirno i civilizovano \u2013 kako je to LSCG uvijek radio, iskazivali protest protiv fa\u0161izovane Crne Gore, koja je politi\u010dki, vojno i propagandno podr\u017eavala ratove u susjedstvu, bila sau\u010desnik u njima, uprkos la\u017enoj istoriji koju nam sad propovijeda, pored ostalih, dobitnik Trinaestojulske nagrade \u017divko Andrija\u0161evi\u0107, i sada\u0161nji predsjednik dr\u017eave, tada Vlade, Milo \u0110ukanovi\u0107.<\/p>\n<p>\u0110ukanovi\u0107ev i Bulatovi\u0107ev pulen, direktor tada\u0161njeg KAP-a Vuksanovi\u0107, organizovao je svoje radnike da iz kruga fabrike po\u0111u na kontramiting. Do\u0161lo ih je oko 2000 do 3000: zapjenjenih i zajapurenih, naoru\u017eanih motkama, lopatama, vilama!<\/p>\n<p>Podsjeti\u0107u da je KAP tada imao oko 5000 radnika, sada ih ima par stotina!<\/p>\n<p>Policija sa \u0161titovima je kao napravila kordon na stotinak metara od mjesta mitinga LSCG, kod semafora u blizini hotela Crna Gora, koji je sada, jelte, Hilton, da bi sprije\u010dila da nas nahu\u0161kana rulja lin\u010duje. Naoru\u017eani lumpenproleteri su dobro znali i osje\u0107ali da je policija na njihovoj strani. Bili su izuzetno agresivni dok je policija \u201ejedva\u201c uspijevala da ih, onako naoru\u017eane, sprije\u010di, da nas prebiju i rastjeraju. Da vam dalje ne bih opisivao kako je to izgledalo, re\u0107i \u0107u to u jednoj re\u010denici. Izmanipulisani radnici su izgledali original kao oni Hitlerovi batina\u0161i po ulicama u predratnoj Njema\u010dkoj, koje ste gledali u dokumentarnim filmovima.<\/p>\n<p>Da bi izbjegao eventualne sukobe, Slavko Perovi\u0107 je pozvao nas okupljene, da se Njego\u0161evom ulicom mirno povu\u010demo premu Trgu Ivana Milutinovi\u0107a, sada\u0161njem Trgu zavisnosti.<\/p>\n<p>U tom povla\u010denju, bio sam na samom za\u010delju kolone. Odjednom, kada nas je ostalo jo\u0161 samo dvadestak, iz podruma ispod Skup\u0161tine je sa \u0161titovima istr\u010dala nova \u010deta policajaca i zaprije\u010dila nam put. Ostali smo odsje\u010deni, dok je istovremeno onaj policijski kordon kod semafora propustio razularenu rulju, koja je krenula prema nama, ne bi li nas lin\u010dovala. Noge su mi se odsjekle od straha, koljena po\u010dela da mi klecaju. Odjednom, vidim \u010dovjeka pored sebe od nepunih 50 kilograma, kako se sva\u0111a sa policijom i tra\u017ei da nas propuste. A onda, kako se zalije\u0107e i svojim tijelom poku\u0161ava da probije postavljeni policijski \u0161tit. Onako krhak, odbio se od \u0161tita kao loptica sko\u010dica o betonu, dok su mu nao\u010dare pale sa glave. Bio je to Zuvdija Hod\u017ei\u0107. Koliko je tu hrabrosti i prkosa pokazao, te\u0161ko je opisati. Kada je nahu\u0161kana rulja bila ve\u0107 na skoro dvadesetak metara od nas, povu\u010de nas jedan momak za ruke, pokaza put pored istih tih gara\u017ea iz kojih je iza\u0161la policijai, trkom se izvukosmo i spasimo. Nakon \u0161to \u00a0sam malo do\u0161ao sebi, stalno mi se pred o\u010dima pojavljivala Zuvdijina slika, kako onako nejak prkosi policiji, poku\u0161avaju\u0107i da probije kordon. Divio sam mu se i \u0161to je tada bio na skoro svim antire\u017eimskim protestima i tribinama, uzimao rije\u010d, ne libe\u0107i se da stvari nazove pravim imenom.<\/p>\n<p>U vrijeme kada je moj direktor bio Mihajilo Banjevi\u0107, Zuvdija Hod\u017ei\u0107, najprije polako, poslije otvoreno, prelazi na stranu fa\u0161ista iz devedesitih. Iz ideolo\u0161kih razloga nije sigurno, ali o tome ne\u0107u. \u00a0Banjevi\u0107 je za takve transfere i transformacije bio majstor.<\/p>\n<p>Ve\u0107 du\u017ee vrijeme sam mislio da napi\u0161em ovakav tekst, ali sam se sudr\u017eavao upravo iz pijeteta prema nekada\u0161njem Zuvdiji Hod\u017ei\u0107u i navedenom doga\u0111aju. Me\u0111utim, poslije dana\u0161njeg \u201epatriorskog i antifa\u0161isti\u010dkog govora\u201c koji je kao predsjednik SUBNOR-a saop\u0161tio na tzv. Javnom servisu, u kojem brane\u0107i preobu\u010dene fa\u0161iste napada one poput mene \u2013 morao sam.<\/p>\n<p>Sa ponosom isti\u010dem da sam ja i dalje izdajnik onih na \u010dijoj je strani sada Zuvdija Hod\u017ei\u0107.<\/p>\n<p>Antifa\u0161izam se ne pokazuje samo 13. jula, ve\u0107 se ta borba vodi svakog dana, na svakom mjestu, u svim prilikama. On se pokazuje konkretnim djelima i \u010dinjenima, ne praznim floskulama. Iskreni antifa\u0161isti su po pravilu, pogotovu na prostoru Blakana, izop\u0161teni iz vladaju\u0107ih elita, nijesu njihovi glasnogovornici i sluge.<\/p>\n<p>&nbsp;<\/p>\n","protected":false},"excerpt":{"rendered":"<p>Pi\u0161e: Omer \u0160ARKI\u0106<\/p>\n","protected":false},"author":12,"featured_media":286086,"comment_status":"open","ping_status":"closed","sticky":false,"template":"","format":"standard","meta":{"_seopress_robots_primary_cat":"","_seopress_titles_title":"","_seopress_titles_desc":"","_seopress_robots_index":"","_et_pb_use_builder":"","_et_pb_old_content":"","_et_gb_content_width":"","inline_featured_image":false,"footnotes":""},"categories":[17],"tags":[],"class_list":["post-296808","post","type-post","status-publish","format-standard","has-post-thumbnail","hentry","category-blogovi"],"_links":{"self":[{"href":"https:\/\/www.pcnen.com\/portal\/wp-json\/wp\/v2\/posts\/296808","targetHints":{"allow":["GET"]}}],"collection":[{"href":"https:\/\/www.pcnen.com\/portal\/wp-json\/wp\/v2\/posts"}],"about":[{"href":"https:\/\/www.pcnen.com\/portal\/wp-json\/wp\/v2\/types\/post"}],"author":[{"embeddable":true,"href":"https:\/\/www.pcnen.com\/portal\/wp-json\/wp\/v2\/users\/12"}],"replies":[{"embeddable":true,"href":"https:\/\/www.pcnen.com\/portal\/wp-json\/wp\/v2\/comments?post=296808"}],"version-history":[{"count":4,"href":"https:\/\/www.pcnen.com\/portal\/wp-json\/wp\/v2\/posts\/296808\/revisions"}],"predecessor-version":[{"id":296816,"href":"https:\/\/www.pcnen.com\/portal\/wp-json\/wp\/v2\/posts\/296808\/revisions\/296816"}],"wp:featuredmedia":[{"embeddable":true,"href":"https:\/\/www.pcnen.com\/portal\/wp-json\/wp\/v2\/media\/286086"}],"wp:attachment":[{"href":"https:\/\/www.pcnen.com\/portal\/wp-json\/wp\/v2\/media?parent=296808"}],"wp:term":[{"taxonomy":"category","embeddable":true,"href":"https:\/\/www.pcnen.com\/portal\/wp-json\/wp\/v2\/categories?post=296808"},{"taxonomy":"post_tag","embeddable":true,"href":"https:\/\/www.pcnen.com\/portal\/wp-json\/wp\/v2\/tags?post=296808"}],"curies":[{"name":"wp","href":"https:\/\/api.w.org\/{rel}","templated":true}]}}