{"id":296569,"date":"2020-07-11T13:09:12","date_gmt":"2020-07-11T11:09:12","guid":{"rendered":"https:\/\/www.pcnen.com\/portal\/?p=296569"},"modified":"2020-07-11T13:11:30","modified_gmt":"2020-07-11T11:11:30","slug":"dps-obecava-lovcima-solanu-pred-izbore","status":"publish","type":"post","link":"https:\/\/www.pcnen.com\/portal\/2020\/07\/11\/dps-obecava-lovcima-solanu-pred-izbore\/","title":{"rendered":"DPS obe\u0107ava lovcima Solanu pred izbore"},"content":{"rendered":"<p>Predizborna kampanja ulcinjskog odbora Demokratske partije socijalista (DPS) ponovo je pokrenula pitanje za\u0161tite teritorije biv\u0161e Solane \u201eBajo Sekuli\u0107\u201c.<\/p>\n<p>U predizbornom spotu, u koji su novinari PCNEN-a imali uvid, ulcinjski funkcioner Demokratske partije socijalista (DPS) i predsjednik gradskog preduze\u0107a za uzgoj, za\u0161titu i lov divlja\u010di Tihomir Rako\u010devi\u0107 govori da, nakon \u0161to su \u201esa\u010duvali\u201c Solanu, sada njome mogu i da upravljaju.<\/p>\n<p>U spotu Rako\u010devi\u0107 obe\u0107ava i da \u0107e se ulcinjskim lovcima u dijelu Solane (zoni 2) omogu\u0107iti da love, kao \u0161to su to radili i \u201enjihovi preci\u201c. Time bi DPS odobrovoljio gotovo 800 ulcinjskih lovaca, koji godinama vr\u0161e ogroman pritisak na lokalnu samoupravu da im se odobri lov u vje\u0161ta\u010dkom ekosistemu, koji je pod pritiskom me\u0111unarodne zajednice progla\u0161en Parkom prirode.<\/p>\n<p>Burne reakcije javnosti izazvala je fotografija i poruka glasa\u010dima, izdvojene iz tog kratkog spota, a objavljene u srijedu.<\/p>\n<p>\u201eSa\u010duvali smo Solanu da bude Park prirode i sad imamo znanja i kapaciteta da njom upravljamo\u201c, sporni je citat Rako\u010devi\u0107a, koji je potpisan kao predsjednik Lova\u010dkog dru\u0161tva Ulcinj. Me\u0111utim, pravo ime njegove organizacije je \u201eJavno preduze\u0107e za uzgoj, za\u0161titu i lov divlja\u010di\u201c, \u010diji je osniva\u010d op\u0161tina.<\/p>\n<p><img loading=\"lazy\" decoding=\"async\" class=\"aligncenter size-large wp-image-296572\" src=\"https:\/\/www.pcnen.com\/portal\/wp-content\/uploads\/2020\/07\/DPS-Solana-580x332.jpg\" alt=\"\" width=\"580\" height=\"332\" srcset=\"https:\/\/www.pcnen.com\/portal\/wp-content\/uploads\/2020\/07\/DPS-Solana-580x332.jpg 580w, https:\/\/www.pcnen.com\/portal\/wp-content\/uploads\/2020\/07\/DPS-Solana-300x172.jpg 300w, https:\/\/www.pcnen.com\/portal\/wp-content\/uploads\/2020\/07\/DPS-Solana.jpg 750w\" sizes=\"(max-width: 580px) 100vw, 580px\" \/><\/p>\n<p>Rako\u010devi\u0107 nije \u017eelio za PCNEN da pojasni kako su konkretno njegova partija i lovci \u201esa\u010duvali\u201c Solanu i \u0161ta ih preporu\u010duje da njome upravljaju.<\/p>\n<p>Kadrovi DPS-a bili su na \u010delu Solane, op\u0161tine Ulcinj i dr\u017eave Crne Gore u vrijeme kada je preduze\u0107e za proizvodnju soli \u201eBajo Sekuli\u0107\u201c prodato biznismenu Veselinu Barovi\u0107u, bliskom lideru DPS Milu \u0110ukanovi\u0107u, po mnogo ni\u017eoj cijeni od tr\u017ei\u0161ne. U vrijeme vladavine istih kadrova, preduze\u0107e je oti\u0161lo u ste\u010daj, izgubilo koncesiju za eksploataciju soli, preimenovano u gra\u0111evinsko zemlji\u0161te, imovina mu uni\u0161tena i raspar\u010dana, a zemlji\u0161te, umjesto odmarali\u0161ta za ptice selice, postalo mjesto gdje su ih lako odstreljiivali lovci.<\/p>\n<p>Kadrovi DPS-a na \u010delnim dr\u017eavnim funkcijama su bili svom silom protiv biv\u0161e ambasadorke Njema\u010dke u Crnoj Gori Gudrun \u0160tajneker i me\u0111unarodne zajednice, kako bi ih sprije\u010dili u namjeri da se podru\u010dje Solane za\u0161titi kao podru\u010dje od posebnog prirodnog zna\u010daja.<\/p>\n<h2><span style=\"color: #003300;\">Janju\u0161evi\u0107: Solanom mora upravljati neko stru\u010dan, a mi takvog nemamo<\/span><\/h2>\n<p>Direktorica Centra za prou\u010davanje i za\u0161titu ptica (CZIP) Jovana Janju\u0161evi\u0107 ka\u017ee da oni nemaju ni\u0161ta protiv toga \u0161to mnoge politi\u010dke partije koriste Solanu u svojim predizbornim kampanjama, ali da bi \u017eeljeli da kod njih \u201evide pravi program\u201c.<\/p>\n<p><iframe loading=\"lazy\" title=\"Solanom mora upravljati stru\u010dnjak, a mi takvog nemamo\" width=\"1080\" height=\"608\" src=\"https:\/\/www.youtube.com\/embed\/8sacNEcPuQo?feature=oembed\" frameborder=\"0\" allow=\"accelerometer; autoplay; clipboard-write; encrypted-media; gyroscope; picture-in-picture; web-share\" allowfullscreen><\/iframe><\/p>\n<p>Janju\u0161evi\u0107 tvrdi da je Rako\u010devi\u0107 2015. godine na javnoj raspravi u Ulcinju bio jedan od \u201enajvatrenijih i najagresivnijih protivnika\u201c toga da se Solana za\u0161titi, jer bi to zna\u010dilo zabranu lova.<\/p>\n<p><iframe loading=\"lazy\" title=\"Rako\u010devi\u0107 bio najvatreniji protivnik za\u0161tite Solane\" width=\"1080\" height=\"608\" src=\"https:\/\/www.youtube.com\/embed\/HeSpqvQadLE?feature=oembed\" frameborder=\"0\" allow=\"accelerometer; autoplay; clipboard-write; encrypted-media; gyroscope; picture-in-picture; web-share\" allowfullscreen><\/iframe><\/p>\n<h2><span style=\"color: #003300;\">Sukob izme\u0111u konzervatora i plja\u010dka\u0161a resursa<\/span><\/h2>\n<p>Gra\u0111anski aktivista D\u017eemal Perovi\u0107 za za\u0161titu Solane se borio jo\u0161 devedesetih kao odbornik Liberalnog saveza u ulcinjskoj Skup\u0161tini, a kasnije i kao poslanik u Skup\u0161tini Crne Gore. On tvrdi da posljednja izjava \u201edo\u0111e kao finale paradoksa Solane\u201c \u2013 preduze\u0107a \u010dija agonija po\u010dinje krajem pro\u0161log vijeka, sa istovjetnom plja\u010dkom kao kod svih preduze\u0107a u Crnoj Gori.<\/p>\n<p>On danas tvrdi da ovdje nije rije\u010d o konfliktu izme\u0111u lovaca i ljubitelja ptica i \u017eivotne sredine, koliko\u00a0 o sukobu izme\u0111u onih koji \u017eele da sa\u010duvaju vrijedne resurse i onih koji \u017eele da ih oplja\u010dkaju.<\/p>\n<p><iframe loading=\"lazy\" title=\"Solanu nisu spasili gra\u0111ani ve\u0107 ptice\" width=\"1080\" height=\"608\" src=\"https:\/\/www.youtube.com\/embed\/SeqjUx1q0tQ?feature=oembed\" frameborder=\"0\" allow=\"accelerometer; autoplay; clipboard-write; encrypted-media; gyroscope; picture-in-picture; web-share\" allowfullscreen><\/iframe><\/p>\n<p>Perovi\u0107 ka\u017ee da je ovo \u0161to se sada de\u0161ava oko Solane dio paradoksa i odraz diktature u kojoj \u017eivimo.<\/p>\n<p>&#8220;Oni su navikli da iznose svakakve izjave i svakakve la\u017ei bez posljedica. Jer u normalnom demokratskom dru\u0161tvu za ovakve izjave se snosi najmanje poraz na izborima, ali po\u0161to ovdje nemamo normalne i po\u0161tene izbore, mogu se \u010duti takve budala\u0161tine\u201c, ka\u017ee Perovi\u0107.<\/p>\n<p><iframe loading=\"lazy\" title=\"Ovdje smo zbog kratkog pam\u0107enja gra\u0111ana\" width=\"1080\" height=\"608\" src=\"https:\/\/www.youtube.com\/embed\/iJNT7oYXjFU?feature=oembed\" frameborder=\"0\" allow=\"accelerometer; autoplay; clipboard-write; encrypted-media; gyroscope; picture-in-picture; web-share\" allowfullscreen><\/iframe><\/p>\n<h2><span style=\"color: #003300;\">Rako\u010devi\u0107 dva puta izigrao novinare<\/span><\/h2>\n<p>Rako\u010devi\u0107 je reporterima PCNEN-a inicijalno obe\u0107ao izjavu. U telefonskom razgovoru pristao je da govori pred kamerom i pojasnio je da je njegovu fotografiju zloupotrijebio fejsbuk profil \u201eLovci Ulcinja\u201c, sa kojima on \u201enema nikakve veze\u201c.<br \/>\nFejsbuk profil \u201eLovci Ulcinja\u201c otvoreno se zala\u017ee za lov na ulcinjskoj Solani, a zbog brojnih prijetnji i uvreda ekolo\u0161kim aktivistima protiv korisnika profila podnijeto je nekoliko krivi\u010dnih prijava. Oni su podijelili Rako\u010devi\u0107evu fotografiju uz naslov &#8211; \u201eHo\u0107emo dio teritorije Solane za lovi\u0161te\u201c.<br \/>\nMe\u0111utim, kada smo u \u010detvrtak stigli u Ulcinj, Rako\u010devi\u0107 se u po\u010detku nije odazivao na telefonske pozive, a potom se SMS-om javio da se predomislio i da \u201ene\u0107e davati nikakve komentare\u201c. On nas je, ipak, pozvao da se na\u0111emo i u neformalnom razgovoru obe\u0107ao da \u0107e do petka ve\u010de dati izjavu. U izjavi je \u017eelio objasniti da je zloupotrebljen od strane fejsbuk profila i da je njegova poruka pogre\u0161no shva\u0107ena.<br \/>\nMe\u0111utim, u petak popodne ponovo nas je SMS-om obavijestio da \u201ene\u0107e da komentari\u0161e\u201c izjave ekolo\u0161kih aktivista.<\/p>\n<blockquote>\n<h1><span style=\"color: #000080;\"><strong>Solana je \u201ena respiratoru\u201c<\/strong><\/span><\/h1>\n<\/blockquote>\n<blockquote><p>Janju\u0161evi\u0107eva tvrdi da Solana jo\u0161 nije sa\u010duvana, ve\u0107 da je \u201esamo formalno-pravno za\u0161ti\u0107ena\u201c.<\/p>\n<p>\u201ePostoji za\u0161tita na papiru. Nemamo upravlja\u010da, imamo o\u010digledno aspiracije nekih ljudi da budu upravlja\u010di tim ekosistemom. Nemamo jo\u0161 uvijek plan upravljanja (on je jo\u0161 uvijek u fazi javne rasprave) ili bilo \u0161ta da poka\u017eemo kao rezultat\u201c, poja\u0161njava.<\/p>\n<p>Janju\u0161evi\u0107 ka\u017ee \u00a0da bi voljela da vidi studiju koja bi opravdavala lov na Solani, gdje bi glavni plijen bile ptice. \u201ePosebno u svijetlu EU integracija. Znamo da je za\u0161tita ulcinjske solane i sama Solana zavr\u0161no mjerilo u pregovorima Crne Gore o ulasku u EU. Ali ne samo za\u0161tita, nego za\u0161tita i funkcionalna odr\u017eivost takvog stani\u0161ta, a to zna\u010di dovesti Solanu u povoljan ekolo\u0161ki status. Trenutno Solana nije ni blizu povoljnog ekolo\u0161kog statusa\u201c.<\/p>\n<p><img loading=\"lazy\" decoding=\"async\" class=\" wp-image-238224 alignleft\" src=\"https:\/\/www.pcnen.com\/portal\/wp-content\/uploads\/2017\/12\/solana-kisa-450x254.jpg\" alt=\"\" width=\"358\" height=\"202\" \/><\/p>\n<p>Janju\u0161evi\u0107 tvrdi da je Solana trenutno ugro\u017eeno stani\u0161te, koje je na sistemu odr\u017eavanja \u017eivota.<\/p>\n<p>\u201eTo je zaslanjeno stani\u0161te koje se vremenom potpuno pretvorilo u slatkovodno, iz razloga \u0161to tu nema proizvodnje soli, iz razloga \u0161to je tu infrastruktura u potpunosti propala. Prosto je te\u0161ka, prakti\u010dno nemogu\u0107a.<\/p>\n<p>Prosto je manipulacija voda (upumpavanje voda kroz kanale i cijevi)\u00a0\u00a0 te\u0161ka, prakti\u010dno nemogu\u0107a. I, u tom smislu, apsolutno ne postoji nijedna \u0161ansa da se na takvom bolesniku od za\u0161ti\u0107enog podru\u010dja, koje je bukvalno na aparatu za odr\u017eavanju \u017eivota (neka bude paradigma ove korona situacije, na respiratoru je. I vi biste da dozvolite da se ptice ubijaju. Apsolutno sam ubije\u0111ena da ne postoji institucija koja \u0107e da potpi\u0161e pozitivno mi\u0161ljenje za ovakvu ideju. Potpuno je bespredmetno\u201c, poja\u0161njava Janju\u0161evi\u0107eva.<\/p>\n<p><strong>Ivan \u010cA\u0110ENOVI\u0106<\/strong><br \/>\n<strong>Vuk VUJISI\u0106<\/strong><\/p><\/blockquote>\n","protected":false},"excerpt":{"rendered":"<p> Ko je spasio Solanu, a ko je uvalio u nevolje? DPS bi da je \u010duvaju lokalni lovci, a ekolozi u tome vide nastavak davno po\u010dete devastacije i zloupotrebe<\/p>\n","protected":false},"author":1,"featured_media":273218,"comment_status":"open","ping_status":"closed","sticky":false,"template":"","format":"standard","meta":{"_seopress_robots_primary_cat":"","_seopress_titles_title":"","_seopress_titles_desc":"","_seopress_robots_index":"","_et_pb_use_builder":"","_et_pb_old_content":"","_et_gb_content_width":"","inline_featured_image":false,"footnotes":""},"categories":[546,12],"tags":[],"class_list":["post-296569","post","type-post","status-publish","format-standard","has-post-thumbnail","hentry","category-feature","category-prica-dana"],"_links":{"self":[{"href":"https:\/\/www.pcnen.com\/portal\/wp-json\/wp\/v2\/posts\/296569","targetHints":{"allow":["GET"]}}],"collection":[{"href":"https:\/\/www.pcnen.com\/portal\/wp-json\/wp\/v2\/posts"}],"about":[{"href":"https:\/\/www.pcnen.com\/portal\/wp-json\/wp\/v2\/types\/post"}],"author":[{"embeddable":true,"href":"https:\/\/www.pcnen.com\/portal\/wp-json\/wp\/v2\/users\/1"}],"replies":[{"embeddable":true,"href":"https:\/\/www.pcnen.com\/portal\/wp-json\/wp\/v2\/comments?post=296569"}],"version-history":[{"count":11,"href":"https:\/\/www.pcnen.com\/portal\/wp-json\/wp\/v2\/posts\/296569\/revisions"}],"predecessor-version":[{"id":296588,"href":"https:\/\/www.pcnen.com\/portal\/wp-json\/wp\/v2\/posts\/296569\/revisions\/296588"}],"wp:featuredmedia":[{"embeddable":true,"href":"https:\/\/www.pcnen.com\/portal\/wp-json\/wp\/v2\/media\/273218"}],"wp:attachment":[{"href":"https:\/\/www.pcnen.com\/portal\/wp-json\/wp\/v2\/media?parent=296569"}],"wp:term":[{"taxonomy":"category","embeddable":true,"href":"https:\/\/www.pcnen.com\/portal\/wp-json\/wp\/v2\/categories?post=296569"},{"taxonomy":"post_tag","embeddable":true,"href":"https:\/\/www.pcnen.com\/portal\/wp-json\/wp\/v2\/tags?post=296569"}],"curies":[{"name":"wp","href":"https:\/\/api.w.org\/{rel}","templated":true}]}}