{"id":296547,"date":"2020-07-11T09:21:28","date_gmt":"2020-07-11T07:21:28","guid":{"rendered":"https:\/\/www.pcnen.com\/portal\/?p=296547"},"modified":"2020-07-11T09:22:08","modified_gmt":"2020-07-11T07:22:08","slug":"beograd-tokom-nereda-povrijedeno-najmanje-19-osoba-vise-od-70-uhapseno","status":"publish","type":"post","link":"https:\/\/www.pcnen.com\/portal\/2020\/07\/11\/beograd-tokom-nereda-povrijedeno-najmanje-19-osoba-vise-od-70-uhapseno\/","title":{"rendered":"Beograd: Tokom nereda povrije\u0111eno najmanje 19 osoba, vi\u0161e od 70 uhap\u0161eno"},"content":{"rendered":"<p>Ekipe Hitne pomo\u0107i zbrinule su najmanje 19 osoba nakon<a href=\"https:\/\/www.pcnen.com\/portal\/2020\/07\/10\/demonstracije-u-beogradu-uzivo\/\"> sino\u0107njih nereda u Beogradu<\/a>. Uhap\u0161eno je vi\u0161e 70 demonstranata. Na meti napada tokom protesta ispred Skup\u0161tine bile su i brojne novinarske ekipe.<\/p>\n<p>Me\u0111u povrije\u0111enima su i \u010dlanovi novinarskih ekipa, a<a href=\"https:\/\/www.pcnen.com\/portal\/2020\/07\/10\/povrijedeno-dvoje-fotoreportera-agencije-beta\/\"> fotoreporter agencije Beta Milo\u0161 Mi\u0161kov<\/a> morao je tokom no\u0107i da ostane na Urgentnom centru zbog frakture lobanje.<\/p>\n<p>Na meti napada bili su i novinari Kurir televizije, agencije Tanjug, televizije N1, televizije Al D\u017eazira.<\/p>\n<p>\u0408edan demonstrant uboden je no\u017eem u nogu, a zbog toga je uhap\u0161en 47-godi\u0161nji mu\u0161karac.<\/p>\n<p>Prema posljednjim informacijama koje ima RTS, zbog nereda je privedeno najmanje 70 demonstranata.<\/p>\n<p>Oni su fla\u0161ama, kamenicama i raznim drugim predmetima ga\u0111ali pripadnike policije, ali i lomili prozore i kamere na zgradi parlamenta.<\/p>\n<p>Protest u Beogradu je po\u010deo mirno, ali je grupa demonstranata isprovocirala nemire u vi\u0161e navrata. Prvi put oko 21.30 kada su probili za\u0161titnu ogradu ispred Skup\u0161tine u namjeri da u nju u\u0111u. Pripadnici policije su ih u tome sprije\u010dili.<\/p>\n<p>Uslijedilo je zati\u0161je do 23.00, kada su demonstranti policiju i Skup\u0161tinu zasuli kamenicama, bakljama, petardama, topovskim udarima.<\/p>\n<p>Policija ih je potisnula ka Pionirkom parku, Trgu Nikole Pa\u0161i\u0107a i Bulevaru kralja Aleksandra, gdje su se nastavili nemiri i incidenti.<\/p>\n<p>Ispaljene su velike koli\u010dine suzavca, a situacija se smirila ne\u0161to poslije pono\u0107i.<\/p>\n<p>Skupu u Beogradu prisustvovali su gra\u0111ani razli\u010ditih orijentacija, od krajnje desni\u010darskih do ljevi\u010darskih, koji su se tokom ve\u010deri me\u0111usobno ko\u0161kali i prepirali.<\/p>\n<p>Najve\u0107i broj gra\u0111ana nije \u017eelio da u\u010destvuje u nemirima i uglavnom je mirno protestovao oko Skup\u0161tine i izrazio svoje nezadovoljstvo. Oni su pozivali i na okon\u010danje nasilja.<\/p>\n<p><a href=\"https:\/\/www.pcnen.com\/portal\/2020\/07\/10\/protest-u-novom-sadu-uzivo\/\">Napeta situacija bila je i u Novom Sadu.<\/a> Demonstranti su nakon okupljanja na Trgu slobode krenuli ka auto-putu za Beograd kako bi ga blokirali, ali ih je u tom sprije\u010dio kordon policije koji je zatvorio put Novi Sad \u2013 Zrenjanin i time onemogu\u0107io blokadu.<\/p>\n<p>Demonstranti su se zatim vratili u centar grada, gdje su na kratko blokirali Most slobode, a zatim nastavili miran protest.<\/p>\n<p><a href=\"https:\/\/www.pcnen.com\/portal\/2020\/07\/10\/poceli-protesti-u-vise-gradova-srbije-uzivo\/\">U vi\u0161e gradova Srbije,<\/a> izme\u0111u ostalih \u010ca\u010dku, U\u017eicu, Kraljevu, Kru\u0161evcu, odr\u017eani su mirni protesti. Gra\u0111ani su se okupljali na gradskim trgovima, zatim pro\u0161etali ulicama i razilazi\u0161li bez incidenata.<\/p>\n","protected":false},"excerpt":{"rendered":"<p>Na meti napada tokom protesta ispred Skup\u0161tine bile su i brojne novinarske ekipe.<\/p>\n","protected":false},"author":1,"featured_media":296308,"comment_status":"open","ping_status":"closed","sticky":false,"template":"","format":"standard","meta":{"_seopress_robots_primary_cat":"","_seopress_titles_title":"","_seopress_titles_desc":"","_seopress_robots_index":"","_et_pb_use_builder":"","_et_pb_old_content":"","_et_gb_content_width":"","inline_featured_image":false,"footnotes":""},"categories":[14],"tags":[],"class_list":["post-296547","post","type-post","status-publish","format-standard","has-post-thumbnail","hentry","category-vijesti"],"_links":{"self":[{"href":"https:\/\/www.pcnen.com\/portal\/wp-json\/wp\/v2\/posts\/296547","targetHints":{"allow":["GET"]}}],"collection":[{"href":"https:\/\/www.pcnen.com\/portal\/wp-json\/wp\/v2\/posts"}],"about":[{"href":"https:\/\/www.pcnen.com\/portal\/wp-json\/wp\/v2\/types\/post"}],"author":[{"embeddable":true,"href":"https:\/\/www.pcnen.com\/portal\/wp-json\/wp\/v2\/users\/1"}],"replies":[{"embeddable":true,"href":"https:\/\/www.pcnen.com\/portal\/wp-json\/wp\/v2\/comments?post=296547"}],"version-history":[{"count":2,"href":"https:\/\/www.pcnen.com\/portal\/wp-json\/wp\/v2\/posts\/296547\/revisions"}],"predecessor-version":[{"id":296549,"href":"https:\/\/www.pcnen.com\/portal\/wp-json\/wp\/v2\/posts\/296547\/revisions\/296549"}],"wp:featuredmedia":[{"embeddable":true,"href":"https:\/\/www.pcnen.com\/portal\/wp-json\/wp\/v2\/media\/296308"}],"wp:attachment":[{"href":"https:\/\/www.pcnen.com\/portal\/wp-json\/wp\/v2\/media?parent=296547"}],"wp:term":[{"taxonomy":"category","embeddable":true,"href":"https:\/\/www.pcnen.com\/portal\/wp-json\/wp\/v2\/categories?post=296547"},{"taxonomy":"post_tag","embeddable":true,"href":"https:\/\/www.pcnen.com\/portal\/wp-json\/wp\/v2\/tags?post=296547"}],"curies":[{"name":"wp","href":"https:\/\/api.w.org\/{rel}","templated":true}]}}