{"id":296512,"date":"2020-07-10T19:27:21","date_gmt":"2020-07-10T17:27:21","guid":{"rendered":"https:\/\/www.pcnen.com\/portal\/?p=296512"},"modified":"2020-07-10T20:12:19","modified_gmt":"2020-07-10T18:12:19","slug":"poceli-protesti-u-vise-gradova-srbije-uzivo","status":"publish","type":"post","link":"https:\/\/www.pcnen.com\/portal\/2020\/07\/10\/poceli-protesti-u-vise-gradova-srbije-uzivo\/","title":{"rendered":"Po\u010deli protesti u vi\u0161e gradova Srbije (u\u017eivo)"},"content":{"rendered":"<p>U gradovima \u0161irom Srbije \u010detvrti dan zaredom po\u010deli su protesti. Gra\u0111ani se okupljaju u Beogradu, Novom Sadu, Ni\u0161u, Leskovcu, Pirotu i Vranju nezadovoljni aktuelnom politi\u010dkom i epidemiolo\u0161kom situacijom u zemlji.<\/p>\n<p>Prva dva dana protesta obilje\u017eili su sukobi demonstranata sa policijom, dok je ju\u010de primijenjena nova taktika &#8211; sjedenja na ulicama i trotoarima.<\/p>\n<p>https:\/\/www.facebook.com\/nova.rs.officialpage\/videos\/606978566592400\/<\/p>\n","protected":false},"excerpt":{"rendered":"<p>Prva dva dana protesta obilje\u017eili su sukobi demonstranata sa policijom, dok je ju\u010de primijenjena nova taktika &#8211; sjedenja na ulicama i trotoarima. \u00a0<\/p>\n","protected":false},"author":1,"featured_media":296278,"comment_status":"open","ping_status":"closed","sticky":false,"template":"","format":"standard","meta":{"_seopress_robots_primary_cat":"","_seopress_titles_title":"","_seopress_titles_desc":"","_seopress_robots_index":"","_et_pb_use_builder":"","_et_pb_old_content":"","_et_gb_content_width":"","inline_featured_image":false,"footnotes":""},"categories":[14],"tags":[],"class_list":["post-296512","post","type-post","status-publish","format-standard","has-post-thumbnail","hentry","category-vijesti"],"_links":{"self":[{"href":"https:\/\/www.pcnen.com\/portal\/wp-json\/wp\/v2\/posts\/296512","targetHints":{"allow":["GET"]}}],"collection":[{"href":"https:\/\/www.pcnen.com\/portal\/wp-json\/wp\/v2\/posts"}],"about":[{"href":"https:\/\/www.pcnen.com\/portal\/wp-json\/wp\/v2\/types\/post"}],"author":[{"embeddable":true,"href":"https:\/\/www.pcnen.com\/portal\/wp-json\/wp\/v2\/users\/1"}],"replies":[{"embeddable":true,"href":"https:\/\/www.pcnen.com\/portal\/wp-json\/wp\/v2\/comments?post=296512"}],"version-history":[{"count":3,"href":"https:\/\/www.pcnen.com\/portal\/wp-json\/wp\/v2\/posts\/296512\/revisions"}],"predecessor-version":[{"id":296515,"href":"https:\/\/www.pcnen.com\/portal\/wp-json\/wp\/v2\/posts\/296512\/revisions\/296515"}],"wp:featuredmedia":[{"embeddable":true,"href":"https:\/\/www.pcnen.com\/portal\/wp-json\/wp\/v2\/media\/296278"}],"wp:attachment":[{"href":"https:\/\/www.pcnen.com\/portal\/wp-json\/wp\/v2\/media?parent=296512"}],"wp:term":[{"taxonomy":"category","embeddable":true,"href":"https:\/\/www.pcnen.com\/portal\/wp-json\/wp\/v2\/categories?post=296512"},{"taxonomy":"post_tag","embeddable":true,"href":"https:\/\/www.pcnen.com\/portal\/wp-json\/wp\/v2\/tags?post=296512"}],"curies":[{"name":"wp","href":"https:\/\/api.w.org\/{rel}","templated":true}]}}